{"id":39898,"date":"2021-08-05T09:47:17","date_gmt":"2021-08-05T07:47:17","guid":{"rendered":"https:\/\/www.die-stadtzeitung.de\/?p=39898"},"modified":"2022-01-20T17:01:02","modified_gmt":"2022-01-20T16:01:02","slug":"jean-puetz-methanol-koennte-viele-klima-probleme-loesen","status":"publish","type":"post","link":"https:\/\/www.die-stadtzeitung.de\/index.php\/2021\/08\/05\/jean-puetz-methanol-koennte-viele-klima-probleme-loesen\/","title":{"rendered":"Jean P\u00fctz: &#8222;Methanol k\u00f6nnte viele Klima-Probleme l\u00f6sen&#8220;"},"content":{"rendered":"<div id=\"attachment_45205\" class=\"wp-caption alignnone\" style=\"max-width: 1034px;\"><img loading=\"lazy\" decoding=\"async\" class=\"size-large wp-image-45205\" src=\"\/wp-content\/uploads\/2021\/08\/DSC03935-1024x720.jpg\" alt=\"\" width=\"1024\" height=\"720\" \/><span class=\"wp-caption-text\">Quicklebendig und klug: Jean P\u00fctz &#8211; \u00a9 Susanne Bellenbaum<\/span><\/div>\n<p>Von der Mattscheibe hat er ich l\u00e4ngst zur\u00fcckgezogen. Doch auch mit 84 Jahren denkt der &#8222;schlaue Kopf&#8220; nicht an Ruhestand. Er steht er noch mitten im Leben und verfolgt kritisch, was die Politik zum Thema Klimawandel zu sagen hat und wie sie die anstehenden Probleme l\u00f6sen will.<\/p>\n<p>Mit einem offenen Brief und einem Konzept wendet er sich jetzt an die \u00d6ffentlichkeit. Machen Sie sich selbst ein Bild, entscheiden Sie selbst, ob Sie den Weg, den Jean P\u00fctz vorschl\u00e4gt, f\u00fcr gangbar halten.<span class=\"Apple-converted-space\">\u00a0<\/span><\/p>\n<h4>Hier der offene Brief von Wissenschafts-Journalist Jean P\u00fctz:<\/h4>\n<p>&#8222;Liebe Freunde, w\u00e4rmstens m\u00f6chte ich Ihnen empfehlen, das anliegende Konzept<span class=\"Apple-converted-space\">\u00a0 <\/span>zu lesen. Dort habe ich ein revolution\u00e4res Konzept entwickelt, welches auf mittlerer Sicht hilft, das Weltklima zu retten, ohne Millionen und Abermillionen staatlicher Subventionen in \u00c4nderungen der Infrastruktur investieren zu m\u00fcssen.<span class=\"Apple-converted-space\">\u00a0<\/span><\/p>\n<p>Diese stehen nach Corona sowieso nicht zur Verf\u00fcgung, sonst heizen sie eine unbeherrschbare Inflation an, die auch durch den kleinen Sparer betr\u00fcgende 0-Zins-Politik nicht verhindert werden kann.\u00a0<span class=\"Apple-converted-space\">\u00a0<\/span><\/p>\n<p>Technologie-Verbote werden unn\u00f6tig und erm\u00f6glichen, alle fossilen Energietr\u00e4ger auf l\u00e4ngere Sicht zu ersetzen. Obwohl bisher schon Milliarden Gelder in Deutschland in die Klimarettung investiert wurden, was sich in unn\u00f6tigen Gesetzen und Verordnungen niedergeschlagen hat, bleiben das Wunschtr\u00e4ume der Gr\u00fcn-Ideologen, die in eine Sackgasse f\u00fchren und Deutschland ruinieren werden.<\/p>\n<p>Dazu habe ich ein in sich stringentes Konzept entwickelt, welches das verhindern hilft. Damit Sie mich nicht als Gro\u00dfmaul abstempeln, hier eine Erkl\u00e4rung, warum ich diese Methode f\u00fcr erfolgreich halte &#8211; \u00fcbrigens abgestimmt mit vielen unabh\u00e4ngigen Fachleuten.<\/p>\n<p>Im Spezialisten-Wissen unserer Zeit fehlt oft die Sicht auf viele Zusammenh\u00e4nge, die bei dem Rettungsversuch unbedingt ber\u00fccksichtig werden m\u00fcssen. Mondschl\u00f6sser f\u00fchren nicht zum Ziel, auch nicht die Hilfe von Beratern aus Wissenschaft und Instituten, die sich durch staatliche F\u00f6rderung zum Political Correctness verpflichtet f\u00fchlen.<span class=\"Apple-converted-space\">\u00a0<\/span><\/p>\n<p>Opponierende Wissenschaftler und Techniker werden einfach totgeschwiegen oder in die Schublade &#8218;rechtslastig&#8216; gesteckt, wenn sie \u00fcberhaupt die Chance haben, zu Worte zu kommen.<\/p>\n<p>Diese Tatsache ist nicht\u00a0 zu leugnen, dazu kann ich etliche Beweise auff\u00fchren.<\/p>\n<div id=\"attachment_28165\" class=\"wp-caption alignnone\" style=\"max-width: 908px;\"><img loading=\"lazy\" decoding=\"async\" class=\" wp-image-28165\" src=\"\/wp-content\/uploads\/2020\/04\/2a0df837c7185916fff8b099dd4d07b4.jpg\" alt=\"\" width=\"898\" height=\"545\" \/><span class=\"wp-caption-text\">Jean P\u00fctz wendet sich regelm\u00e4ssig mit seinem Podcast &#8222;Der Vernunft eine Chance&#8220; auf Facebook an seine Follower \u2013 \u00a9 Foto: Dr. Susanne Bellenbaum<\/span><\/div>\n<p>Warum ich mich \u00fcberhaupt an diese Themen wage, liegt daran, dass ich mich vom Elektro-Mechaniker in einem Luxemburger Eisenh\u00fcttenwerk mit Sonderbegabten-Pr\u00fcfung an der Staatliche Ingenieurschule in K\u00f6ln zum Dipl. Ingenueur f\u00fcr elektrische Energie- und Nachrichten-Technik habe ausbilden lassen.<span class=\"Apple-converted-space\">\u00a0<\/span><\/p>\n<p>Sp\u00e4ter studierte ich Physik und Mathematik an der Universit\u00e4t zu K\u00f6ln f\u00fcr das h\u00f6here Lehramt mit 1. und 2. Staatsexamen und wurde wegen besonderer Leistungen schon zwei Jahre danach zum Oberstudienrat ernannt.<span class=\"Apple-converted-space\">\u00a0<\/span><\/p>\n<p>Parallel dazu studierte ich acht Jahre lang von 1960-1968, ebenfalls an der Universit\u00e4t zu K\u00f6ln in der WISO-Fakult\u00e4t, mit allem Drum und Dran, aber mit Schwerpunkt empirische Soziologie bei Ren\u00e9 K\u00f6nig und Erwin K. Scheuch.<\/p>\n<p>1970 berief mich der WDR, die Redaktion Naturwissenschaft und Technik zu gr\u00fcnden, die ich zu einer Redaktionsgruppe f\u00fchrte, deren Leiter ich 30 Jahre lang war.<span class=\"Apple-converted-space\">\u00a0<\/span><\/p>\n<p>Das hei\u00dft, auch das Metier des Wissenschaftsjournalisten &#8211; wenngleich als Quereinsteiger &#8211; habe ich von der Pieke auf gelernt. Von Freunden &#8211; auch aus der Politik &#8211; erfuhr ich, dass man mich immer noch wegen meiner erfolgreichen &#8218;Hobbythek&#8216; als Bastelonkel ansieht, obwohl diese Sendereihe f\u00fcr mich nur ein &#8218;trojanisches Steckenpferd&#8216; bedeutete, um die Notwendigkeit \u00fcber Wissenschaft und Technik auch an bildungsarme Bev\u00f6lkerungskreise heranzuf\u00fchren.<span class=\"Apple-converted-space\">\u00a0<\/span><\/p>\n<p>Dass aber Wissenschaft und Technik mein Ziel waren, kann jeder aus den tausenden von Themen ersehen, die ich im Schwerpunkt &#8211; teils mit vision\u00e4ren Ergebnissen &#8211; oft 20 Jahre im Voraus verantwortlich produziert habe.<\/p>\n<p>Als ich mit 68 Jahren vom WDR pensioniert wurde, erkannte ich, dass ich weiterhin Verantwortung \u00fcbernehmen musste, weil viele Widerspr\u00fcche in der Politik, die von der Technologie gepr\u00e4gt sind, eine Antwort erforderten.<span class=\"Apple-converted-space\">\u00a0<\/span><\/p>\n<p>Meine &#8211; heutzutage so bezeichneten &#8211; als &#8218;weiser, alter Mann&#8216; gesammelten Erkenntnisse und Erfahrungen, habe ich zu einem Klimarettungs-Konzept entwickelt, welches viele Probleme unserer Zeit, inkl. Armuts-Migration aus L\u00e4ndern der 3. Welt, zusammenfasst.<span class=\"Apple-converted-space\">\u00a0<\/span><\/p>\n<p>Es baut nicht auf Wolkenkuckucksheimen auf und ber\u00fccksichtigt den heutigen Stand der Technologie, aufbauend auf ehernen naturwissenschaftlichen Gesetzen. Die Schwerkraft und die Gesetze der Energie k\u00f6nnen auch nicht abgeschafft werden, nur weil emotional ausgerichtete Populisten darauf hoffen und dies dem B\u00fcrger vorenthalten.<\/p>\n<p>Dass es trotzdem f\u00fcr alle neuralgischen in der Diskussion befindlichen Aspekte Alternativen gibt, will ich mit meinem Beitrag unter dem Titel: &#8222;Katastrophen, Seuchen, Klimawandel, B\u00fcrgerkriege: stehen Deutschland und Europa vor biblisch mageren Jahren?&#8220; beweisen.<\/p>\n<p>Die Hoffnung stirbt zuletzt<\/p>\n<p><b>Ihr Jean P\u00fctz<\/b><\/p>\n<div id=\"attachment_27044\" class=\"wp-caption alignnone\" style=\"max-width: 905px;\"><img loading=\"lazy\" decoding=\"async\" class=\" wp-image-27044\" src=\"\/wp-content\/uploads\/2017\/09\/6c04e2131d620d7121529eaf6d69bb9c.jpeg\" alt=\"\" width=\"895\" height=\"581\" \/><span class=\"wp-caption-text\">Jean P\u00fctz mit seiner Ehefrau Pina Coluccia &#8211; \u00a9 Susanne Bellenbaum<\/span><\/div>\n<p>&nbsp;<\/p>\n<h2>Katastrophen, Seuchen, Klimawandel, B\u00fcrgerkriege:<span class=\"Apple-converted-space\">\u00a0<\/span><\/h2>\n<h2>Stehen Deutschland und Europa vor biblisch mageren Jahren?<span class=\"Apple-converted-space\">\u00a0<\/span><\/h2>\n<h4>Von Jean P\u00fctz<\/h4>\n<p>Jedenfalls die fetten Jahre nach dem Zweiten Weltkrieg, mit dem als selbstverst\u00e4ndlich empfundenen Wohlstand, sind vorbei, aber auch die Gedankenlosigkeit, mit der Nebenwirkungen und Risiken dieses steten Wachstums unterdr\u00fcckt wurden.<span class=\"Apple-converted-space\">\u00a0<\/span><\/p>\n<p>Gibt es \u00fcberhaupt eine M\u00f6glichkeit, den Niedergang zu verhindern? Die Hoffnung stirbt zuletzt.<span class=\"Apple-converted-space\">\u00a0<\/span><\/p>\n<p>Die menschliche Kreativit\u00e4t hat schon so manche historische Krise \u00fcberwinden helfen. Es gab immer einzelne Individuen oder Kollektive, die aus der Masse herausragten, L\u00f6sungen fanden und halfen, langfristig aus der Misere heraus zu f\u00fchren.<span class=\"Apple-converted-space\">\u00a0<\/span><\/p>\n<p>Heute, in der Demokratie, obliegt die Durchsetzung dieser Ideen u. a. auch der Politik und der Wissenschaft. Aber bedeutet das nicht strukturell eine \u00dcberforderung?<span class=\"Apple-converted-space\">\u00a0<\/span><\/p>\n<p>In Zeiten des Populismus wird das immer schwieriger. Die Volksmeinung ist mittlerweile so zu manipulieren, dass naive und nicht zielf\u00fchrende Ma\u00dfnahmen und Gesetze im Land der Wunschtr\u00e4ume zerfleddern.<span class=\"Apple-converted-space\">\u00a0<\/span><\/p>\n<p>Trotzdem werden Abermilliarden Euro an staatlichen Subventionen in Technologien gepumpt, die sich manchem technisch und naturwissenschaftlich Fachkundigen die Haare str\u00e4uben lassen.<span class=\"Apple-converted-space\">\u00a0<\/span><\/p>\n<p>Zum Beispiel: Allen Ernstes gilt ein schwergewichtiges Elektroauto als klimarettend, weil dem gl\u00e4ubigen B\u00fcrger klargemacht wird, dass hinten nichts aus dem Auto rauskommt.<span class=\"Apple-converted-space\">\u00a0<\/span><\/p>\n<p>Die mangelnde Praktikabilit\u00e4t dieses extrem teuren Vehikels wird dem K\u00e4ufer durch 9.000,00 Euro erst schmackhaft gemacht, aber es sind nur die Reichen mit Eigenheim, die sich ein Zweit- oder Drittauto leisten k\u00f6nnen und gleichzeitig ihren SUV weiterfahren.<span class=\"Apple-converted-space\">\u00a0<\/span><\/p>\n<p>Dieser Irrsinn wird dann auch als zukunftsweisend verkauft, obwohl es die in der Welt f\u00fchrende deutsche Automobil-Industrie ruinieren wird. Alternativen, z. B. das preiswerte HyperHybrid-Auto mit der gleichen Elektromobilit\u00e4t, werden von vornherein verworfen, obwohl Prototypen belegen, dass deren \u00d6kobilanz dreifach besser ist.<span class=\"Apple-converted-space\">\u00a0<\/span><\/p>\n<p>Gleiches gilt f\u00fcr den Irrglauben, die in Deutschland gewonnene regenerative elektrische Energie aus Sonne und Wind k\u00f6nne demn\u00e4chst den enormen Energie-Bedarf einer modernen Gesellschaft befriedigen.<span class=\"Apple-converted-space\">\u00a0<\/span><\/p>\n<p>Sogar das verh\u00e4ltnism\u00e4\u00dfig wenig CO2-produzierende Erdgas, welches vor allen Dingen in unseren Geb\u00e4uden f\u00fcr W\u00e4rme und K\u00fchlung sorgt, soll bis 2030 abgeschafft werden. Eine Revolution der Energieverwendung wird von Gr\u00fcn-Ideologen, auf die auch die Regierung hereingefallen ist, gefordert, gegen jegliche Vernunft von Technikern und Wissenschaftlern, die nicht durch staatliche Projekte gef\u00f6rdert sind.<span class=\"Apple-converted-space\">\u00a0<\/span><\/p>\n<p>Das alles in einer Zeit, in der durch die Corona-Pandemie in allen L\u00e4ndern dieses Globus die Kassen leer sind. Die nach allen Regeln der Finanzwissenschaft entstehende Inflation wird stillschweigend in Kauf genommen, weil die Folgen sowieso erst in zuk\u00fcnftigen Legislaturperioden zutage treten.<span class=\"Apple-converted-space\">\u00a0<\/span><\/p>\n<p>Bundesbank und Europ\u00e4ische Central-Bank werden durch extrem niedrige Zinsen daf\u00fcr sorgen, dass diese Gesetzm\u00e4\u00dfigkeit der darauf folgenden schleichenden Entwertung des Geldes nicht zu fr\u00fch zum Vorschein kommt.<span class=\"Apple-converted-space\">\u00a0<\/span><\/p>\n<p>Dabei wird v\u00f6llig das Elend in der 3. Welt vergessen. Jedes Land kocht sein eigenes nationalistisches S\u00fcppchen. Was ich nicht ber\u00fccksichtigt habe ist, dass sich in den internationalen Verhandlungen China das Privileg \u201aEntwicklungsland\u2018 immer noch aneignen kann, aber im Begriffe ist, uns in jeglicher Hinsicht den Rang abzulaufen. Auch das ist eine gro\u00dfe Gefahr f\u00fcr unseren Wohlstand.<span class=\"Apple-converted-space\">\u00a0<\/span><\/p>\n<p>Dass sich Klimarettung und Entwicklungshilfe nicht ausschlie\u00dfen, sondern im Gegenteil, sich in einer Win-Win-Situation erg\u00e4nzen, daf\u00fcr haben deutsche Forschungsinstitute die technischen Voraussetzungen geschaffen.<span class=\"Apple-converted-space\">\u00a0<\/span><\/p>\n<p>Kein Zweifel, gr\u00fcner Wasserstoff, produziert mit Fotovoltaik auf der Basis von modernen, siliziumfreien Perowskit-Paneelen, die extrem preiswert produziert werden k\u00f6nnen, erm\u00f6glichen die Massenherstellung von Solar-Strom, der fast nichts mehr kostet.<span class=\"Apple-converted-space\">\u00a0<\/span><\/p>\n<p>Wenn diese Brachland bedeckenden Stromsammler in sonnendurchfluteten Entwicklungsl\u00e4ndern auf tausenden von Quadratkilometern errichtet werden, dann k\u00f6nnen sie die Energieprobleme der Welt l\u00f6sen.<span class=\"Apple-converted-space\">\u00a0<\/span><\/p>\n<p>Aber damit nicht genug. Der eigentlich unpraktikable Wasserstoff kann in dort ans\u00e4ssigen riesigen Fabriken in regeneratives Methanol verwandelt werden. Interessanter Weise spielt dann recyceltes Kohlendioxid als Wert- und wichtiger Rohstoff eine Rolle.<span class=\"Apple-converted-space\">\u00a0<\/span><\/p>\n<p>Dieses garantiert regenerative Methanol kann alle bisher verwendeten fossilen Energien wie Braunkohle, Steinkohle, Erd\u00f6l und sp\u00e4ter sogar Erdgas ersetzen. Alle Raffinerien und Erd\u00f6lf\u00f6rderquellen werden \u00fcberfl\u00fcssig.<\/p>\n<p>Dieser das Klima nicht mehr belastende Rohstoff, kann als Basis-Energie einfach in der ganzen Welt in herk\u00f6mmlichen Tanklastern und Tankschiffen oder in vorhandenen Erd\u00f6lpipelines verteilt werden, ohne dass Milliarden Dollar in die Infrastruktur gesteckt werden m\u00fcssen. Alles das ist ja bereits vorhanden.<span class=\"Apple-converted-space\">\u00a0<\/span><\/p>\n<p>Sogar als regenerativer Treibstoff kann es anstelle von Benzin, Diesel oder Kerosin f\u00fcr Verbrennungsmotoren und Turbinen ohne chemische Raffinierung direkt verwendet werden.<span class=\"Apple-converted-space\">\u00a0<\/span><\/p>\n<p>Das billionenfach bew\u00e4hrte Konstruktionsprinzip bleibt erhalten und erfordert keine Revolution. Hinzu kommt, dass Methanol durch seine hohe Klopffestigkeit Wirkungsgrade erzeugt, die selbst sogar den Dieselmotor ebenso wie die gepriesene, sich noch in der Entwicklung befindende Brennstoffzelle in den Schatten stellt.<span class=\"Apple-converted-space\">\u00a0<\/span><\/p>\n<p>Dadurch erh\u00e4lt die 100-j\u00e4hrige Entwicklung der Verbrennungsmotoren in Deutschland eine Rehabilitation.<span class=\"Apple-converted-space\">\u00a0<\/span><\/p>\n<p>Methanol kann wie gehabt in herk\u00f6mmlichen Tankstellen ohne \u00c4nderung der Zapfs\u00e4ulen verteilt werden. Auch die zuk\u00fcnftig modernen Klimaanlagen f\u00fcr unsere Geb\u00e4ude lassen sich ohne wesentliche \u00c4nderungen in die Infrastruktur mit Methanol versorgen.<span class=\"Apple-converted-space\">\u00a0<\/span><\/p>\n<p>Selbst weiterhin notwendige Kraftwerke zur Elektrizit\u00e4tserzeugung lassen sich in Zukunft damit CO2-neutral betreiben.<span class=\"Apple-converted-space\">\u00a0<\/span><\/p>\n<p>\u00dcbrigens, bisher wei\u00df noch niemand, wie die Versorgung mit elektrischem Strom f\u00fcr Deutschland sichergestellt werden kann. Es fehlen ganz einfach die Stromspeicher f\u00fcr Milliarden von Terawatt-Stunden, wenn Sonne und Wind l\u00e4ngere Zeit streiken.<span class=\"Apple-converted-space\">\u00a0<\/span><\/p>\n<p>Aber selbst f\u00fcr die Nachtversorgung reichen herk\u00f6mmliche Pumpspeicherwerke nicht aus, es sei denn, im internationalen Verbund wird auf Kernstrom aus Frankreich oder Kohlestrom, produziert in osteurop\u00e4ischen Kraftwerken, zur\u00fcckgegriffen.<span class=\"Apple-converted-space\">\u00a0<\/span><\/p>\n<p>Die Moral von der Geschicht\u2018: Es ist dringend notwendig, das naive gr\u00fcn-\u00f6kologische Wunschdenken zu \u00fcberwinden. Nur so l\u00e4sst sich klimaneutrales, volkswirtschaftliches Wachstum erzeugen, Arbeitspl\u00e4tze erhalten und unseren zuk\u00fcnftigen Wohlstand sichern, ohne dass b\u00fcrgerkriegs-\u00e4hnliche Zust\u00e4nde entstehen, und gleichzeitig die Armut in der 3. Welt bek\u00e4mpfen \u2013 Auge in Auge mit den Industriestaaten.<span class=\"Apple-converted-space\">\u00a0<\/span><\/p>\n<p>\u00dcberall dort, wo Energie zur Verf\u00fcgung war, entstanden in der Geschichte Industrien, die die Besch\u00e4ftigung der Bev\u00f6lkerung schufen.<\/p>\n<p>\u00dcbrigens, von Wasserstoff zu Methanol ist jetzt noch einfacher durch eine Erfindung aus Livermore\/Stanford, die mit Hilfe des 3D-Drucks den Reaktor, der f\u00fcr den\u00a0 Umwandlungsprozess von Wasserstoff zu Methanol mit Solarenergie notwendig ist, also rein regenerativ, optimirt haben.<\/p>\n<p>Dazu der folgende Auszug aus der Ver\u00f6ffentlichung der Stanford University:<\/p>\n<h4>Fokus auf inneres Design<\/h4>\n<p>&#8222;Die Herstellung von Chemierohstoffen und Treibstoffen aus CO2 und &#8222;gr\u00fcnem&#8220; Wasserstoff ist eine wichtige Option f\u00fcr die Verhinderung einer Klimakatastrophe. Bei diesem Wettlauf wollte Jeremy Feaster ebensowenig mitmachen wie seine Forschungspartner an der Stanford University\u00a0<a href=\"http:\/\/stanford.edu\/\" target=\"_blank\" rel=\"nofollow noopener\">http:\/\/stanford.edu<\/a>\u00a0und der \u00d6l- und Gasproduzent Total Energies.<\/p>\n<p>Das Team konzentrierte sich auf etwas anderes, das bisher kaum Beachtung gefunden hat: das Design des Reaktorinnenraums. Dies ist, wie die Forscher mittlerweile wissen, ebenso wichtig f\u00fcr die Verbesserung des Prozesses wie der Katalysator. &#8222;Unsere Vision ist es, die besten Katalysatoren, die in der Grundlagenforschung entwickelt wurden, zu nehmen und Reaktoren so zu gestalten, dass sie diese Katalysatoren optimal nutzen&#8220;, so Co-Autorin Sarah Baker, die auch die LLNL-Arbeitsgruppe leitet, die neue Materialien f\u00fcr die Energieumwandlung und den Klimaschutz entwickelt.&#8220;<\/p>\n<h4>Schnelles Handeln f\u00fcrs Klima<\/h4>\n<p>&#8222;Die Forscher haben unz\u00e4hlige Male das Innen-Design der Reaktoren ver\u00e4ndert. Innerhalb von Stunden lie\u00dfen sie sich mit dem 3D-Drucker herstellen, sodass sie umgehend getestet werden konnten. Gab es Fortschritte, modifizierten sie den Innenraum erneut, um schlie\u00dflich ein Optimum zu erreichen.<\/p>\n<p>&#8222;Wir alle wissen, dass das Klima schnelles Handeln erfordert und es oberste Priorit\u00e4t hat, diese Maschinen auf die volle Gr\u00f6\u00dfe zu bringen&#8220;, sagt Roger Aines, Chefwissenschaftler am LLNL. &#8222;Der 3D-Druck gibt uns eine echte Chance, die Zeit bis zur kommerziellen Anwendung drastisch zu verk\u00fcrzen.&#8220; Um gro\u00dfe Produktmengen zu erzielen, wollen die Forscher viele davon zu einem k\u00fchlschrankgro\u00dfen Ger\u00e4t kombinieren. Eine andere M\u00f6glichkeit: der Bau gr\u00f6\u00dferer Reaktoren mit herk\u00f6mmlicher Technik, aber dem gleichen Innenraum-Design.&#8220;<\/p>\n<div class=\"emitterTable\">\n<div class=\"col-xs-12 col-lg-4 prnt_em_logo\">Diese Meldung best\u00e4tigt die Tatsache, dass sich nicht nur Deutschland mit der Umwandlung von Wasserstoff zu Methanol besch\u00e4ftigt.<\/div>\n<\/div>\n<p><strong>Ihr Jean P\u00fctz<\/strong><\/p>\n<h4>Wenn Sie mehr wissen wollen, klicken Sie auf folgenden Link<span class=\"Apple-converted-space\">\u00a0<\/span><\/h4>\n<p><a href=\"https:\/\/m.facebook.com\/story.php?story_fbid=319622569530518&amp;id=100044483317412\">https:\/\/m.facebook.com\/story.php?story_fbid=319622569530518&amp;id=100044483317412<\/a><\/p>\n<p>Weitere Themen finden Sie durch scrollen auf meiner offiziellen Facebook-Seite, u. a. die Alternative zum reinen Elektroauto, Elektromobilit\u00e4t mit HyperHybrid. Auch bei Google finden Sie dar\u00fcber viele Eintr\u00e4ge<span class=\"Apple-converted-space\">\u00a0<\/span><\/p>\n<p><strong>Folge 207 Der Vernunft eine Chance<span class=\"Apple-converted-space\">\u00a0<\/span><\/strong><\/p>\n<p>Wenn Sie sich jetzt noch die Zeit nehmen, meinen sehr erfolgreichen Facebook-Beitrag mit meiner freien Moderation und einer Reichweite von \u00fcber 70.000, mit mehr als 11.000 Interaktionen inkl. interessanter schriftlicher Kommentare im Original lesen und h\u00f6ren wollen, dann klicken Sie auf:<span class=\"Apple-converted-space\">\u00a0<\/span><\/p>\n<p>a) wenn Sie Facebook-Zugang haben<span class=\"Apple-converted-space\">\u00a0<\/span><\/p>\n<p><a href=\"https:\/\/m.facebook.com\/story.php?story_fbid=361128518713256&amp;id=100044483317412\">https:\/\/m.facebook.com\/story.php?story_fbid=361128518713256&amp;id=100044483317412<\/a><\/p>\n<p>b) wenn Sie keinen Facebook-Zugang haben, hier \u00fcber meine offizielle Homepage:<span class=\"Apple-converted-space\">\u00a0<\/span><\/p>\n<p><a href=\"https:\/\/jean-puetz.net\/katastrophen-seuchen-klimawandel-buergerkriege-stehen- deutschland-und-europa-vor-biblisch-mageren-jahren\">https:\/\/jean-puetz.net\/katastrophen-seuchen-klimawandel-buergerkriege-stehen- deutschland-und-europa-vor-biblisch-mageren-jahren<\/a><\/p>\n","protected":false},"excerpt":{"rendered":"<p>Er hat Fernsehgeschichte geschrieben, der bekannte Wissenschafts-Journalist Jean P\u00fctz aus Velbert. Im WDR moderierte er viele Jahre lang in unnachahmlicher Art die Erfolgs-Sendung &#8222;Hobbythek&#8220;. Kult-Charakter hatte sein ber\u00fchmte Satz: &#8222;Ich habe da mal was vorbereitet&#8220;.<\/p>\n","protected":false},"author":7,"featured_media":0,"comment_status":"open","ping_status":"closed","sticky":false,"template":"","format":"standard","meta":{"footnotes":""},"categories":[19],"tags":[],"class_list":["post-39898","post","type-post","status-publish","format-standard","hentry","category-weitblick"],"publishpress_future_action":{"enabled":false,"date":"2026-05-06 01:03:01","action":"change-status","newStatus":"draft","terms":[],"taxonomy":"category","extraData":[]},"publishpress_future_workflow_manual_trigger":{"enabledWorkflows":[]},"_links":{"self":[{"href":"https:\/\/www.die-stadtzeitung.de\/index.php\/wp-json\/wp\/v2\/posts\/39898","targetHints":{"allow":["GET"]}}],"collection":[{"href":"https:\/\/www.die-stadtzeitung.de\/index.php\/wp-json\/wp\/v2\/posts"}],"about":[{"href":"https:\/\/www.die-stadtzeitung.de\/index.php\/wp-json\/wp\/v2\/types\/post"}],"author":[{"embeddable":true,"href":"https:\/\/www.die-stadtzeitung.de\/index.php\/wp-json\/wp\/v2\/users\/7"}],"replies":[{"embeddable":true,"href":"https:\/\/www.die-stadtzeitung.de\/index.php\/wp-json\/wp\/v2\/comments?post=39898"}],"version-history":[{"count":9,"href":"https:\/\/www.die-stadtzeitung.de\/index.php\/wp-json\/wp\/v2\/posts\/39898\/revisions"}],"predecessor-version":[{"id":45206,"href":"https:\/\/www.die-stadtzeitung.de\/index.php\/wp-json\/wp\/v2\/posts\/39898\/revisions\/45206"}],"wp:attachment":[{"href":"https:\/\/www.die-stadtzeitung.de\/index.php\/wp-json\/wp\/v2\/media?parent=39898"}],"wp:term":[{"taxonomy":"category","embeddable":true,"href":"https:\/\/www.die-stadtzeitung.de\/index.php\/wp-json\/wp\/v2\/categories?post=39898"},{"taxonomy":"post_tag","embeddable":true,"href":"https:\/\/www.die-stadtzeitung.de\/index.php\/wp-json\/wp\/v2\/tags?post=39898"}],"curies":[{"name":"wp","href":"https:\/\/api.w.org\/{rel}","templated":true}]}}