{"id":39892,"date":"2021-08-03T17:21:50","date_gmt":"2021-08-03T15:21:50","guid":{"rendered":"https:\/\/www.die-stadtzeitung.de\/?p=39892"},"modified":"2021-08-03T17:21:50","modified_gmt":"2021-08-03T15:21:50","slug":"die-boerse-hat-jede-menge-kultur-aktien-zu-bieten","status":"publish","type":"post","link":"https:\/\/www.die-stadtzeitung.de\/index.php\/2021\/08\/03\/die-boerse-hat-jede-menge-kultur-aktien-zu-bieten\/","title":{"rendered":"&#8222;die b\u00f6rse&#8220; hat jede Menge Kultur-Aktien zu bieten"},"content":{"rendered":"<div id=\"attachment_39895\" class=\"wp-caption alignnone\" style=\"max-width: 1034px;\"><img loading=\"lazy\" decoding=\"async\" class=\"size-large wp-image-39895\" src=\"\/wp-content\/uploads\/2021\/08\/Uncle-Ho_Copyright_Uncle-Ho-2-1024x619.jpg\" alt=\"\" width=\"1024\" height=\"619\" \/><span class=\"wp-caption-text\">Rocken die Freilichtb\u00fchne auf der Hardt: &#8222;Uccle Ho&#8220; &#8211; \u00a9 Uncle Ho<\/span><\/div>\n<p>Den DJ-Biergarten bespielen unter anderem Felix und Krischan am Freitag (06.08.) und Ditch am Freitag (13.08.).<span class=\"Apple-converted-space\">\u00a0<\/span><\/p>\n<p>Am Donnerstag, (19.08.) folgt das Konzert von Nordlicht Bernd Begemann, und am Freitag, (20.08.) das von Stella Sommer \u2013 diesmal ohne ihr Bandprojekt \u201eDie Heiterkeit\u201c.<\/p>\n<p>Choo Choo Panini beschw\u00f6ren am Samstag (21.08.) mit eleganter und hinrei\u00dfender Selbstverst\u00e4ndlichkeit Geist und Seele vergangener Musikepochen.<\/p>\n<p>Am Sonntag, (22.08.) sind die Multiinstrumentalisten Leo und N\u00b4golo (Golow) on Stage. Seit 2017 firmieren sie als &#8222;Duo Cupidon&#8220;, nachdem ihr Hit &#8222;Be the one &#8211; feat.UMI&#8220; bis nach Amerika Wellen schlug.<\/p>\n<p>Beim Konzertfr\u00fchling vom 12. bis 15. August auf der Waldb\u00fchne Hardt k\u00f6nnen sich Dans besonders auf &#8222;Uncle Ho&#8220; am Freitag (13.08.) freuen,<span class=\"Apple-converted-space\">\u00a0 <\/span>aber auch auf das Konzert von &#8222;Staubkind&#8220; am Samstag (14.08.).<\/p>\n<p>Soziokultur findet an der Schnittstelle von Kultur und Gesellschaft statt. \u201eSchnittStelle&#8220; hei\u00dft dementsprechend das neue Projekt &#8222;der b\u00f6rse&#8220;, in dem vom 06. bis 15. August nach Wegen und Formengeforscht wird, wie Menschen mit neuen Mitteln der Kunst auf gesellschaftliche Entwicklungen einwirken k\u00f6nnen.<span class=\"Apple-converted-space\">\u00a0<\/span><\/p>\n<p>Am Samstag (14.08.) gibt es ein \u00f6ffentliches Showing. Beim Barcamp vom 06.-08. August sind noch Online-Pl\u00e4tze frei &#8211; auch tageweise. Anmeldung und Info gibt es unter <a href=\"https:\/\/schnittstelle.dieboerse-wtal.de\/\">https:\/\/schnittstelle.dieboerse-wtal.de\/<\/a><\/p>\n<p>Der Menschenrechte-Chor pr\u00e4sentiert am Sonntag (29.08.) neue Songs, Raps, Spoken Words und Neuinterpretationen zu Themen wie Sexismus, Diskriminierung, Widerstand, Diversit\u00e4t, Missbrauch, Corona, Meinungs- und Religionsfreiheit.<\/p>\n<div id=\"attachment_39896\" class=\"wp-caption alignnone\" style=\"max-width: 1034px;\"><img loading=\"lazy\" decoding=\"async\" class=\"size-large wp-image-39896\" src=\"\/wp-content\/uploads\/2021\/08\/Choo-Choo-Panini_Foto_Kai-Freyer-1024x505.jpg\" alt=\"\" width=\"1024\" height=\"505\" \/><span class=\"wp-caption-text\">Choo Choo Panini &#8211; \u00a9 Kai Freyer<\/span><\/div>\n<p>Und noch einmal Golow. Der erfolgreiche Wuppertaler Produzent vermittelt erneut bei der Global Music Class am Sonntag (29.08.) sein Wissen.<span class=\"Apple-converted-space\">\u00a0<\/span><\/p>\n<p>Denn der Kulturen verbindender Global Music Club ist wieder zur\u00fcck im realen Leben.<span class=\"Apple-converted-space\">\u00a0<\/span><\/p>\n<p>Ab Samstag (17.08.) gehen endlich die GMC Classes mit den Afromix-Workshops an den Start. Der senegalesische T\u00e4nzer, Choreograf und Perkussionist Diene Sagna unterrichtet eine Mischung von Tanzstilen der alten und neuen Schule.<\/p>\n<p>Der Eintritt zum #kultur#park#platz-Biergarten ist kostenfrei. F\u00fcr die DJs geht ein Hut herum.<\/p>\n<p>Infos unter <a href=\"http:\/\/www.dieboerse-wtal.de\/kultur-park-platz.php\">www.dieboerse-wtal.de\/kultur-park-platz.php<\/a> &#8211;<span class=\"Apple-converted-space\">\u00a0<\/span><\/p>\n<p>Veranstaltungstickets unter <a href=\"http:\/\/www.wuppertal-live.de\/\">www.wuppertal-live.de<\/a>.<\/p>\n","protected":false},"excerpt":{"rendered":"<p>Das August-Programm &#8222;der b\u00f6rse&#8220; hat sich u. a. mit Veranstaltungen des &#8222;SOMMA\u2018 21 Kulturfestivals&#8220; merklich gef\u00fcllt. Darunter ist auch das Doppelkonzert der Liedermacher Lilith und Krakus (Darjeeling), das am Donnerstag (05.08.) auf dem #kultur#park#platz zum Hinh\u00f6ren einl\u00e4d.<\/p>\n","protected":false},"author":7,"featured_media":0,"comment_status":"open","ping_status":"closed","sticky":false,"template":"","format":"standard","meta":{"footnotes":""},"categories":[29],"tags":[],"class_list":["post-39892","post","type-post","status-publish","format-standard","hentry","category-kultur"],"publishpress_future_action":{"enabled":false,"date":"2026-05-07 01:53:22","action":"change-status","newStatus":"draft","terms":[],"taxonomy":"category","extraData":[]},"publishpress_future_workflow_manual_trigger":{"enabledWorkflows":[]},"_links":{"self":[{"href":"https:\/\/www.die-stadtzeitung.de\/index.php\/wp-json\/wp\/v2\/posts\/39892","targetHints":{"allow":["GET"]}}],"collection":[{"href":"https:\/\/www.die-stadtzeitung.de\/index.php\/wp-json\/wp\/v2\/posts"}],"about":[{"href":"https:\/\/www.die-stadtzeitung.de\/index.php\/wp-json\/wp\/v2\/types\/post"}],"author":[{"embeddable":true,"href":"https:\/\/www.die-stadtzeitung.de\/index.php\/wp-json\/wp\/v2\/users\/7"}],"replies":[{"embeddable":true,"href":"https:\/\/www.die-stadtzeitung.de\/index.php\/wp-json\/wp\/v2\/comments?post=39892"}],"version-history":[{"count":3,"href":"https:\/\/www.die-stadtzeitung.de\/index.php\/wp-json\/wp\/v2\/posts\/39892\/revisions"}],"predecessor-version":[{"id":39897,"href":"https:\/\/www.die-stadtzeitung.de\/index.php\/wp-json\/wp\/v2\/posts\/39892\/revisions\/39897"}],"wp:attachment":[{"href":"https:\/\/www.die-stadtzeitung.de\/index.php\/wp-json\/wp\/v2\/media?parent=39892"}],"wp:term":[{"taxonomy":"category","embeddable":true,"href":"https:\/\/www.die-stadtzeitung.de\/index.php\/wp-json\/wp\/v2\/categories?post=39892"},{"taxonomy":"post_tag","embeddable":true,"href":"https:\/\/www.die-stadtzeitung.de\/index.php\/wp-json\/wp\/v2\/tags?post=39892"}],"curies":[{"name":"wp","href":"https:\/\/api.w.org\/{rel}","templated":true}]}}