{"id":39851,"date":"2021-08-01T15:36:23","date_gmt":"2021-08-01T13:36:23","guid":{"rendered":"https:\/\/www.die-stadtzeitung.de\/?p=39851"},"modified":"2021-08-05T16:11:50","modified_gmt":"2021-08-05T14:11:50","slug":"ein-fest-im-freien-mit-konrad-beikircher-als-beethoven","status":"publish","type":"post","link":"https:\/\/www.die-stadtzeitung.de\/index.php\/2021\/08\/01\/ein-fest-im-freien-mit-konrad-beikircher-als-beethoven\/","title":{"rendered":"&#8222;Ein Fest im Freien&#8220; mit Konrad Beikircher als Beethoven\u00a0"},"content":{"rendered":"<div id=\"attachment_39853\" class=\"wp-caption alignnone\" style=\"max-width: 1034px;\"><img loading=\"lazy\" decoding=\"async\" class=\"size-full wp-image-39853\" src=\"\/wp-content\/uploads\/2021\/08\/210805-Konrad-Beikircher_Beethoven-c-Sven-Knoch-2.jpg\" alt=\"\" width=\"1024\" height=\"948\" \/><span class=\"wp-caption-text\">Konrad Beikircher als Ludwig van Beethoven &#8211; \u00a9 Sven Knoch<\/span><\/div>\n<p>Mit drei Jahren hat er die erste Schellackplatte auf den K\u00fcchenboden fallen lassen: Beethovens Klaviersonate \u201ePath\u00e9tique\u201c, gespielt von Wilhelm Kempff. Alle fielen ins Koma, er hat\u2019s \u00fcberlebt.<span class=\"Apple-converted-space\">\u00a0<\/span><\/p>\n<p>Sein Leben lang hat ihn Ludwig der Gro\u00dfe seitdem begleitet. Jetzt ist es an der Zeit, zu erz\u00e4hlen, was dabei herausgekommen ist! Konrad Beikircher pr\u00e4sentiert den unber\u00fchrbaren Titan, den gr\u00f6\u00dften Komponisten und Helden der Menschheit einmal als ganz normalen Menschen. \u201eDat dat dat darf!\u201c<\/p>\n<p><b>Donnerstag &#8211; 05.08. &#8211; 20 Uhr<span class=\"Apple-converted-space\">\u00a0<\/span><\/b><\/p>\n<p>Martina Steimer und ihr &#8222;Forum Maximum&#8220; pr\u00e4sentierten:<span class=\"Apple-converted-space\">\u00a0<\/span><\/p>\n<p>Konrad Beikircher<span class=\"Apple-converted-space\">\u00a0<\/span><\/p>\n<p>Beethoven \u2013 dat dat dat darf!<\/p>\n<div id=\"attachment_39854\" class=\"wp-caption alignnone\" style=\"max-width: 1034px;\"><img loading=\"lazy\" decoding=\"async\" class=\"size-full wp-image-39854\" src=\"\/wp-content\/uploads\/2021\/08\/210806-Marvin-Dillmann.jpg\" alt=\"\" width=\"1024\" height=\"682\" \/><span class=\"wp-caption-text\">Marvin Dillmann &#8211; \u00a9 privat<\/span><\/div>\n<h4>Watermusic &amp; Dance &#8211; ein akustisches Experiment<\/h4>\n<p>Ein akustisches Experiment: Die Johannis\u00d6lConversation wird von Marvin Dillmann (Didgeridoo) und Mickey Neher (Percussion) zwischen dem Stadthallengarten und dem \u00d6lberg gef\u00fchrt. Zwei exzellente Soundsysteme \u00fcbertragen die Beitr\u00e4ge \u00fcbers Tal auf den jeweils anderen Berg.<\/p>\n<p>Danach folgt eine metaphysische Reise: Mystische Rhythmen und magische Kl\u00e4nge. Aus einem interdisziplin\u00e4ren Musik- und Video-Projekt w\u00e4hrend des Lockdowns geboren, wollen Marvin Dillmann, Daniel Bark und die T\u00e4nzerin Elisa Osborne sich mit Watermusic &amp; Dance jetzt einem Live-Publikum pr\u00e4sentieren und den besonderen Moment mit ihren G\u00e4sten teilen.<br \/>\nEin inspirierender Abend!<span class=\"Apple-converted-space\">\u00a0<\/span><\/p>\n<p><b>Freitag &#8211;<span class=\"Apple-converted-space\">\u00a0 <\/span>06.08. &#8211; 20 Uhr<span class=\"Apple-converted-space\">\u00a0<\/span><\/b><\/p>\n<p>Watermusic &amp; Dance \/ Johannis\u00d6lConversation<span class=\"Apple-converted-space\">\u00a0<\/span><\/p>\n<p>SOMMA\u2019 \u2013 Wuppertaler Kulturfestival 2021<\/p>\n<div id=\"attachment_39856\" class=\"wp-caption alignnone\" style=\"max-width: 1034px;\"><img loading=\"lazy\" decoding=\"async\" class=\"size-large wp-image-39856\" src=\"\/wp-content\/uploads\/2021\/08\/210808-Urmel-c-tic-theater_Martin-Mazur-1024x683.jpg\" alt=\"\" width=\"1024\" height=\"683\" \/><span class=\"wp-caption-text\">Urmel ist zur\u00fcck &#8211; \u00a9 Martin Mazur<\/span><\/div>\n<h4>&#8222;Urmeliii is back&#8220;<\/h4>\n<p>Das Ensemble des TiC-Theaters bringt die wunderbar schr\u00e4gen Tierfiguren um Professor Tibatong auf die B\u00fchne! Wenn Hausschwein Wutz \u201eUrmeliii!&#8220; ruft, wissen dank der Augsburger Puppenkiste eigentlich schon alle Bescheid: Jetzt wird&#8217;s richtig lustig!<span class=\"Apple-converted-space\">\u00a0<\/span><\/p>\n<p>Die Sprachfehler der Tiere, viel Situationskomik und eine spannende Abenteuergeschichte sind die Zutaten f\u00fcr diesen Kinderbucherfolg, der inzwischen mehrere Generationen beim Aufwachsen begleitet hat.<br \/>\nEin echter Dauerbrenner f\u00fcr Jung und Alt!<span class=\"Apple-converted-space\">\u00a0<\/span><\/p>\n<p><b>Sonntag &#8211; 08.08. &#8211; 16 Uhr<span class=\"Apple-converted-space\">\u00a0<\/span><\/b><\/p>\n<p>TiC-Theater: Urmel aus dem Eis<span class=\"Apple-converted-space\">\u00a0<\/span><\/p>\n<p>SOMMA\u2019 \u2013 Wuppertaler Kulturfestival 2021<\/p>\n<p>&nbsp;<\/p>\n<p>Das Programm wird laufend aktualisiert auf www.stadthalle.de<br \/>\nTickets sind ausschlie\u00dflich im Vorverkauf bei den Vorverkaufsstellen von Wuppertal live und online erh\u00e4ltlich: www.wuppertal-live.de<span class=\"Apple-converted-space\">\u00a0<\/span><\/p>\n","protected":false},"excerpt":{"rendered":"<p>Die Eventreihe &#8222;Ein Fest im Freien&#8220; auf der Sparkassenb\u00fchne im Stadthallengarten hat diese Woche wieder einige kulturelle Highlights zu bieten &#8211; u.a. den Kabarettisten, Musiker und Autor Konrad Beikircher als Ludwig van Beethoven.<\/p>\n","protected":false},"author":7,"featured_media":0,"comment_status":"open","ping_status":"closed","sticky":false,"template":"","format":"standard","meta":{"footnotes":""},"categories":[29],"tags":[],"class_list":["post-39851","post","type-post","status-publish","format-standard","hentry","category-kultur"],"publishpress_future_action":{"enabled":false,"date":"2026-05-04 15:32:37","action":"change-status","newStatus":"draft","terms":[],"taxonomy":"category","extraData":[]},"publishpress_future_workflow_manual_trigger":{"enabledWorkflows":[]},"_links":{"self":[{"href":"https:\/\/www.die-stadtzeitung.de\/index.php\/wp-json\/wp\/v2\/posts\/39851","targetHints":{"allow":["GET"]}}],"collection":[{"href":"https:\/\/www.die-stadtzeitung.de\/index.php\/wp-json\/wp\/v2\/posts"}],"about":[{"href":"https:\/\/www.die-stadtzeitung.de\/index.php\/wp-json\/wp\/v2\/types\/post"}],"author":[{"embeddable":true,"href":"https:\/\/www.die-stadtzeitung.de\/index.php\/wp-json\/wp\/v2\/users\/7"}],"replies":[{"embeddable":true,"href":"https:\/\/www.die-stadtzeitung.de\/index.php\/wp-json\/wp\/v2\/comments?post=39851"}],"version-history":[{"count":6,"href":"https:\/\/www.die-stadtzeitung.de\/index.php\/wp-json\/wp\/v2\/posts\/39851\/revisions"}],"predecessor-version":[{"id":39861,"href":"https:\/\/www.die-stadtzeitung.de\/index.php\/wp-json\/wp\/v2\/posts\/39851\/revisions\/39861"}],"wp:attachment":[{"href":"https:\/\/www.die-stadtzeitung.de\/index.php\/wp-json\/wp\/v2\/media?parent=39851"}],"wp:term":[{"taxonomy":"category","embeddable":true,"href":"https:\/\/www.die-stadtzeitung.de\/index.php\/wp-json\/wp\/v2\/categories?post=39851"},{"taxonomy":"post_tag","embeddable":true,"href":"https:\/\/www.die-stadtzeitung.de\/index.php\/wp-json\/wp\/v2\/tags?post=39851"}],"curies":[{"name":"wp","href":"https:\/\/api.w.org\/{rel}","templated":true}]}}