{"id":39819,"date":"2021-07-26T06:10:48","date_gmt":"2021-07-26T04:10:48","guid":{"rendered":"https:\/\/www.die-stadtzeitung.de\/?p=39819"},"modified":"2021-08-01T09:43:11","modified_gmt":"2021-08-01T07:43:11","slug":"stefanie-sargnagel-liest-dicht-im-freibad-mirke","status":"publish","type":"post","link":"https:\/\/www.die-stadtzeitung.de\/index.php\/2021\/07\/26\/stefanie-sargnagel-liest-dicht-im-freibad-mirke\/","title":{"rendered":"Stefanie Sargnagel liest &#8222;Dicht&#8220; im Freibad Mirke"},"content":{"rendered":"<div id=\"attachment_39821\" class=\"wp-caption alignnone\" style=\"max-width: 1034px;\"><img loading=\"lazy\" decoding=\"async\" class=\"size-large wp-image-39821\" src=\"\/wp-content\/uploads\/2021\/07\/\u00a9ApolloniaTheresaBitzan_20200709121424_8Q3A5741-2-1024x729.jpg\" alt=\"\" width=\"1024\" height=\"729\" \/><span class=\"wp-caption-text\">Die Autorin Stefanie Sargnagel \u00a9 Appolonia Theresa Bitzan<\/span><\/div>\n<p>Stefanie Sargnagel ist ber\u00fchmt und ber\u00fcchtigt f\u00fcr ihre irrwitzigen Reportagen, saukomischen Tweets und gro\u00dfartigen Illustrationen. Ihre Texte und Arbeiten werden vom Feuilleton und Hipster-Blogs gleicherma\u00dfen gefeiert und wurden mit zahlreichen Preisen ausgezeichnet.<\/p>\n<p>Stefanie Sargnagel schreibt radikal subjektiv und sehr weise \u00fcber das sogenannte einfache Leben, \u00fcber Feminismus, \u00fcber Aussichtslosigkeit und Depression.<\/p>\n<p>Sie gibt sich wortkarg, ger\u00e4t aber doch immer wieder ins Erz\u00e4hlen, zeichnet zwischendurch auch mal etwas, sprengt alle Genre-Grenzen und erreicht auf nie betretenen Pfaden etwas, das man nicht Roman nennen muss, um davon gefesselt zu sein. Das ist oft zum Br\u00fcllen komisch und manchmal tragisch.<\/p>\n<p>Im Oktober 2020 erschien im Rowohlt Verlag ihr aktuelles Buch &#8222;Dicht&#8220;. Ein Roman, der in die Nuller-Jahre in Wien abtaucht und sich laut FAZ-Rezension wie eine lange bekiffte Nacht auf einem WG-Sofa anf\u00fchlt. \u201eEine Hommage an eine sorgsam verschwendete Jugend\u201c (Die Zeit). Oder\u00a0\u201eStefanie Sargnagel ist die wichtigste \u00f6sterreichische Autorin des 21. Jahrhunderts.\u201c (Vice).<\/p>\n<p><strong>Termin:\u00a0<\/strong><\/p>\n<p>Lesung mit Stefanie Sargnagel<\/p>\n<p>&#8222;Dicht&#8220; \u2013 Aufzeichnung einer Tagediebin<\/p>\n<p>Musik: Fauna<\/p>\n<p>Freitag &#8211; 30.07.<br \/>\nEinlass: 18:30 Uhr<br \/>\nBeginn: 20:00 Uhr<br \/>\nTickets: <a href=\"http:\/\/www.wuppertal-live.de\/?fbclid=IwAR0j0B5kDz8c6ooGf-7x7K_7UmfRL3cSQemDShRMPos3eIJJYM1HRlYM5yU\">www.wuppertal-live.de<\/a><\/p>\n<p>&nbsp;<\/p>\n","protected":false},"excerpt":{"rendered":"<p>Die \u00f6sterreichische Autorin Stefan Sargnagel setzt am Freitag (30.07.) die erfolgreiche Reihe &#8222;Kultursommer&#8220; im Freibad Mirke fort. Sie liest im leeren Schwimmbecken aus ihrem Roman &#8222;Dicht&#8220;<\/p>\n","protected":false},"author":7,"featured_media":0,"comment_status":"open","ping_status":"closed","sticky":false,"template":"","format":"standard","meta":{"footnotes":""},"categories":[29],"tags":[],"class_list":["post-39819","post","type-post","status-publish","format-standard","hentry","category-kultur"],"publishpress_future_action":{"enabled":false,"date":"2026-05-06 11:40:47","action":"change-status","newStatus":"draft","terms":[],"taxonomy":"category","extraData":[]},"publishpress_future_workflow_manual_trigger":{"enabledWorkflows":[]},"_links":{"self":[{"href":"https:\/\/www.die-stadtzeitung.de\/index.php\/wp-json\/wp\/v2\/posts\/39819","targetHints":{"allow":["GET"]}}],"collection":[{"href":"https:\/\/www.die-stadtzeitung.de\/index.php\/wp-json\/wp\/v2\/posts"}],"about":[{"href":"https:\/\/www.die-stadtzeitung.de\/index.php\/wp-json\/wp\/v2\/types\/post"}],"author":[{"embeddable":true,"href":"https:\/\/www.die-stadtzeitung.de\/index.php\/wp-json\/wp\/v2\/users\/7"}],"replies":[{"embeddable":true,"href":"https:\/\/www.die-stadtzeitung.de\/index.php\/wp-json\/wp\/v2\/comments?post=39819"}],"version-history":[{"count":2,"href":"https:\/\/www.die-stadtzeitung.de\/index.php\/wp-json\/wp\/v2\/posts\/39819\/revisions"}],"predecessor-version":[{"id":39822,"href":"https:\/\/www.die-stadtzeitung.de\/index.php\/wp-json\/wp\/v2\/posts\/39819\/revisions\/39822"}],"wp:attachment":[{"href":"https:\/\/www.die-stadtzeitung.de\/index.php\/wp-json\/wp\/v2\/media?parent=39819"}],"wp:term":[{"taxonomy":"category","embeddable":true,"href":"https:\/\/www.die-stadtzeitung.de\/index.php\/wp-json\/wp\/v2\/categories?post=39819"},{"taxonomy":"post_tag","embeddable":true,"href":"https:\/\/www.die-stadtzeitung.de\/index.php\/wp-json\/wp\/v2\/tags?post=39819"}],"curies":[{"name":"wp","href":"https:\/\/api.w.org\/{rel}","templated":true}]}}