{"id":39705,"date":"2021-07-23T15:25:34","date_gmt":"2021-07-23T13:25:34","guid":{"rendered":"https:\/\/www.die-stadtzeitung.de\/?p=39705"},"modified":"2021-07-28T18:04:27","modified_gmt":"2021-07-28T16:04:27","slug":"broschuere-ueber-uni-projekte-im-rahmen-der-corona-pandemie","status":"publish","type":"post","link":"https:\/\/www.die-stadtzeitung.de\/index.php\/2021\/07\/23\/broschuere-ueber-uni-projekte-im-rahmen-der-corona-pandemie\/","title":{"rendered":"Brosch\u00fcre \u00fcber Uni-Projekte im Rahmen der Corona-Pandemie"},"content":{"rendered":"<div id=\"attachment_39709\" class=\"wp-caption alignnone\" style=\"max-width: 1034px;\"><img loading=\"lazy\" decoding=\"async\" class=\"size-large wp-image-39709\" src=\"\/wp-content\/uploads\/2021\/07\/item_8998-2-1024x785.jpg\" alt=\"\" width=\"1024\" height=\"785\" \/><span class=\"wp-caption-text\">Covid-19-Pandemie, die Zeit von Homeoffice und Videokonferenzen &#8211; \u00a9 Bergische Universit\u00e4t<\/span><\/div>\n<p>Die Corona-Pandemie hat in fast allen Bereichen des t\u00e4glichen Lebens zu starken Einschr\u00e4nkungen und Ver\u00e4nderungen gef\u00fchrt. Viele Abl\u00e4ufe, die vorher v\u00f6llig selbstverst\u00e4ndlich waren und routiniert erfolgten, mussten neu durchdacht und anders organisiert werden.<\/p>\n<p>Auch die Umsetzung der Forschungs- und Lehrt\u00e4tigkeit an der Bergischen Universit\u00e4t blieb davon nat\u00fcrlich nicht unbeeinflusst und f\u00fchrte \u2013 auf Basis des Konzeptes \u201eUni@Home\u201c \u2013 in allen Wissenschaftsdisziplinen zu einem qualitativen und quantitativen Ausbau des digitalen Lehrangebotes.<\/p>\n<p>\u201eWie dieses Beispiel zeigt, hat die Hochschule diese Krise auch herausgefordert, kreative L\u00f6sungen f\u00fcr den Umgang mit ihr zu entwickeln, sowohl im t\u00e4glichen Leben als auch in der Wissenschaft\u201c, schreibt Prof. Dr.-Ing. Anke Kahl, Prorektorin f\u00fcr Planung, Finanzen und Transfer, im Vorwort.<\/p>\n<p>Mit der Publikation m\u00f6chte die Universit\u00e4t einige jener Forschungs- und Entwicklungsprojekte vorstellen, die durch die Rahmenbedingungen oder auch die Auswirkungen der Corona-Pandemie inspiriert oder beschleunigt worden sind. So erf\u00e4hrt man u. a., wie sich COVID-19 im Vergleich zu anderen Infektionskrankheiten ausbreitet, wie Nachbarschaftshilfen w\u00e4hrend der Pandemie koordiniert werden oder wie sich die soziale Isolation in der Corona-Krise auswirkt.<\/p>\n<p>Die Brosch\u00fcre finden Sie <a href=\"https:\/\/www.transfer.uni-wuppertal.de\/de\/wirtschaft-trifft-wissenschaft\/corona-und-wissenschaft.html\">hier<\/a>.<\/p>\n","protected":false},"excerpt":{"rendered":"<p>W\u00e4hrend der Pandemie sind an der Bergischen Universit\u00e4t Wuppertal zahlreiche Forschungs- und Entwicklungsprojekte in Zusammenhang mit COVID-19 entstanden. Einen \u00dcberblick liefert nun die Brosch\u00fcre \u201eCorona und Wissenschaft \u2013 Inspiration von unerwarteter Seite\u201c \u2013 herausgegeben vom UniService Transfer.<\/p>\n","protected":false},"author":7,"featured_media":0,"comment_status":"open","ping_status":"closed","sticky":false,"template":"","format":"standard","meta":{"footnotes":""},"categories":[27],"tags":[],"class_list":["post-39705","post","type-post","status-publish","format-standard","hentry","category-wissen"],"publishpress_future_action":{"enabled":false,"date":"2026-05-08 08:57:22","action":"change-status","newStatus":"draft","terms":[],"taxonomy":"category","extraData":[]},"publishpress_future_workflow_manual_trigger":{"enabledWorkflows":[]},"_links":{"self":[{"href":"https:\/\/www.die-stadtzeitung.de\/index.php\/wp-json\/wp\/v2\/posts\/39705","targetHints":{"allow":["GET"]}}],"collection":[{"href":"https:\/\/www.die-stadtzeitung.de\/index.php\/wp-json\/wp\/v2\/posts"}],"about":[{"href":"https:\/\/www.die-stadtzeitung.de\/index.php\/wp-json\/wp\/v2\/types\/post"}],"author":[{"embeddable":true,"href":"https:\/\/www.die-stadtzeitung.de\/index.php\/wp-json\/wp\/v2\/users\/7"}],"replies":[{"embeddable":true,"href":"https:\/\/www.die-stadtzeitung.de\/index.php\/wp-json\/wp\/v2\/comments?post=39705"}],"version-history":[{"count":4,"href":"https:\/\/www.die-stadtzeitung.de\/index.php\/wp-json\/wp\/v2\/posts\/39705\/revisions"}],"predecessor-version":[{"id":39710,"href":"https:\/\/www.die-stadtzeitung.de\/index.php\/wp-json\/wp\/v2\/posts\/39705\/revisions\/39710"}],"wp:attachment":[{"href":"https:\/\/www.die-stadtzeitung.de\/index.php\/wp-json\/wp\/v2\/media?parent=39705"}],"wp:term":[{"taxonomy":"category","embeddable":true,"href":"https:\/\/www.die-stadtzeitung.de\/index.php\/wp-json\/wp\/v2\/categories?post=39705"},{"taxonomy":"post_tag","embeddable":true,"href":"https:\/\/www.die-stadtzeitung.de\/index.php\/wp-json\/wp\/v2\/tags?post=39705"}],"curies":[{"name":"wp","href":"https:\/\/api.w.org\/{rel}","templated":true}]}}