{"id":39664,"date":"2021-07-24T11:20:20","date_gmt":"2021-07-24T09:20:20","guid":{"rendered":"https:\/\/www.die-stadtzeitung.de\/?p=39664"},"modified":"2021-07-29T16:10:35","modified_gmt":"2021-07-29T14:10:35","slug":"ein-fest-im-freien-mit-fabienne-van-straten-co","status":"publish","type":"post","link":"https:\/\/www.die-stadtzeitung.de\/index.php\/2021\/07\/24\/ein-fest-im-freien-mit-fabienne-van-straten-co\/","title":{"rendered":"&#8218;Ein Fest im Freien&#8216; mit Fabienne van Straten &#038; Co."},"content":{"rendered":"<div id=\"attachment_39667\" class=\"wp-caption alignnone\" style=\"max-width: 1034px;\"><img loading=\"lazy\" decoding=\"async\" class=\"size-large wp-image-39667\" src=\"\/wp-content\/uploads\/2021\/07\/210801-Wupper-Witz_Fabienne-van-Straten-\u00a9-Sina-Frantze-n-1024x683.jpg\" alt=\"\" width=\"1024\" height=\"683\" \/><span class=\"wp-caption-text\">Fabienne van Straten alias Kristof St\u00f6\u00dfel &#8211; \u00a9 Sina Frantzen<\/span><\/div>\n<p>Mit ihrem aktuellen Programm begeben sich \u201eDie 3 von der Songstelle\u201c auf eine musikalisch-literarische Reise durch vier Jahrzehnte.<span class=\"Apple-converted-space\">\u00a0<\/span><\/p>\n<p>Immer begleitet vom Tagebuch der Hiltrud Meier, bleiben die drei auf hinrei\u00dfend charmante Weise nah am Zeitgeschehen.<span class=\"Apple-converted-space\">\u00a0<\/span>Von Brecht \u00fcber K\u00e4stner bis hin zu Loriot \u2013 Hiltrud Meier ist Ihnen allen pers\u00f6nlich begegnet!<\/p>\n<p>Ein vergn\u00fcgliches Programm, das die Lachmuskeln nicht schont und dennoch zu Herzen geht!<span class=\"Apple-converted-space\">\u00a0<\/span><\/p>\n<p><b>Termin:<\/b><\/p>\n<p>SOMMA\u2019 \u2013 Wuppertaler Kulturfestival 2021<\/p>\n<h4>Die 3 von der Songstelle \u2013 \u201eDurtlih oder Das Tagebuch der Hiltrud Meier\u201c<span class=\"Apple-converted-space\">\u00a0<\/span><\/h4>\n<p>Mittwoch &#8211; 28.07. &#8211; 20 Uhr<span class=\"Apple-converted-space\">\u00a0<\/span><\/p>\n<div id=\"attachment_39669\" class=\"wp-caption alignnone\" style=\"max-width: 910px;\"><img loading=\"lazy\" decoding=\"async\" class=\"size-full wp-image-39669\" src=\"\/wp-content\/uploads\/2021\/07\/210728-Die-3-von-der-Songstelle-c-Nils-Harder.jpg\" alt=\"\" width=\"900\" height=\"599\" \/><span class=\"wp-caption-text\">&#8222;Die 3 von der Songstelle&#8220;: (v.l.) Alexandra Romes, Antje Mallwitz und Claudia Gabriele Steffan &#8211; \u00a9 Nils Harder<\/span><\/div>\n<p>Das Beste der 60er bis 90er Jahre in einer einzigartigen Darbietung! Von Ray Charles bis Supertramp, von den Blues Brothers bis Robbie Williams, von Paolo Conte bis zum Dschungelbuch \u2013 jede\/r kommt auf seine Kosten!<span class=\"Apple-converted-space\">\u00a0<\/span><\/p>\n<p>Dabei wird das Publikum von Doc Martin stets in das humorvolle B\u00fchnenprogramm mit einbezogen, zum Leidwesen der Mitmusiker oft auch sehr spontan &#8230;!<span class=\"Apple-converted-space\">\u00a0<\/span><\/p>\n<p><b>Termin:<\/b><\/p>\n<h4>Sparkasse Wuppertal pr\u00e4sentiert: Doc Martin &amp; the Fabulous Barband<span class=\"Apple-converted-space\">\u00a0<\/span><\/h4>\n<p>Freitag &#8211; 30.07. &#8211; 19 Uhr<\/p>\n<div id=\"attachment_39670\" class=\"wp-caption alignnone\" style=\"max-width: 1034px;\"><img loading=\"lazy\" decoding=\"async\" class=\"size-full wp-image-39670\" src=\"\/wp-content\/uploads\/2021\/07\/210730-Doc-Martin_Barband-c-barband.de_.jpg\" alt=\"\" width=\"1024\" height=\"714\" \/><span class=\"wp-caption-text\">Die Doc Martin Barband &#8211; \u00a9 Doc Martin Barband<\/span><\/div>\n<p>Im Rahmen von SOMMA\u2019 2021 trifft sich die lokale Humorszene Wuppertals zu einem einzigartigen Sommer-Special. Ob Kabarett, Comedy oder Poetry-Slam, hier geben sich s\u00e4mtliche Humorgenres die Klinke in die Hand.<span class=\"Apple-converted-space\">\u00a0<\/span><\/p>\n<p>Kristof St\u00f6\u00dfel, Theaterchef von St\u00f6\u00dfels Kom\u00f6die, f\u00fchrt in seiner Paraderolle als Fabienne van Straten gekonnt durch den Abend und begr\u00fc\u00dft als G\u00e4ste: Talfahrt Wuppertal, J\u00fcrgen H. Scheugenpflug, Jens Neutag, Sascha Thamm und Marie Gehdannjez.<span class=\"Apple-converted-space\">\u00a0<\/span><\/p>\n<p><b>Termin:<span class=\"Apple-converted-space\">\u00a0<\/span><\/b><\/p>\n<p>SOMMA\u2019 \u2013 Wuppertaler Kulturfestival 2021<\/p>\n<h4>Wupper-Witz \u2013 Ein humoristischer Heimatabend<\/h4>\n<p>Sonntag &#8211; 01.08. &#8211; 18 Uhr<span class=\"Apple-converted-space\">\u00a0<\/span><\/p>\n<p>Das Programm wird laufend aktualisiert auf\u00a0<a href=\"http:\/\/www.stadthalle.de\">http:\/\/www.stadthalle.de<\/a><br \/>\nTickets sind ausschlie\u00dflich im Vorverkauf bei den Vorverkaufsstellen von Wuppertal live und online erh\u00e4ltlich: <a href=\"http:\/\/www.wuppertal-live.de\">http:\/\/www.wuppertal-live.de<\/a><span class=\"Apple-converted-space\">\u00a0<\/span><\/p>\n","protected":false},"excerpt":{"rendered":"<p>Das Fest im Freien geht weiter! Auch in dieser Woche finden auf der Sparkassenb\u00fchne im Stadthallengarten wieder drei Kultur-Highlights statt. Hier die Events im Einzelnen.<\/p>\n","protected":false},"author":7,"featured_media":0,"comment_status":"open","ping_status":"closed","sticky":false,"template":"","format":"standard","meta":{"footnotes":""},"categories":[29],"tags":[],"class_list":["post-39664","post","type-post","status-publish","format-standard","hentry","category-kultur"],"publishpress_future_action":{"enabled":false,"date":"2026-05-07 12:12:53","action":"change-status","newStatus":"draft","terms":[],"taxonomy":"category","extraData":[]},"publishpress_future_workflow_manual_trigger":{"enabledWorkflows":[]},"_links":{"self":[{"href":"https:\/\/www.die-stadtzeitung.de\/index.php\/wp-json\/wp\/v2\/posts\/39664","targetHints":{"allow":["GET"]}}],"collection":[{"href":"https:\/\/www.die-stadtzeitung.de\/index.php\/wp-json\/wp\/v2\/posts"}],"about":[{"href":"https:\/\/www.die-stadtzeitung.de\/index.php\/wp-json\/wp\/v2\/types\/post"}],"author":[{"embeddable":true,"href":"https:\/\/www.die-stadtzeitung.de\/index.php\/wp-json\/wp\/v2\/users\/7"}],"replies":[{"embeddable":true,"href":"https:\/\/www.die-stadtzeitung.de\/index.php\/wp-json\/wp\/v2\/comments?post=39664"}],"version-history":[{"count":4,"href":"https:\/\/www.die-stadtzeitung.de\/index.php\/wp-json\/wp\/v2\/posts\/39664\/revisions"}],"predecessor-version":[{"id":39671,"href":"https:\/\/www.die-stadtzeitung.de\/index.php\/wp-json\/wp\/v2\/posts\/39664\/revisions\/39671"}],"wp:attachment":[{"href":"https:\/\/www.die-stadtzeitung.de\/index.php\/wp-json\/wp\/v2\/media?parent=39664"}],"wp:term":[{"taxonomy":"category","embeddable":true,"href":"https:\/\/www.die-stadtzeitung.de\/index.php\/wp-json\/wp\/v2\/categories?post=39664"},{"taxonomy":"post_tag","embeddable":true,"href":"https:\/\/www.die-stadtzeitung.de\/index.php\/wp-json\/wp\/v2\/tags?post=39664"}],"curies":[{"name":"wp","href":"https:\/\/api.w.org\/{rel}","templated":true}]}}