{"id":39088,"date":"2021-07-02T06:55:12","date_gmt":"2021-07-02T04:55:12","guid":{"rendered":"https:\/\/www.die-stadtzeitung.de\/?p=39088"},"modified":"2022-01-21T07:03:02","modified_gmt":"2022-01-21T06:03:02","slug":"prof-langner-neuer-praesident-der-european-advertising-academy","status":"publish","type":"post","link":"https:\/\/www.die-stadtzeitung.de\/index.php\/2021\/07\/02\/prof-langner-neuer-praesident-der-european-advertising-academy\/","title":{"rendered":"Prof. Langner neuer Pr\u00e4sident der European Advertising Academy"},"content":{"rendered":"<div class=\"header\">\n<div id=\"attachment_40356\" class=\"wp-caption alignnone\" style=\"max-width: 933px;\"><img loading=\"lazy\" decoding=\"async\" class=\" wp-image-40356\" src=\"\/wp-content\/uploads\/2021\/08\/Prof-Langner.jpg\" alt=\"\" width=\"923\" height=\"616\" \/><span class=\"wp-caption-text\">Prof. Dr. Tobias Langner &#8211; \u00a9 Vok Dams iNotes<\/span><\/div>\n<\/div>\n<div class=\"teaser-text\">\n<p class=\"bodytext\">Die Wahl erfolgte Ende Juni auf der virtuellen Generalversammlung der EAA, die im Nachgang der International Conference on Research in Advertising 2021 (ICORIA) stattfand. Prof. Langner, Mitglied des Marketing Clubs Bergisch Land, tritt sein Amt in zwei Jahren an.<\/p>\n<\/div>\n<div id=\"c28488\" class=\"csc-default\">\n<div class=\"csc-textpic csc-textpic-intext-right csc-textpic-equalheight\">\n<div class=\"csc-textpic-text\">\n<p class=\"bodytext\">Die European Advertising Academy wurde von Flemming Hansen (Copenhagen Business School) initiiert und ist nach der American Academy of Advertising weltweit die zweitgr\u00f6\u00dfte Vereinigung von Werbe- und Kommunikationsforscher.<\/p>\n<p class=\"bodytext\">Der Verband ist Ausrichter der j\u00e4hrlich stattfindenden ICORIA-Konferenz, einer der wichtigsten internationalen Konferenzen zur Werbeforschung, und ist Partner des International Journal of Advertising. Die derzeitige Pr\u00e4sidentin ist Sara Rosengren von der Stockholm School of Economics.<\/p>\n<p class=\"bodytext\"><a href=\"http:\/\/www.europeanadvertisingacademy.org\/\" target=\"_blank\" rel=\"noopener\">http:\/\/www.europeanadvertisingacademy.org\/<\/a><\/p>\n<\/div>\n<\/div>\n<\/div>\n","protected":false},"excerpt":{"rendered":"<p>Prof. Dr. Tobias Langner, Inhaber des Lehrstuhls f\u00fcr Marketing an der Bergischen Universit\u00e4t Wuppertal, ist neu gew\u00e4hlter Pr\u00e4sident der European Advertising Academy (EAA).<\/p>\n","protected":false},"author":7,"featured_media":0,"comment_status":"open","ping_status":"closed","sticky":false,"template":"","format":"standard","meta":{"footnotes":""},"categories":[27],"tags":[],"class_list":["post-39088","post","type-post","status-publish","format-standard","hentry","category-wissen"],"publishpress_future_action":{"enabled":false,"date":"2026-05-07 15:06:53","action":"change-status","newStatus":"draft","terms":[],"taxonomy":"category","extraData":[]},"publishpress_future_workflow_manual_trigger":{"enabledWorkflows":[]},"_links":{"self":[{"href":"https:\/\/www.die-stadtzeitung.de\/index.php\/wp-json\/wp\/v2\/posts\/39088","targetHints":{"allow":["GET"]}}],"collection":[{"href":"https:\/\/www.die-stadtzeitung.de\/index.php\/wp-json\/wp\/v2\/posts"}],"about":[{"href":"https:\/\/www.die-stadtzeitung.de\/index.php\/wp-json\/wp\/v2\/types\/post"}],"author":[{"embeddable":true,"href":"https:\/\/www.die-stadtzeitung.de\/index.php\/wp-json\/wp\/v2\/users\/7"}],"replies":[{"embeddable":true,"href":"https:\/\/www.die-stadtzeitung.de\/index.php\/wp-json\/wp\/v2\/comments?post=39088"}],"version-history":[{"count":4,"href":"https:\/\/www.die-stadtzeitung.de\/index.php\/wp-json\/wp\/v2\/posts\/39088\/revisions"}],"predecessor-version":[{"id":45260,"href":"https:\/\/www.die-stadtzeitung.de\/index.php\/wp-json\/wp\/v2\/posts\/39088\/revisions\/45260"}],"wp:attachment":[{"href":"https:\/\/www.die-stadtzeitung.de\/index.php\/wp-json\/wp\/v2\/media?parent=39088"}],"wp:term":[{"taxonomy":"category","embeddable":true,"href":"https:\/\/www.die-stadtzeitung.de\/index.php\/wp-json\/wp\/v2\/categories?post=39088"},{"taxonomy":"post_tag","embeddable":true,"href":"https:\/\/www.die-stadtzeitung.de\/index.php\/wp-json\/wp\/v2\/tags?post=39088"}],"curies":[{"name":"wp","href":"https:\/\/api.w.org\/{rel}","templated":true}]}}