{"id":38962,"date":"2021-06-28T09:10:44","date_gmt":"2021-06-28T07:10:44","guid":{"rendered":"https:\/\/www.die-stadtzeitung.de\/?p=38962"},"modified":"2021-06-29T09:10:55","modified_gmt":"2021-06-29T07:10:55","slug":"teneja-bringt-mit-der-gitarre-ihre-emotionen-zum-klingen","status":"publish","type":"post","link":"https:\/\/www.die-stadtzeitung.de\/index.php\/2021\/06\/28\/teneja-bringt-mit-der-gitarre-ihre-emotionen-zum-klingen\/","title":{"rendered":"Teneja bringt mit der Gitarre ihre Emotionen zum Klingen"},"content":{"rendered":"<div id=\"attachment_38964\" class=\"wp-caption alignnone\" style=\"max-width: 1034px;\"><img loading=\"lazy\" decoding=\"async\" class=\"size-large wp-image-38964\" src=\"\/wp-content\/uploads\/2021\/06\/TENEJA-Copyright-Teneja-1024x683.jpg\" alt=\"\" width=\"1024\" height=\"683\" \/><span class=\"wp-caption-text\">Die S\u00e4ngerin &amp; Gitarristin Teneja &#8211; \u00a9 Teneja<\/span><\/div>\n<p>Mit ihrer Gitarre bringt sie ihre Emotionen zum Klingen. Teneja \u2013 gro\u00df, aufrecht, fordernd, eigensinnig! Die geb\u00fcrtige Slowenin hat von fr\u00fchester Kindheit an gelernt, Gitarre zu spielen, und ihre Kunstfertigkeiten an der Bergischen Musikschule perfektioniert. Ihr Instrument beherrscht sie heute virtuos.<\/p>\n<p>Ob Blues, Soul, Rock, Folk oder Reggae \u2013 sie spielt die Musik nicht nur, sie taucht f\u00f6rmlic darin ein. So ist ihr Gitarrenspiel mehr als eine Untermalung ihrer professionell geschulten Stimme!<\/p>\n<p>Am Conservatorium in Maastricht studierte Teneja 2000 ein Jahr lang Jazz-Gesang, um Gesangslehrerin zu werden, jedoch entschied sie sich, bei ihren Wurzeln aus Rock, Pop, Soul, Folk zu bleiben, ihren eigenen Stil aufzuarbeiten und die Individualit\u00e4t der Songs zu verbessern.<\/p>\n<p>In den Jahren von 2001 bis 2005 nahm Teneja professionellen Gesangsunterricht bei der K\u00f6lner Gesangslehrerin Yana Kris im klassisch-technischen Bereich! Parallel lernte sie zus\u00e4tzlich verschiedenste Gesangsdarbietungen bei Nwebo Nierman! Dazu geh\u00f6ren: Improvisation, Resonanzklang und Interpretation.<\/p>\n<p><a href=\"http:\/\/www.teneja.de\/\">www.teneja.de<\/a><\/p>\n<p>Die Veranstalter: &#8222;Wir nehmen diesmal einen kleinen Grundpreis von 5 Euro und gehen nachher noch einmal mit dem Hut herum.&#8220;<\/p>\n<h4>Termin:<\/h4>\n<p>&#8222;Chillen &amp; Grillen&#8220;<\/p>\n<p><strong>TENEJA<\/strong><\/p>\n<p>Freitag &#8211; 02.07. &#8211; Einlass 19 Uhr<span class=\"Apple-converted-space\">\u00a0<\/span><\/p>\n<p>COBRA &#8211;\u00a0Kulturzentrum gGmbh<\/p>\n<p>Merscheider Str. 77\/79 &#8211;\u00a042699 Solingen<\/p>\n<p>EMail :\u00a0\u00a0\u00a0 <a href=\"mailto:j.stuhldreier@cobra-solingen.de\">j.stuhldreier@cobra-solingen.de<\/a><\/p>\n<p>Internet:\u00a0 <a href=\"http:\/\/www.cobra-solingen.de\/\">www.cobra-solingen.de<\/a><\/p>\n<p>Bitte nutzen Sie den Ticket-VVK unter <a href=\"http:\/\/www.solingen-live.de\/\">www.solingen-live.de<\/a>,\u00a0da bei der geringen Kapazit\u00e4t die Konzerte sehr schnell ausverkauft sein k\u00f6nnen.\u00a0Bei schlechtem Wetter finden die Konzerte in der COBRA statt!<\/p>\n<h4>Weitere Termine von &#8222;Chillen &amp; Grillen 2021&#8220;:<\/h4>\n<p>Fr. 09.07. &#8211; Mehrra Solh + Carson Blue<\/p>\n<p>Fr. 16.07. &#8211; Oliver Hanf<\/p>\n<p>Fr. 23.07. &#8211; Django Unchained<\/p>\n<p>Sa. 31.07. &#8211; Dr. Mojo<\/p>\n<p>Fr. 06.08. &#8211; Hang Out In Trees<\/p>\n<p>Fr. 13.08. &#8211; Strinx<\/p>\n<p>Fr. 20.08. &#8211; G\u00f6llmann + G\u00f6llmann<\/p>\n<p>Fr. 27.08. &#8211; Ehrlich + Lange<\/p>\n<p>Fr. 03.09. &#8211; Heartdevils<\/p>\n<p>&nbsp;<\/p>\n","protected":false},"excerpt":{"rendered":"<p>Die beliebte Konzertreihe &#8222;Chillen &#038; Grillen&#8220; im Biergarten der COBRA zur\u00fcck! Unter Einhaltung der geltenden Corona-Sicherheitsregeln, versteht sich. Am Freitag (02.07.) tritt dort die Wuppertaler S\u00e4ngerin Teneja auf: &#8222;Voice meets Guitar&#8220;.<\/p>\n","protected":false},"author":7,"featured_media":0,"comment_status":"open","ping_status":"closed","sticky":false,"template":"","format":"standard","meta":{"footnotes":""},"categories":[29],"tags":[],"class_list":["post-38962","post","type-post","status-publish","format-standard","hentry","category-kultur"],"publishpress_future_action":{"enabled":false,"date":"2026-05-07 15:28:12","action":"change-status","newStatus":"draft","terms":[],"taxonomy":"category","extraData":[]},"publishpress_future_workflow_manual_trigger":{"enabledWorkflows":[]},"_links":{"self":[{"href":"https:\/\/www.die-stadtzeitung.de\/index.php\/wp-json\/wp\/v2\/posts\/38962","targetHints":{"allow":["GET"]}}],"collection":[{"href":"https:\/\/www.die-stadtzeitung.de\/index.php\/wp-json\/wp\/v2\/posts"}],"about":[{"href":"https:\/\/www.die-stadtzeitung.de\/index.php\/wp-json\/wp\/v2\/types\/post"}],"author":[{"embeddable":true,"href":"https:\/\/www.die-stadtzeitung.de\/index.php\/wp-json\/wp\/v2\/users\/7"}],"replies":[{"embeddable":true,"href":"https:\/\/www.die-stadtzeitung.de\/index.php\/wp-json\/wp\/v2\/comments?post=38962"}],"version-history":[{"count":3,"href":"https:\/\/www.die-stadtzeitung.de\/index.php\/wp-json\/wp\/v2\/posts\/38962\/revisions"}],"predecessor-version":[{"id":38966,"href":"https:\/\/www.die-stadtzeitung.de\/index.php\/wp-json\/wp\/v2\/posts\/38962\/revisions\/38966"}],"wp:attachment":[{"href":"https:\/\/www.die-stadtzeitung.de\/index.php\/wp-json\/wp\/v2\/media?parent=38962"}],"wp:term":[{"taxonomy":"category","embeddable":true,"href":"https:\/\/www.die-stadtzeitung.de\/index.php\/wp-json\/wp\/v2\/categories?post=38962"},{"taxonomy":"post_tag","embeddable":true,"href":"https:\/\/www.die-stadtzeitung.de\/index.php\/wp-json\/wp\/v2\/tags?post=38962"}],"curies":[{"name":"wp","href":"https:\/\/api.w.org\/{rel}","templated":true}]}}