{"id":38953,"date":"2021-06-28T18:31:05","date_gmt":"2021-06-28T16:31:05","guid":{"rendered":"https:\/\/www.die-stadtzeitung.de\/?p=38953"},"modified":"2021-06-28T18:31:05","modified_gmt":"2021-06-28T16:31:05","slug":"wuppertaler-buehnen-erhalten-den-theaterpreis-des-bundes","status":"publish","type":"post","link":"https:\/\/www.die-stadtzeitung.de\/index.php\/2021\/06\/28\/wuppertaler-buehnen-erhalten-den-theaterpreis-des-bundes\/","title":{"rendered":"Wuppertaler B\u00fchnen erhalten den Theaterpreis des Bundes"},"content":{"rendered":"<div id=\"attachment_38955\" class=\"wp-caption alignnone\" style=\"max-width: 1034px;\"><img loading=\"lazy\" decoding=\"async\" class=\"size-large wp-image-38955\" src=\"\/wp-content\/uploads\/2021\/06\/Theaterleitung-Wuppertaler-Buehnen-c-Uwe-Schinkel-2-1024x656.jpg\" alt=\"\" width=\"1024\" height=\"656\" \/><span class=\"wp-caption-text\">Freuen sich \u00fcber die Auszeichnung: (v.l.) Orchestermanager Dr. Benjamin Reissenberger, Gesch\u00e4ftsf\u00fchrer Dr. Daniel Siekhaus, Generalmusikdirektorin Julia Jones, Opernintendant Berthold Schneider und Schauspielintendant Thomas Braus &#8211;\u00a0\u00a9 Uwe Schinkel<\/span><\/div>\n<p>&#8222;Wie sehr wir Kunst und Kultur brauchen, sehen wir gerade in dieser Krise, da wir in gro\u00dfen Teilen auf sie verzichten m\u00fcssen. Kontroverse Debatten, in denen wir auch ungew\u00f6hnliche und ungewohnte Standpunkte und Meinungen aushalten, sind die Grundpfeiler einer offenen, demokratischen Gesellschaft&#8220;, so die Staatsministerin f\u00fcr Kultur und Medien, Prof. Monika Gr\u00fctters, die den Theaterpreis des Bundes 2021 zum vierten Mal verleiht.<\/p>\n<p>Die Wuppertaler B\u00fchnen erhalten den Theaterpreis des Bundes f\u00fcr ihr k\u00fcnstlerisches Programm der Spielzeit 2019\/20 bis M\u00e4rz 2021, das von Opernintendant Berthold Schneider, Schauspielintendant Thomas Braus und Generalmusikdirektorin Julia Jones konzipiert wurde.<\/p>\n<p>Zudem haben es die Wuppertaler B\u00fchnen geschafft \u2013 so die Jury \u2013, auch w\u00e4hrend der Covid19-Pandemie mit ihren Programmen und Projekten im digitalen und im \u00f6ffentlichen Raum als Dreispartenhaus sichtbar zu bleiben. Die Wuppertaler B\u00fchnen haben Impulse gesetzt und nicht nur ihre Kunst gezeigt, sondern auch den gesellschaftlichen Dialog angeregt und damit in die Welt gestrahlt.<\/p>\n<p>Die sparten\u00fcbergreifende Zusammenarbeit und das Bestreben von Oper, Schauspiel und Sinfonieorchester, mit ihrer Kunst in die Stadt zu den Menschen zu gehen, werden in der Jurybegr\u00fcndung hervorgehoben. Weiter hei\u00dft es: &#8222;Die Leitungsteams der Wuppertaler B\u00fchnen zeigen besondere Achtsamkeit bei zeitgem\u00e4\u00dfen Initiativen betreffend Digitalit\u00e4t [\u2026], Diversit\u00e4t, Gendergerechtigkeit und Nachwuchsf\u00f6rderung [\u2026].&#8220;<\/p>\n<p>Auch die internationalen Kooperationen des Wuppertaler Dreispartenhauses, unter anderem mit der English National Opera, dem Stadttheater Klagenfurt und der Tel Aviv University waren ein Grund f\u00fcr die Preisentscheidung.<\/p>\n<p>&#8222;Die Auszeichnung mit dem Theaterpreis des Bundes ist eine gro\u00dfartige Best\u00e4tigung unserer Arbeit. Sie ermutigt uns, die von uns eingeschlagenen Wege weiter zu beschreiten. Der Preis ist eine Auszeichnung f\u00fcr das gesamte Haus und alle unsere Mitarbeiterinnen und Mitarbeiter, ohne deren unerm\u00fcdlichen Einsatz ein so vielf\u00e4ltiges k\u00fcnstlerisches Programm niemals realisierbar w\u00e4re&#8220;, so die Theater- und Orchesterleitung der Wuppertaler B\u00fchnen.<\/p>\n<p>Der Theaterpreis des Bundes f\u00fcr die Wuppertaler B\u00fchnen ist mit 75.000 \u20ac dotiert. Die Auslobung des Theaterpreises erfolgt in Zusammenarbeit mit dem Zentrum Bundesrepublik Deutschland des Internationalen Theaterinstituts. Die Verleihung der Auszeichnungen findet am 08. Juli 2021 in der Akademie der K\u00fcnste in Berlin statt.<\/p>\n<p>&nbsp;<\/p>\n","protected":false},"excerpt":{"rendered":"<p>Ritterschlag f\u00fcr die Wuppertaler Kultur! Die Wuppertaler B\u00fchnen sind sowohl f\u00fcr ihre herausragende k\u00fcnstlerische Qualit\u00e4t in Oper, Schauspiel und Sinfonieorchester als auch f\u00fcr ihr alternatives Kulturangebot w\u00e4hrend der Coronapandemie mit dem Theaterpreis des Bundes 2021 ausgezeichnet worden.<\/p>\n","protected":false},"author":7,"featured_media":0,"comment_status":"open","ping_status":"closed","sticky":false,"template":"","format":"standard","meta":{"footnotes":""},"categories":[29],"tags":[],"class_list":["post-38953","post","type-post","status-publish","format-standard","hentry","category-kultur"],"publishpress_future_action":{"enabled":false,"date":"2026-05-07 15:30:26","action":"change-status","newStatus":"draft","terms":[],"taxonomy":"category","extraData":[]},"publishpress_future_workflow_manual_trigger":{"enabledWorkflows":[]},"_links":{"self":[{"href":"https:\/\/www.die-stadtzeitung.de\/index.php\/wp-json\/wp\/v2\/posts\/38953","targetHints":{"allow":["GET"]}}],"collection":[{"href":"https:\/\/www.die-stadtzeitung.de\/index.php\/wp-json\/wp\/v2\/posts"}],"about":[{"href":"https:\/\/www.die-stadtzeitung.de\/index.php\/wp-json\/wp\/v2\/types\/post"}],"author":[{"embeddable":true,"href":"https:\/\/www.die-stadtzeitung.de\/index.php\/wp-json\/wp\/v2\/users\/7"}],"replies":[{"embeddable":true,"href":"https:\/\/www.die-stadtzeitung.de\/index.php\/wp-json\/wp\/v2\/comments?post=38953"}],"version-history":[{"count":2,"href":"https:\/\/www.die-stadtzeitung.de\/index.php\/wp-json\/wp\/v2\/posts\/38953\/revisions"}],"predecessor-version":[{"id":38956,"href":"https:\/\/www.die-stadtzeitung.de\/index.php\/wp-json\/wp\/v2\/posts\/38953\/revisions\/38956"}],"wp:attachment":[{"href":"https:\/\/www.die-stadtzeitung.de\/index.php\/wp-json\/wp\/v2\/media?parent=38953"}],"wp:term":[{"taxonomy":"category","embeddable":true,"href":"https:\/\/www.die-stadtzeitung.de\/index.php\/wp-json\/wp\/v2\/categories?post=38953"},{"taxonomy":"post_tag","embeddable":true,"href":"https:\/\/www.die-stadtzeitung.de\/index.php\/wp-json\/wp\/v2\/tags?post=38953"}],"curies":[{"name":"wp","href":"https:\/\/api.w.org\/{rel}","templated":true}]}}