{"id":38929,"date":"2021-06-28T09:28:03","date_gmt":"2021-06-28T07:28:03","guid":{"rendered":"https:\/\/www.die-stadtzeitung.de\/?p=38929"},"modified":"2021-06-28T09:28:03","modified_gmt":"2021-06-28T07:28:03","slug":"tanztheater-praesentiert-filmversion-der-schlafenden-frau","status":"publish","type":"post","link":"https:\/\/www.die-stadtzeitung.de\/index.php\/2021\/06\/28\/tanztheater-praesentiert-filmversion-der-schlafenden-frau\/","title":{"rendered":"Tanztheater pr\u00e4sentiert Filmversion der &#8222;Schlafenden Frau&#8220;"},"content":{"rendered":"<div id=\"attachment_38932\" class=\"wp-caption alignnone\" style=\"max-width: 1034px;\"><img loading=\"lazy\" decoding=\"async\" class=\"size-large wp-image-38932\" src=\"\/wp-content\/uploads\/2021\/06\/GPRainerBehr15-2-1024x644.jpg\" alt=\"\" width=\"1024\" height=\"644\" \/><span class=\"wp-caption-text\">Eine Szene aus dem St\u00fcck &#8222;Schlafende Frau&#8220; &#8211; \u00a9 Evangels Rodoulis<\/span><\/div>\n<p>Von der jahrzehntelangen Zusammenarbeit mit Pina Bausch tief gepr\u00e4gt, tanzt, denkt und sucht Rainer Behr nie allein, sondern erlebt mit den T\u00e4nzerinnen und T\u00e4nzern die langsame Verfertigung des St\u00fcckes beim Tanzen. Eine intuitive Vergegenw\u00e4rtigung der Urspr\u00fcnge des Wuppertaler Tanztheater und die \u00fcberbordende F\u00fclle an Antworten, die eine einzige Frage ausl\u00f6sen kann.<\/p>\n<p>In enger Zusammenarbeit mit Susanne Stehle (Kost\u00fcme), Michael Simon (B\u00fchne\/ Licht) und Andreas Eisenschneider (Musik) besch\u00e4ftigt sich das Wuppertaler Ensemble in Rainer Behrs Neuproduktion mit dem Thema der Aufl\u00f6sung und w\u00e4hlt die allm\u00e4hliche Ver\u00e4nderung der Merkmale unserer Zeit als choreographischen Ausgangspunkt zu einer abenteuerlichen Expedition.<span class=\"Apple-converted-space\">\u00a0<\/span><\/p>\n<p>Die Begegnung mit einer bedrohten Welt, in der das schockierende Bewu\u00dftsein, dass die Dinge unumkehrbar sind, die \u00e4u\u00dferst sinnlichen und hochenergetischen T\u00e4nze pr\u00e4gt.<\/p>\n<div id=\"attachment_38933\" class=\"wp-caption alignnone\" style=\"max-width: 1034px;\"><img loading=\"lazy\" decoding=\"async\" class=\"size-large wp-image-38933\" src=\"\/wp-content\/uploads\/2021\/06\/GPRainerBehr59-2-1024x779.jpg\" alt=\"\" width=\"1024\" height=\"779\" \/><span class=\"wp-caption-text\">Aus der &#8222;Schlafenden Frau&#8220; \u2013 \u00a9 Evangels Rodoulis<\/span><\/div>\n<p>Mit Emma Barrowman, Andrey Berezin, Jonathan Fredrickson, Blanca Noguerol Ram\u00edrez, Milan Nowoitnick Kampfer, Nazareth Panadero, Julie Shanahan, Ekaterina Shushakova, Julie Anne Stanzak, Julian Stierle, Christopher Tandy, Stephanie Troyak, Tsai-Chin Yu.<\/p>\n<p>Die Filmversion entstand in enger Kooperation mit Horst Wegener als Kreativproduzent (Wupperwerft) und seinem Team<\/p>\n<p>Tickets f\u00fcr die Filmversion &#8222;Schlafende Frau&#8220;\u00a0sind verf\u00fcgbar ab 2. Juli 20:00 Uhr bis 9. Juli 20:00 Uhr unter <a href=\"http:\/\/pina-bausch.de\/\">pina-bausch.de<\/a>. Sie kosten 5 Euro und sind jeweils 24 Stunden g\u00fcltig.<\/p>\n<h4>Im Januar Premiere im Opernhaus<\/h4>\n<p>Am 20. Januar 2022 feiert Rainer Behrs Kreation dann Premiere im Opernhaus Wuppertal und schlie\u00dft damit den Kreis neuer Arbeiten des Tanztheaters 2021\u20132022.<span class=\"Apple-converted-space\">\u00a0<\/span><\/p>\n<p>Weitere Auff\u00fchrungen finden am 21. , 22. und 23. Januar 2022 statt. Der Vorverkauf startet am 25.11. 2021 um 10:00 Uhr<\/p>\n<p><a href=\"http:\/\/www.pina-bausch.de\/\">www.pina-bausch.de<\/a> &#8211; Tickethotline 0202 563 7666<\/p>\n<div id=\"attachment_38934\" class=\"wp-caption alignnone\" style=\"max-width: 950px;\"><img loading=\"lazy\" decoding=\"async\" class=\"size-large wp-image-38934\" src=\"\/wp-content\/uploads\/2021\/06\/GPRainerBehr57-2-940x1024.jpg\" alt=\"\" width=\"940\" height=\"1024\" \/><span class=\"wp-caption-text\">Aus Rainer Behrs &#8222;Schlafender Frau&#8220; &#8211; \u00a9 Evangels Rodoulis<\/span><\/div>\n<p>Eine Produktion des Tanztheater Wuppertal Pina Bausch. Gef\u00f6rdert durch die Stadt Wuppertal, das Ministerium f\u00fcr Kultur und Wissenschaft des Landes Nordrhein-Westfalen, die Kunststiftung NRW und die Dr. Werner Jackst\u00e4dt-Stiftung.<\/p>\n<p>Das Tanztheater Wuppertal Pina Bausch dankt Falk Bednarzik (Tauchschule Diva in Essen) f\u00fcr die Bereitstellung des Unterwasservideos.<\/p>\n<p>&nbsp;<\/p>\n","protected":false},"excerpt":{"rendered":"<p>Zum Abschluss der Spielzeit pr\u00e4sentiert das Tanztheater Wuppertal Pina Bausch Online die Filmversion des St\u00fccks &#8222;Schlafende Frau&#8220; von Rainer Behr, Choreograph und Ensemblemitglied des Tanztheaters.<\/p>\n","protected":false},"author":7,"featured_media":0,"comment_status":"open","ping_status":"closed","sticky":false,"template":"","format":"standard","meta":{"footnotes":""},"categories":[29],"tags":[],"class_list":["post-38929","post","type-post","status-publish","format-standard","hentry","category-kultur"],"publishpress_future_action":{"enabled":false,"date":"2026-05-07 15:29:33","action":"change-status","newStatus":"draft","terms":[],"taxonomy":"category","extraData":[]},"publishpress_future_workflow_manual_trigger":{"enabledWorkflows":[]},"_links":{"self":[{"href":"https:\/\/www.die-stadtzeitung.de\/index.php\/wp-json\/wp\/v2\/posts\/38929","targetHints":{"allow":["GET"]}}],"collection":[{"href":"https:\/\/www.die-stadtzeitung.de\/index.php\/wp-json\/wp\/v2\/posts"}],"about":[{"href":"https:\/\/www.die-stadtzeitung.de\/index.php\/wp-json\/wp\/v2\/types\/post"}],"author":[{"embeddable":true,"href":"https:\/\/www.die-stadtzeitung.de\/index.php\/wp-json\/wp\/v2\/users\/7"}],"replies":[{"embeddable":true,"href":"https:\/\/www.die-stadtzeitung.de\/index.php\/wp-json\/wp\/v2\/comments?post=38929"}],"version-history":[{"count":3,"href":"https:\/\/www.die-stadtzeitung.de\/index.php\/wp-json\/wp\/v2\/posts\/38929\/revisions"}],"predecessor-version":[{"id":38935,"href":"https:\/\/www.die-stadtzeitung.de\/index.php\/wp-json\/wp\/v2\/posts\/38929\/revisions\/38935"}],"wp:attachment":[{"href":"https:\/\/www.die-stadtzeitung.de\/index.php\/wp-json\/wp\/v2\/media?parent=38929"}],"wp:term":[{"taxonomy":"category","embeddable":true,"href":"https:\/\/www.die-stadtzeitung.de\/index.php\/wp-json\/wp\/v2\/categories?post=38929"},{"taxonomy":"post_tag","embeddable":true,"href":"https:\/\/www.die-stadtzeitung.de\/index.php\/wp-json\/wp\/v2\/tags?post=38929"}],"curies":[{"name":"wp","href":"https:\/\/api.w.org\/{rel}","templated":true}]}}