{"id":38882,"date":"2021-06-28T09:24:22","date_gmt":"2021-06-28T07:24:22","guid":{"rendered":"https:\/\/www.die-stadtzeitung.de\/?p=38882"},"modified":"2021-07-01T09:31:48","modified_gmt":"2021-07-01T07:31:48","slug":"bundesverdienstkreuz-fuer-dr-josef-beutelmann","status":"publish","type":"post","link":"https:\/\/www.die-stadtzeitung.de\/index.php\/2021\/06\/28\/bundesverdienstkreuz-fuer-dr-josef-beutelmann\/","title":{"rendered":"Bundesverdienstkreuz f\u00fcr Dr. Josef Beutelmann"},"content":{"rendered":"<div id=\"attachment_38887\" class=\"wp-caption alignnone\" style=\"max-width: 921px;\"><img loading=\"lazy\" decoding=\"async\" class=\" wp-image-38887\" src=\"\/wp-content\/uploads\/2021\/06\/73a620c013adeeb268141f18d375061d-2-1.jpg\" alt=\"\" width=\"911\" height=\"568\" \/><span class=\"wp-caption-text\">Dr. h.c. Josef Beutelmann &#8211; \u00a9 Barmenia Versicherungen<\/span><\/div>\n<p>Der Wuppertaler Oberb\u00fcrgermeister Uwe Schneidewind w\u00fcrdigte bei der Ordens\u00fcbergabe \u2013 unter strenger Einhaltung aller Hygiene- und Abstandsregelungen \u2013 die vielf\u00e4ltigen Verdienste Josef Beutelmanns.<\/p>\n<p>OB Schneidewind stellte dabei Dr. Beutelmanns breites Engagement im Bereich Bildung heraus, die weit \u00fcber seine beruflichen Pflichten hinausgingen. So engagiert er sich beispielsweise als Wuppertal Botschafter seit Jahren darum, das Image seiner Stadt Wuppertal zu st\u00e4rken.<\/p>\n<div id=\"attachment_38916\" class=\"wp-caption alignnone\" style=\"max-width: 1034px;\"><img loading=\"lazy\" decoding=\"async\" class=\"size-large wp-image-38916\" src=\"\/wp-content\/uploads\/2021\/06\/w1900_h1052_x1796_y1198_WR__Oberbuergermeister_Uwe_Schneidewind_mit_Dr._Josef_Beutelmann-976c91105852c734-1024x567.jpg\" alt=\"\" width=\"1024\" height=\"567\" \/><span class=\"wp-caption-text\">Dr. Josef Beutelmann (r.) bei der Ehrung durch OB Prof. Dr. Uwe Schneidewind im Rathaus &#8211; \u00a9 Stadt Wuppertal<\/span><\/div>\n<h4>\u00dcber Dr. h.c. Josef Beutelmann<\/h4>\n<p>Er ist Vorsitzender der Aufsichtsr\u00e4te der Barmenia Versicherungsunternehmen und Vorsitzender des Hochschulrates der Bergischen Universit\u00e4t Wuppertal.<span class=\"Apple-converted-space\">\u00a0<\/span><\/p>\n<p>Der gelernte Versicherungskaufmann (Lehrbeginn 1964) und studierte Diplombetriebswirt und Diplomkaufmann war sein ganzes Berufsleben bei den Barmenia (Versicherungs-) Unternehmen t\u00e4tig.<span class=\"Apple-converted-space\">\u00a0<\/span><\/p>\n<p>1989 wurde er in den Vorstand berufen, dessen Vorsitzender er von 1998 bis 2013 war. Josef Beutelmann war auch langj\u00e4hriger Vorsitzender des Vorstandes des Arbeitgeberverbandes der Versicherungsunternehmen in Deutschland e. V. und des Berufsbildungswerkes der Versicherungswirtschaft e.V.<\/p>\n","protected":false},"excerpt":{"rendered":"<p>Gro\u00dfe Ehre f\u00fcr Dr. h.c. Josef Beutelmann, Aufsichtsratsvorsitzender der Barmenia Versicherungen. Ihm wurde jetzt das Bundesverdienstkreuz am Bande verliehen.<\/p>\n","protected":false},"author":7,"featured_media":0,"comment_status":"open","ping_status":"closed","sticky":false,"template":"","format":"standard","meta":{"footnotes":""},"categories":[22],"tags":[],"class_list":["post-38882","post","type-post","status-publish","format-standard","hentry","category-wirtschaft"],"publishpress_future_action":{"enabled":false,"date":"2026-05-09 04:54:14","action":"change-status","newStatus":"draft","terms":[],"taxonomy":"category","extraData":[]},"publishpress_future_workflow_manual_trigger":{"enabledWorkflows":[]},"_links":{"self":[{"href":"https:\/\/www.die-stadtzeitung.de\/index.php\/wp-json\/wp\/v2\/posts\/38882","targetHints":{"allow":["GET"]}}],"collection":[{"href":"https:\/\/www.die-stadtzeitung.de\/index.php\/wp-json\/wp\/v2\/posts"}],"about":[{"href":"https:\/\/www.die-stadtzeitung.de\/index.php\/wp-json\/wp\/v2\/types\/post"}],"author":[{"embeddable":true,"href":"https:\/\/www.die-stadtzeitung.de\/index.php\/wp-json\/wp\/v2\/users\/7"}],"replies":[{"embeddable":true,"href":"https:\/\/www.die-stadtzeitung.de\/index.php\/wp-json\/wp\/v2\/comments?post=38882"}],"version-history":[{"count":5,"href":"https:\/\/www.die-stadtzeitung.de\/index.php\/wp-json\/wp\/v2\/posts\/38882\/revisions"}],"predecessor-version":[{"id":38917,"href":"https:\/\/www.die-stadtzeitung.de\/index.php\/wp-json\/wp\/v2\/posts\/38882\/revisions\/38917"}],"wp:attachment":[{"href":"https:\/\/www.die-stadtzeitung.de\/index.php\/wp-json\/wp\/v2\/media?parent=38882"}],"wp:term":[{"taxonomy":"category","embeddable":true,"href":"https:\/\/www.die-stadtzeitung.de\/index.php\/wp-json\/wp\/v2\/categories?post=38882"},{"taxonomy":"post_tag","embeddable":true,"href":"https:\/\/www.die-stadtzeitung.de\/index.php\/wp-json\/wp\/v2\/tags?post=38882"}],"curies":[{"name":"wp","href":"https:\/\/api.w.org\/{rel}","templated":true}]}}