{"id":38869,"date":"2021-06-23T10:05:02","date_gmt":"2021-06-23T08:05:02","guid":{"rendered":"https:\/\/www.die-stadtzeitung.de\/?p=38869"},"modified":"2021-06-25T10:12:34","modified_gmt":"2021-06-25T08:12:34","slug":"der-ort-ist-wieder-ein-ort-fuer-live-kultur","status":"publish","type":"post","link":"https:\/\/www.die-stadtzeitung.de\/index.php\/2021\/06\/23\/der-ort-ist-wieder-ein-ort-fuer-live-kultur\/","title":{"rendered":"Der ORT ist wieder ein Ort f\u00fcr Live-Kultur"},"content":{"rendered":"<div id=\"attachment_38871\" class=\"wp-caption alignnone\" style=\"max-width: 1034px;\"><img loading=\"lazy\" decoding=\"async\" class=\"size-large wp-image-38871\" src=\"\/wp-content\/uploads\/2021\/06\/Phonorama-2-1024x640.jpg\" alt=\"\" width=\"1024\" height=\"640\" \/><span class=\"wp-caption-text\">Phonorama auf der B\u00fchne &#8211; \u00a9 ORT<\/span><\/div>\n<p>Dr. Anne-Kathrin Reif: &#8222;Angesichts der vielen zu erwartenden Veranstaltungen in unserer Stadt haben wir das Programm zwar nicht vollgepackt, freuen uns aber auf zwei sch\u00f6ne Termine im Juli und im August.&#8220;<\/p>\n<p>Ein zugleich musikalisch und visuell spannendes Erlebnis verspricht das Programm &#8222;Phonorama &#8211; music &amp; drawings&#8220; am 03. Juli, das vom Trio Cajlan-Wissel-Nillesen und der K\u00fcnstlerin Anna Lytton gemeinsam gestaltet wird.<span class=\"Apple-converted-space\">\u00a0<\/span><\/p>\n<p>Und am 26.08. ist die Peter Kowald Gesellschaft Gastgeber des DARA-Stringfestivals, das an f\u00fcnf Tagen in Berlin, K\u00f6ln und Wuppertal gro\u00dfartige internationale Saiteninstrumentalistinnen mit unterschiedlichem musikalischem Hintergrund zusammenbringt.<span class=\"Apple-converted-space\">\u00a0<\/span><\/p>\n<p>&nbsp;<\/p>\n<h4>Das ORT-Programm im Einzelnen<\/h4>\n<p><b>Samstag &#8211; 03.07. &#8211; 20 Uhr <span class=\"Apple-converted-space\">\u00a0<\/span><\/b><\/p>\n<p><b>PHONORAMA &#8211; music &amp; drawings &#8211;<span class=\"Apple-converted-space\">\u00a0<\/span><\/b><\/p>\n<p><b>Cajlan &#8211; Wissel &#8211; Nillesen &amp; Anna Lytton<span class=\"Apple-converted-space\">\u00a0<\/span><\/b><\/p>\n<p><b>Du\u0161ica Cajlan <\/b>\u2013 extended piano<\/p>\n<p><b>Etienne Nillesen <\/b>\u2013 extended snare drum<span class=\"Apple-converted-space\">\u00a0<\/span><\/p>\n<p><b>Georg Wissel <\/b>\u2013 Altsaxofon + Pr\u00e4parationen<span class=\"Apple-converted-space\">\u00a0<\/span><\/p>\n<p><b>Anna Lytton <\/b>\u2013 Zeichnungen, Animation<span class=\"Apple-converted-space\">\u00a0<\/span><\/p>\n<p><b>PHONORAMA <\/b>konfrontiert die spezifische farb- und klangreiche Musik des Trios CAJLAN-WISSEL-NILLESEN mit der reduzierten und klaren zeichnerischen Welt der K\u00fcnstlerin Anna Lytton. Visuelle und akustische Elemente werden verbunden, indem die Protagonisten improvisierend aufeinander reagieren, sich erg\u00e4nzen, kommentieren, inspirieren. Durch eine transparente Leinwand auch auf die Musizierenden projiziert, verschmelzen animierte Zeichnungen und Klang zu einem neuen gemeinsamen Werk, das neue Perspektiven \u00f6ffnet.<span class=\"Apple-converted-space\">\u00a0<\/span><\/p>\n<p><b>Du\u0161ica Cajlan <\/b>hat eine klassische Hochschulausbildung als Pianistin abgeschlossen. Ende der 1990er Jahre beteiligte sie sich bereits an Projekten mit Improvisierter Musik in K\u00f6ln. Die Auseinandersetzung mit neuen Formen der Musik gab den Ansto\u00df sich mehr der zeitgen\u00f6ssischen Musik zuzuwenden. Seit 2010 r\u00fcckt die Improvisation wieder st\u00e4rker in ihren Fokus, wie sie 2012 unter anderem mit einem beeindruckenden Konzert beim Irtijal Festival in Beirut zeigte. Seither unterh\u00e4lt sie unter anderem auch das Duo Sonata Erronea mit der Geigerin Gunda Gottschalk.<span class=\"Apple-converted-space\">\u00a0<\/span><\/p>\n<p><b>Etienne Nillesen <\/b>ist ein Performer und Komponist aus den Niederlanden, der derzeit in K\u00f6ln lebt. Mit einem instrumentalen und physischen Ansatz erforscht und verschiebt er die Grenzen der nat\u00fcrlichen Akustik der Kleinen Trommel mit konventionellen Spieltechniken sowie erweiterten Techniken und Pr\u00e4parationen. Neben seiner T\u00e4tigkeit als Musiker ist er Professor an der Kunsthochschule ArtEZ in Arnheim\/ Niederlande.<span class=\"Apple-converted-space\">\u00a0<\/span><\/p>\n<p><b>Georg Wissel <\/b>bezeichnet sich selbst auch als &#8222;sculptor of compressed air&#8220;. Inspiriert durch die Zusammenarbeit mit Musikern der elektronischen Musik begann er, neue Kl\u00e4nge und Spielm\u00f6glichkeiten f\u00fcr das Saxofon auch mit Hilfe von Pr\u00e4paraten zu entwickeln, die inzwischen fester Bestandteil seines Spiels geworden sind.<span class=\"Apple-converted-space\">\u00a0<\/span><\/p>\n<p><b>Anna Lytton <\/b>absolvierte ein Studium Visuelle Kommunikation in den Niederlanden und Mediale K\u00fcnste an der Kunsthochschule f\u00fcr Medien K\u00f6ln, mit Schwerpunkt Experimentelle Animation. Sie arbeitet in den Bereichen Zeichnung, Film und Installation und besch\u00e4ftigt sich dabei assoziativ mit den Themen K\u00f6rper und Identit\u00e4t, wobei ihr besonderes Interesse der Beziehung zwischen Zeichnung und Betrachter gilt. Sie lebt und arbeitet als freie K\u00fcnstlerin und Filmemacherin in K\u00f6ln.<span class=\"Apple-converted-space\">\u00a0<\/span><\/p>\n<p>Das Projekt wird gef\u00f6rdert von Der Beauftragten f\u00fcr der Bundesregierung f\u00fcr Kultur und Medien, dem Musikfonds, der Kunststiftung NRW und dem Kulturamt der Stadt K\u00f6ln.<span class=\"Apple-converted-space\">\u00a0<\/span><\/p>\n<p>&nbsp;<\/p>\n<p><b>Donnerstag &#8211; 26.08. -18 Uhr<span class=\"Apple-converted-space\">\u00a0<\/span><\/b><\/p>\n<p><b>DARA String-Festival<span class=\"Apple-converted-space\">\u00a0<\/span><\/b><\/p>\n<p>Das von der Violinistin, Komponistin, Interpretin und Improvisatorin Biliana Voutchkova kuratierte DARA String-Festival bringt an f\u00fcnf Tagen in Berlin, K\u00f6ln und Wuppertal international renommierte K\u00fcnstlerinnen mit unterschiedlichem musikalischem Hintergrund zusammen. Ihre Gemeinsamkeit: Alle spielen Saiteninstrumente. In Wuppertal ist die Peter Kowald Gesellschaft\/ort e.V. Kooperationspartnerin dieses spannenden, genre\u00fcbergreifenden Festivals.<span class=\"Apple-converted-space\">\u00a0<\/span><\/p>\n<p>Zu erleben sind an diesem Abend:<span class=\"Apple-converted-space\">\u00a0<\/span><\/p>\n<p><b>Akiko Ahrendt <\/b>\u2013 Violinistin &#8211; Komponistin-Performerin &#8211; Improvisatorin \/DE<span class=\"Apple-converted-space\">\u00a0<\/span><\/p>\n<p><b>Leila Bordreuil <\/b>\u2013 Cellistin &#8211; Komponistin &#8211; Improvisatorin \/ USA\/FR<\/p>\n<p><b>Elisabeth Coudoux <\/b>\u2013 Cellistin &#8211; Komponistin &#8211; Improvisatorin \/DE<\/p>\n<p><b>Isidora Edwards <\/b>\u2013 Cellistin &#8211; Komponistin &#8211; Improvisatorin \/ UK\/Chile<\/p>\n<p><b>Gunda Gottschalk <\/b>\u2013 Violinistin &#8211; Komponistin-Performerin &#8211; Improvisatorin \/DE <b>Tomeka<span class=\"Apple-converted-space\">\u00a0<\/span><\/b><\/p>\n<p><b>Reid <\/b>\u2013 Cellistin &#8211; Komponistin &#8211; Improvisatorin \/USA<span class=\"Apple-converted-space\">\u00a0<\/span><\/p>\n<p><b>Mari Sawada <\/b>\u2013 Violinistin &#8211; Performerin \/ DE\/JP<\/p>\n<p><b>Biliana Voutchkova <\/b>\u2013 Violinistin &#8211; Komponistin &#8211; Interpretin &#8211; Improvisatorin \/ DE\/BG<span class=\"Apple-converted-space\">\u00a0<\/span><\/p>\n<p>www.bilianavoutchkova.net\/dara-string-festival.html<span class=\"Apple-converted-space\">\u00a0<\/span><\/p>\n<p><b>BITTE BEACHTEN SIE:<span class=\"Apple-converted-space\">\u00a0<\/span><\/b><\/p>\n<p>Es gelten die jeweils zum Termin aktuellen Corona-Schutzma\u00dfnahmen.<span class=\"Apple-converted-space\">\u00a0<\/span><\/p>\n<p>Unabh\u00e4ngig davon ist die Zuschauerzahl auf 20 Personen je Veranstaltung beschr\u00e4nkt. Der Getr\u00e4nkeverkauf vorab und in der Pause entf\u00e4llt; wir stellen aber s\u00e4mtliche Ge- tr\u00e4nke zur Selbstbedienung gegen Spende bereit. Dabei bitten wir dringend, selbst- verantwortlich die n\u00f6tigen Abst\u00e4nde einzuhalten. Wir bitten die Besucher, weiterhin ei- nen Mund-Nasen-Schutz zu tragen.<span class=\"Apple-converted-space\">\u00a0<\/span><\/p>\n<p>Der Kartenverkauf erfolgt weiterhin ausschlie\u00dflich \u00fcber www.wuppertal-live.de. Dies ist (sofern gen\u00fcgend Karten vorhanden sind) bis kurz vor Veranstaltungsbeginn m\u00f6glich.<span class=\"Apple-converted-space\">\u00a0<\/span><\/p>\n","protected":false},"excerpt":{"rendered":"<p>Der ORT war bedingt durch die Pandemie lange in der Zwangspause. Doch ist endlich wieder Live-Kultur m\u00f6glich. Deshalb wird der ORT diesmal nicht wie in fr\u00fcheren Jahren in eine l\u00e4ngere Sommerpause gehen.\u00a0<\/p>\n","protected":false},"author":7,"featured_media":0,"comment_status":"open","ping_status":"closed","sticky":false,"template":"","format":"standard","meta":{"footnotes":""},"categories":[29],"tags":[],"class_list":["post-38869","post","type-post","status-publish","format-standard","hentry","category-kultur"],"publishpress_future_action":{"enabled":false,"date":"2026-05-06 11:39:56","action":"change-status","newStatus":"draft","terms":[],"taxonomy":"category","extraData":[]},"publishpress_future_workflow_manual_trigger":{"enabledWorkflows":[]},"_links":{"self":[{"href":"https:\/\/www.die-stadtzeitung.de\/index.php\/wp-json\/wp\/v2\/posts\/38869","targetHints":{"allow":["GET"]}}],"collection":[{"href":"https:\/\/www.die-stadtzeitung.de\/index.php\/wp-json\/wp\/v2\/posts"}],"about":[{"href":"https:\/\/www.die-stadtzeitung.de\/index.php\/wp-json\/wp\/v2\/types\/post"}],"author":[{"embeddable":true,"href":"https:\/\/www.die-stadtzeitung.de\/index.php\/wp-json\/wp\/v2\/users\/7"}],"replies":[{"embeddable":true,"href":"https:\/\/www.die-stadtzeitung.de\/index.php\/wp-json\/wp\/v2\/comments?post=38869"}],"version-history":[{"count":5,"href":"https:\/\/www.die-stadtzeitung.de\/index.php\/wp-json\/wp\/v2\/posts\/38869\/revisions"}],"predecessor-version":[{"id":38875,"href":"https:\/\/www.die-stadtzeitung.de\/index.php\/wp-json\/wp\/v2\/posts\/38869\/revisions\/38875"}],"wp:attachment":[{"href":"https:\/\/www.die-stadtzeitung.de\/index.php\/wp-json\/wp\/v2\/media?parent=38869"}],"wp:term":[{"taxonomy":"category","embeddable":true,"href":"https:\/\/www.die-stadtzeitung.de\/index.php\/wp-json\/wp\/v2\/categories?post=38869"},{"taxonomy":"post_tag","embeddable":true,"href":"https:\/\/www.die-stadtzeitung.de\/index.php\/wp-json\/wp\/v2\/tags?post=38869"}],"curies":[{"name":"wp","href":"https:\/\/api.w.org\/{rel}","templated":true}]}}