{"id":38815,"date":"2021-06-24T13:13:27","date_gmt":"2021-06-24T11:13:27","guid":{"rendered":"https:\/\/www.die-stadtzeitung.de\/?p=38815"},"modified":"2021-06-25T13:56:17","modified_gmt":"2021-06-25T11:56:17","slug":"colja-dams-uni-vortrag-ueber-hybrid-events-via-zoom","status":"publish","type":"post","link":"https:\/\/www.die-stadtzeitung.de\/index.php\/2021\/06\/24\/colja-dams-uni-vortrag-ueber-hybrid-events-via-zoom\/","title":{"rendered":"Colja Dams: Uni-Vortrag \u00fcber Hybrid-Events via Zoom"},"content":{"rendered":"<div id=\"attachment_38819\" class=\"wp-caption alignnone\" style=\"max-width: 1034px;\"><img loading=\"lazy\" decoding=\"async\" class=\"size-large wp-image-38819\" src=\"\/wp-content\/uploads\/2021\/06\/IMG_2218-2-1024x763.jpeg\" alt=\"\" width=\"1024\" height=\"763\" \/><span class=\"wp-caption-text\">Colja M. Dams bei seinem Zoom-Vortrag &#8211; \u00a9 Vok Dams iNotes<\/span><\/div>\n<p>Colja M. Dams, Gesch\u00e4ftsf\u00fchrender Gesellschafter und CEO der Unternehmensgruppe\u00a0VOK DAMS worldwide, hielt seinen Live-Vortrag &#8222;corona-konform&#8220; via Zoom.\u00a0Titel \u201eThe new power of hybrid events\u201c. Der Marketing-Experte lieferte ein Feuerwerk an Informationen und Eindr\u00fccken mit der die Dynamik des\u00a0Transformationsprozesses einer ganzen Branche deutlich wurde. Ein Wandel, der durch die Begleitumst\u00e4nde von Covid-19 noch erheblich forciert wird.<\/p>\n<p>Hybrid-Events &#8211; dabei werden Live-Events mit digitalen Elementen erg\u00e4nzt &#8211; pr\u00e4gen nach der Einsch\u00e4tzung von Colja M. Dams die Zukunft der Marketing und Kommunikations-Branche nachhaltig.<\/p>\n<p>Der CEO von Weltmarktf\u00fchrer VOK DAMS worldwide hatte sich weit vor der Corona-Pandemie mit diesem Thema besch\u00e4ftigt. Dieser Vorsprung kam dem Wuppertaler Unternehmen jetzt in Zeiten von Kontaktbeschr\u00e4nkungen und unz\u00e4hligen gecancelten Pr\u00e4senz-Veranstaltungen zugute.<\/p>\n<p>Colja Dams: \u201eUnabh\u00e4ngig von der Covid-Epidemie haben wir uns fr\u00fchzeitig mit den M\u00f6glichkeiten auseinander gesetzt, Live-Events mit digitalen Elementen zu vernetzen, um die Kommunikation damit zu intensivieren und zu globalisieren. Den Begriff der Hybrid-Events haben wir bereits vor 10 Jahren daraus abgeleitet.\u00a0Er entstand aus dem Anspruch der Innovationsf\u00fchrerschaft.\u201c<\/p>\n<div id=\"attachment_38820\" class=\"wp-caption alignnone\" style=\"max-width: 1034px;\"><img loading=\"lazy\" decoding=\"async\" class=\"size-large wp-image-38820\" src=\"\/wp-content\/uploads\/2021\/06\/IMG_2177-1024x576.jpeg\" alt=\"\" width=\"1024\" height=\"576\" \/><span class=\"wp-caption-text\">Colja M. Dams &#8222;auf Sendung&#8220; &#8211; \u00a9 Vok Dams iNotes<\/span><\/div>\n<p>Die \u201eExcellence in Branding\u201c-Vortr\u00e4ge finden immer mittwochs statt und beginnen um 16.15 Uhr. Sie werden aufgrund der weiterhin geltenden Beschr\u00e4nkungen im Rahmen der Corona-Krise als Live-Vortr\u00e4ge via Zoom angeboten. Interessierte sind herzlich willkommen.<\/p>\n<h4>Weitere Referenten:<span class=\"Apple-converted-space\">\u00a0<\/span><\/h4>\n<p>Am 30. Juni spricht Christian Busch, CEO der Walbusch Walter Busch GmbH &amp; Co. KG, zum Thema \u201eRelaunch einer starken Marke\u201c; \u00fcber \u201eWe have the technology \u2013 what we are missing is the psychology\u201c referiert Rory Sutherland, Bestseller-Autor und Vice Chairman bei Ogilvy UK, am 7. Juli.<\/p>\n<p>Den Abschluss der \u00a0Vortragsreihe 2021 bildet am 21. Juli Dr. Ilja Konoplev, Start-up-Investor, Unternehmer und Spezialist f\u00fcr digitales Marketing, mit einem Vortrag zum Thema \u201eBleibt alles anders!? Datengetriebenes Marketingmanagement in der digitalen Customer Journey\u201c.<\/p>\n<div id=\"attachment_38821\" class=\"wp-caption alignnone\" style=\"max-width: 1034px;\"><img loading=\"lazy\" decoding=\"async\" class=\"size-large wp-image-38821\" src=\"\/wp-content\/uploads\/2021\/06\/IMG_2131-1024x576.jpeg\" alt=\"\" width=\"1024\" height=\"576\" \/><span class=\"wp-caption-text\">Uni-Prof. Dr. Tobias Langner bei der Einleitung in die neue Folge seiner Vortrags-Reihe\u00a0\u201eExcellence in Branding\u201c &#8211; \u00a9 Vok Dams iNotes<\/span><\/div>\n<p>Uni-Prof. Dr. Tobias Langner, der auch Mitglied im Marketing Cub Bergische Land ist: \u201eWir freuen uns sehr, trotz der derzeitigen Umst\u00e4nde auch 2021 wieder spannende Einblicke in die F\u00fchrung starker Marken zu erhalten. Besonders f\u00fcr unsere Studierenden an der Schumpeter School ist dies eine exzellente Gelegenheit, von erfahrenen Marketingexperten zu lernen.\u201c<\/p>\n<p>Alle weiteren Informationen sowie die Links zu den Vortr\u00e4gen finden Sie am jeweiligen Vortragstag auf der Homepage des Lehrstuhls f\u00fcr Marketing unter<\/p>\n<p><a href=\"https:\/\/langner.wiwi.uni-wuppertal.de\/\"><b>https:\/\/langner.wiwi.uni-wuppertal.de\/<\/b><\/a>.<\/p>\n","protected":false},"excerpt":{"rendered":"<p>Seit 14 Jahren veranstaltet der Lehrstuhl f\u00fcr Marketing an der Bergische Uni unter Federf\u00fchrung von Prof. Dr. Tobias Langner die Vortragsreihe \u201eExcellence in Branding\u201c, in der renommierte Experten zu aktuellen Fragestellungen der Markenf\u00fchrung Referate halten. Den Anfang in diesem Jahr machte jetzt Colja M. Dams.<\/p>\n","protected":false},"author":7,"featured_media":0,"comment_status":"open","ping_status":"closed","sticky":false,"template":"","format":"standard","meta":{"footnotes":""},"categories":[27],"tags":[],"class_list":["post-38815","post","type-post","status-publish","format-standard","hentry","category-wissen"],"publishpress_future_action":{"enabled":false,"date":"2026-05-08 14:28:57","action":"change-status","newStatus":"draft","terms":[],"taxonomy":"category","extraData":[]},"publishpress_future_workflow_manual_trigger":{"enabledWorkflows":[]},"_links":{"self":[{"href":"https:\/\/www.die-stadtzeitung.de\/index.php\/wp-json\/wp\/v2\/posts\/38815","targetHints":{"allow":["GET"]}}],"collection":[{"href":"https:\/\/www.die-stadtzeitung.de\/index.php\/wp-json\/wp\/v2\/posts"}],"about":[{"href":"https:\/\/www.die-stadtzeitung.de\/index.php\/wp-json\/wp\/v2\/types\/post"}],"author":[{"embeddable":true,"href":"https:\/\/www.die-stadtzeitung.de\/index.php\/wp-json\/wp\/v2\/users\/7"}],"replies":[{"embeddable":true,"href":"https:\/\/www.die-stadtzeitung.de\/index.php\/wp-json\/wp\/v2\/comments?post=38815"}],"version-history":[{"count":6,"href":"https:\/\/www.die-stadtzeitung.de\/index.php\/wp-json\/wp\/v2\/posts\/38815\/revisions"}],"predecessor-version":[{"id":38881,"href":"https:\/\/www.die-stadtzeitung.de\/index.php\/wp-json\/wp\/v2\/posts\/38815\/revisions\/38881"}],"wp:attachment":[{"href":"https:\/\/www.die-stadtzeitung.de\/index.php\/wp-json\/wp\/v2\/media?parent=38815"}],"wp:term":[{"taxonomy":"category","embeddable":true,"href":"https:\/\/www.die-stadtzeitung.de\/index.php\/wp-json\/wp\/v2\/categories?post=38815"},{"taxonomy":"post_tag","embeddable":true,"href":"https:\/\/www.die-stadtzeitung.de\/index.php\/wp-json\/wp\/v2\/tags?post=38815"}],"curies":[{"name":"wp","href":"https:\/\/api.w.org\/{rel}","templated":true}]}}