{"id":38771,"date":"2021-06-23T13:04:19","date_gmt":"2021-06-23T11:04:19","guid":{"rendered":"https:\/\/www.die-stadtzeitung.de\/?p=38771"},"modified":"2021-06-23T13:04:19","modified_gmt":"2021-06-23T11:04:19","slug":"tanz-als-kuenstlerisches-statement-gegen-rassismus","status":"publish","type":"post","link":"https:\/\/www.die-stadtzeitung.de\/index.php\/2021\/06\/23\/tanz-als-kuenstlerisches-statement-gegen-rassismus\/","title":{"rendered":"Tanz als k\u00fcnstlerisches Statement gegen Rassismus"},"content":{"rendered":"<div id=\"attachment_38778\" class=\"wp-caption alignnone\" style=\"max-width: 1034px;\"><img loading=\"lazy\" decoding=\"async\" class=\"size-large wp-image-38778\" src=\"\/wp-content\/uploads\/2021\/06\/8912-3-1024x658.jpg\" alt=\"\" width=\"1024\" height=\"658\" \/><span class=\"wp-caption-text\">Bei der Ausstellungs-Er\u00f6ffnung im NRW-Landtag (v.l.n.r.) Amouzou Amouzou-Glikpa, Landtags-Vizepr\u00e4sidentin Carina G\u00f6decke (SPD), Beate Schroedl-Baurmeister &#8211; \u00a9 Foto Detlef Ilgner<\/span><\/div>\n<p>Der Tanz gilt als nonverbale Form der Kommunikation, die Menschen verbinden kann &#8211; \u00fcber Grenzen und kulturelle Unterschiede hinweg.<\/p>\n<p>Kraftvoll und leicht zugleich pr\u00e4sentieren sich die Skulpturen der Bildhauerin Beate Schroedl-Baurmeister: Mit gespannten B\u00f6gen aus Edelstahl arbeitet sie die Anatomie der Tanzfigur heraus, die B\u00f6gen umschreiben den K\u00f6rper, einen ausgestreckten Arm, das Stand- oder Spielbein.<span class=\"Apple-converted-space\">\u00a0<\/span><\/p>\n<p>Mit ihren Skulpturen, die eine Hommage sind an die Gr\u00f6\u00dfen des internationalen Tanzes wie Lo\u00efe Fuller, William Forsythe und Pina Bausch, experimentiert sie mit dem Raum, der Reduktion von Bewegung und Form sowie der Zeit.<span class=\"Apple-converted-space\">\u00a0<\/span><\/p>\n<p>\u201eIch versuche die Schwerkraft zu \u00fcberwinden und dem Moment Dauer zu verleihen\u201c, Beate Schroedl-Baurmeister.<\/p>\n<h4>Beide K\u00fcnstler leben und arbeiten in Wuppertal<\/h4>\n<p>Ihre Arbeiten bilden einen Kontrast mit den spontan anmutenden Pinselsetzungen der Tuschearbeiten des aus Togo stammenden K\u00fcnstlers Amouzou Amouzou-Glikpa.<span class=\"Apple-converted-space\">\u00a0<\/span><\/p>\n<p>Er erfasst die Bewegung des Tanzes an sich, er begreift sie als ein Abstraktum und befreit sie von der Person des Tanzenden. \u201eDer Tanz ist eine Zwillingsschwester der Musik\u201c, sagt er, \u201eer ist nicht nur eine Bewegung, sondern kommt aus dem Herzen.\u201c<\/p>\n<p>Viele afrikanische T\u00e4nze haben eine tiefe spirituelle Bedeutung und pr\u00e4gen das Alltagsbewusstsein der Menschen. Sie sind dynamisch, tief verbunden mit dem Boden und polyzentrisch, was bedeutet, dass die T\u00e4nzer einzelne K\u00f6rperteile gegeneinander bewegen.<span class=\"Apple-converted-space\">\u00a0<\/span><\/p>\n<div id=\"attachment_38775\" class=\"wp-caption alignnone\" style=\"max-width: 1034px;\"><img loading=\"lazy\" decoding=\"async\" class=\"wp-image-38775 size-large\" src=\"\/wp-content\/uploads\/2021\/06\/8821-1024x683.jpg\" alt=\"\" width=\"1024\" height=\"683\" \/><span class=\"wp-caption-text\">\u201eDancing the Self\u201c in der B\u00fcrgerhalle des Landtags mit Werken von Beate Schroedl-Baurmeister (links) und Amouzou-Glikpa. Im Hintergrund die Gem\u00e4lde \u201eAve und Aurora\u201c von Otto Piene &#8211; \u00a9 Foto Detlef Ilgner<\/span><\/div>\n<p>In Europa entwickelte sich das Ballett urspr\u00fcnglich an den F\u00fcrstenh\u00f6fen. Auch aufgrund der Entwicklung des Tanztheaters von Pina Bausch bietet der k\u00fcnstlerische Gegenwartstanz heute ein breites Spektrum gesellschaftlich relevanter Themen.<\/p>\n<p>Beide K\u00fcnstler leben und arbeiten in Wuppertal, eine Stadt, die seit dem Wirken von Pina Bausch zu einer Metropole des neuen Tanzes wurde. W\u00e4hrend Beate Schroedl-Baurmeister als Beobachterin an Probearbeiten des Ensembles der Pina Bausch teilnehmen konnte, ist Amouzou-Glikpa selbst T\u00e4nzer.<\/p>\n<h4><span class=\"Apple-converted-space\">Amouzou-Glikpa: Ein lang gehegter Wunsch<\/span><\/h4>\n<p>Seine Inspirationen stammen aus den Stationen seines Lebens: Geboren in Togo, studierte er freie Bildhauerei in China und an der Kunstakademie in D\u00fcsseldorf.<\/p>\n<p>Dass die Ausstellung eine eindeutige politische Botschaft hat, betont Landtags-Vizepr\u00e4sidentin Carina G\u00f6decke: \u201eSie soll Grenzen \u00fcberwinden. Und Kunst \u00fcberwindet Grenzen. Der Tanz verbindet Menschen \u00fcber Sprachbarrieren und Unterschiede von Kulturen hinweg.\u201c<span class=\"Apple-converted-space\">\u00a0<\/span><\/p>\n<p>F\u00fcr Amouzou-Glikpa erf\u00fcllte sich ein lang gehegter Wunsch, als seine Kollegin Beate Schroedl-Baurmeister ihn in ihr als Wanderausstellung angelegtes Projekt \u201eDancing the Self\u201c einband: Im Landtag auszustellen hat er sich gew\u00fcnscht, seit er ihn das erste Mal gesehen hatte. Wo gibt es einen besseren Ort f\u00fcr ein Statement gegen den Rassismus?!?<\/p>\n<div id=\"attachment_38776\" class=\"wp-caption alignnone\" style=\"max-width: 1034px;\"><img loading=\"lazy\" decoding=\"async\" class=\"wp-image-38776 size-large\" src=\"\/wp-content\/uploads\/2021\/06\/8747-1024x683.jpg\" alt=\"\" width=\"1024\" height=\"683\" \/><span class=\"wp-caption-text\">Skulpturen von Beate Schroedl-Baurmeister &#8211; \u00a9 Foto Detlef Ilgner)<\/span><\/div>\n<p><strong>Link zum Video der Ausstellung:<\/strong><\/p>\n<p><a href=\"https:\/\/www.landtag.nrw.de\/home\/aktuelles-presse\/parlaments-tv\/videoportal\/veranstaltungen-und-ausstellunge\/ausstellung-dancing-the-self.html\">https:\/\/www.landtag.nrw.de\/home\/aktuelles-presse\/parlaments-tv\/videoportal\/veranstaltungen-und-ausstellunge\/ausstellung-dancing-the-self.html<\/a><\/p>\n<p><strong>So berichtet der Landtag \u00fcber die Ausstellung:<\/strong><\/p>\n<p><a href=\"https:\/\/www.landtag.nrw.de\/home\/aktuelles-presse\/meldungen\/pressemitteilungen-und-informati\/pressemitteilungen\/2021\/06\/1606dancing-the-self.html\">https:\/\/www.landtag.nrw.de\/home\/aktuelles-presse\/meldungen\/pressemitteilungen-und-informati\/pressemitteilungen\/2021\/06\/1606dancing-the-self.html<\/a><\/p>\n<p>&nbsp;<\/p>\n<p>&nbsp;<\/p>\n<p>&nbsp;<\/p>\n<p>&nbsp;<\/p>\n","protected":false},"excerpt":{"rendered":"<p>Der Landtag NRW pr\u00e4sentiert bis zum 02. Juli die Ausstellung von zwei Wuppertaler K\u00fcnstlern. Titel: \u201eDancing the Self\u201c. Sie gilt als Statement gegen den Rassismus. Zu sehen sind Skulpturen von Beate Schroedl-Baurmeister und Tuschezeichnungen von Amouzou Amouzou-Glikpa.\u00a0<\/p>\n","protected":false},"author":7,"featured_media":0,"comment_status":"open","ping_status":"closed","sticky":false,"template":"","format":"standard","meta":{"footnotes":""},"categories":[29],"tags":[],"class_list":["post-38771","post","type-post","status-publish","format-standard","hentry","category-kultur"],"publishpress_future_action":{"enabled":false,"date":"2026-05-06 11:38:22","action":"change-status","newStatus":"draft","terms":[],"taxonomy":"category","extraData":[]},"publishpress_future_workflow_manual_trigger":{"enabledWorkflows":[]},"_links":{"self":[{"href":"https:\/\/www.die-stadtzeitung.de\/index.php\/wp-json\/wp\/v2\/posts\/38771","targetHints":{"allow":["GET"]}}],"collection":[{"href":"https:\/\/www.die-stadtzeitung.de\/index.php\/wp-json\/wp\/v2\/posts"}],"about":[{"href":"https:\/\/www.die-stadtzeitung.de\/index.php\/wp-json\/wp\/v2\/types\/post"}],"author":[{"embeddable":true,"href":"https:\/\/www.die-stadtzeitung.de\/index.php\/wp-json\/wp\/v2\/users\/7"}],"replies":[{"embeddable":true,"href":"https:\/\/www.die-stadtzeitung.de\/index.php\/wp-json\/wp\/v2\/comments?post=38771"}],"version-history":[{"count":4,"href":"https:\/\/www.die-stadtzeitung.de\/index.php\/wp-json\/wp\/v2\/posts\/38771\/revisions"}],"predecessor-version":[{"id":38779,"href":"https:\/\/www.die-stadtzeitung.de\/index.php\/wp-json\/wp\/v2\/posts\/38771\/revisions\/38779"}],"wp:attachment":[{"href":"https:\/\/www.die-stadtzeitung.de\/index.php\/wp-json\/wp\/v2\/media?parent=38771"}],"wp:term":[{"taxonomy":"category","embeddable":true,"href":"https:\/\/www.die-stadtzeitung.de\/index.php\/wp-json\/wp\/v2\/categories?post=38771"},{"taxonomy":"post_tag","embeddable":true,"href":"https:\/\/www.die-stadtzeitung.de\/index.php\/wp-json\/wp\/v2\/tags?post=38771"}],"curies":[{"name":"wp","href":"https:\/\/api.w.org\/{rel}","templated":true}]}}