{"id":38733,"date":"2021-06-22T09:22:30","date_gmt":"2021-06-22T07:22:30","guid":{"rendered":"https:\/\/www.die-stadtzeitung.de\/?p=38733"},"modified":"2021-06-22T09:22:30","modified_gmt":"2021-06-22T07:22:30","slug":"maerchenstunde-mit-schauspieler-olaf-reitz","status":"publish","type":"post","link":"https:\/\/www.die-stadtzeitung.de\/index.php\/2021\/06\/22\/maerchenstunde-mit-schauspieler-olaf-reitz\/","title":{"rendered":"M\u00e4rchenstunde mit Schauspieler Olaf Reitz"},"content":{"rendered":"<div id=\"attachment_38735\" class=\"wp-caption alignnone\" style=\"max-width: 929px;\"><img loading=\"lazy\" decoding=\"async\" class=\" wp-image-38735\" src=\"\/wp-content\/uploads\/2021\/06\/Olaf-Reitz-\u00a9-Joerg-Serges.jpg\" alt=\"\" width=\"919\" height=\"689\" \/><span class=\"wp-caption-text\">Schauspieler Olaf Reitz &#8211; \u00a9 J\u00f6rg Serges<\/span><\/div>\n<p>M\u00e4rchen der Br\u00fcder Grimm, aber auch weniger bekannte M\u00e4rchen dienen dem Maler Philipp Fr\u00f6hlich seit einigen Jahren als Ausgangspunkt f\u00fcr seine Bilder. Er konzentriert sich dabei auf einzelne Szenen, die malerisch interessant sind und zugleich aufschlussreich im Hinblick auf die vielen Bedeutungsebenen der jeweiligen Erz\u00e4hlung.<\/p>\n<p>Seine Serie von Gem\u00e4lden zu \u201eH\u00e4nsel und Gretel\u201c, \u201eDie Kinder zu Hameln\u201c, \u201eDie sieben Raben\u201c und weiteren M\u00e4rchen sind aktuell in der Kunsthalle Barmen (Geschwister Scholl Platz 4-6) zu sehen.<\/p>\n<p>Am Samstag wird Olaf Reitz in der Ausstellung M\u00e4rchen lesen und Philipp Fr\u00f6hlich kurze Erl\u00e4uterungen zu seinen Bildern geben.<\/p>\n<p>Eine Anmeldung zu dieser Lesung ist erforderlich unter <strong><a href=\"mailto:anmeldung@kmv-wuppertal.de\">anmeldung@kmv-wuppertal.de<\/a><\/strong><\/p>\n<p>&nbsp;<\/p>\n","protected":false},"excerpt":{"rendered":"<p>M\u00e4rchenstunde in der Kunsthalle Barmen! Am Samstag (26.06.) um 15 Uhr findet dort im Rahmen der laufenden Ausstellung &#8222;Philipp Fr\u00f6hlich &#8211; M\u00e4rchen&#8220; eine M\u00e4rchen-Lesung des Schauspielers und Sprechers Olaf Reitz statt<\/p>\n","protected":false},"author":7,"featured_media":0,"comment_status":"open","ping_status":"closed","sticky":false,"template":"","format":"standard","meta":{"footnotes":""},"categories":[29],"tags":[],"class_list":["post-38733","post","type-post","status-publish","format-standard","hentry","category-kultur"],"publishpress_future_action":{"enabled":false,"date":"2026-05-06 11:28:07","action":"change-status","newStatus":"draft","terms":[],"taxonomy":"category","extraData":[]},"publishpress_future_workflow_manual_trigger":{"enabledWorkflows":[]},"_links":{"self":[{"href":"https:\/\/www.die-stadtzeitung.de\/index.php\/wp-json\/wp\/v2\/posts\/38733","targetHints":{"allow":["GET"]}}],"collection":[{"href":"https:\/\/www.die-stadtzeitung.de\/index.php\/wp-json\/wp\/v2\/posts"}],"about":[{"href":"https:\/\/www.die-stadtzeitung.de\/index.php\/wp-json\/wp\/v2\/types\/post"}],"author":[{"embeddable":true,"href":"https:\/\/www.die-stadtzeitung.de\/index.php\/wp-json\/wp\/v2\/users\/7"}],"replies":[{"embeddable":true,"href":"https:\/\/www.die-stadtzeitung.de\/index.php\/wp-json\/wp\/v2\/comments?post=38733"}],"version-history":[{"count":2,"href":"https:\/\/www.die-stadtzeitung.de\/index.php\/wp-json\/wp\/v2\/posts\/38733\/revisions"}],"predecessor-version":[{"id":38736,"href":"https:\/\/www.die-stadtzeitung.de\/index.php\/wp-json\/wp\/v2\/posts\/38733\/revisions\/38736"}],"wp:attachment":[{"href":"https:\/\/www.die-stadtzeitung.de\/index.php\/wp-json\/wp\/v2\/media?parent=38733"}],"wp:term":[{"taxonomy":"category","embeddable":true,"href":"https:\/\/www.die-stadtzeitung.de\/index.php\/wp-json\/wp\/v2\/categories?post=38733"},{"taxonomy":"post_tag","embeddable":true,"href":"https:\/\/www.die-stadtzeitung.de\/index.php\/wp-json\/wp\/v2\/tags?post=38733"}],"curies":[{"name":"wp","href":"https:\/\/api.w.org\/{rel}","templated":true}]}}