{"id":38693,"date":"2021-06-17T08:30:09","date_gmt":"2021-06-17T06:30:09","guid":{"rendered":"https:\/\/www.die-stadtzeitung.de\/?p=38693"},"modified":"2021-06-22T07:14:34","modified_gmt":"2021-06-22T05:14:34","slug":"loewen-liessen-in-coburg-nichts-anbrennen","status":"publish","type":"post","link":"https:\/\/www.die-stadtzeitung.de\/index.php\/2021\/06\/17\/loewen-liessen-in-coburg-nichts-anbrennen\/","title":{"rendered":"L\u00f6wen lie\u00dfen in Coburg nichts anbrennen"},"content":{"rendered":"<div class=\"page\" title=\"Page 1\">\n<div class=\"layoutArea\">\n<div class=\"column\">\n<div id=\"attachment_35886\" class=\"wp-caption alignnone\" style=\"max-width: 663px;\"><img loading=\"lazy\" decoding=\"async\" class=\" wp-image-35886\" src=\"\/wp-content\/uploads\/2021\/05\/77748c0c55316d7e02b9591e21c2c88b-2.jpg\" alt=\"\" width=\"653\" height=\"468\" \/><span class=\"wp-caption-text\">Linus Arneson warf sechs Treffer in Coburg &#8211; \u00a9 Archivfoto Jochen Classen<\/span><\/div>\n<p>Die Ga\u0308ste u\u0308berzeugten vor allem durch eine disziplinierte Vorstellung auf beiden Seiten des Feldes, wodurch die Begegnung bereits gute zehn Minuten vor Schluss entschieden war.<\/p>\n<p>Da neben Maciej Majdzinski und Yannick Fraatz auch noch Arnor Gunnarsson, David Schmidt und Kristian Nippes ausfielen, waren Renars Uscins und der aus der A-Jugend in den Profikader beorderte Julian Thomas die einzigen beiden Linksha\u0308nder des Kaders.<\/p>\n<p>Das Duo durfte von Anfang an spielen und machte seinen Job souvera\u0308n. Thomas kam zwar nur ein Mal zum Abschluss, doch den Gegensto\u00df, den er hatte, versenkte er in der zweiten Halbzeit &#8211; ein gro\u00dfer Moment fu\u0308r den 18-Ja\u0308hrigen, zumal dies sein erster Treffer in der Bundesliga war.<\/p>\n<p>Der 19-ja\u0308hrige Uscins setzte als Ru\u0308ckraumspieler deutlich mehr Akzente und durfte sich nach 60 Minuten sogar u\u0308ber vier Tore freuen. Es war insgesamt ein Spiel, das im Zeichen junger Spieler stand. So begann zwar Fabian Gutbrod im linken Ru\u0308ckraum, doch nach einigen Minuten bekam Alexander Weck seine Chance. Der 20-Ja\u0308hrige versenkte in der ersten Halbzeit sehr sicher und u\u0308berzeugte nach der Pause auch noch diverse Male mit einem guten Auge fu\u0308r seine Mitspieler.<\/p>\n<p>Den Grundstein zum Sieg legten die Lo\u0308wen schlie\u00dflich durch einen mannschaftlich geschlossenen, u\u0308beraus souvera\u0308nen und disziplinierten Auftritt. Ein fru\u0308her 7:9-Ru\u0308ckstand brachte die Mannschaft nicht aus dem Konzept. Im Gegenteil rieben sich die Coburger mehr und mehr an der Lo\u0308wendeckung, die von Csaba Szu\u0308cs und Max Darj angefu\u0308hrt wurde, auf.<\/p>\n<p>Zwei Mal Weck, Linus Arnesson, Jeffrey Boomhouwer, Uscins, nochmals Weck und Max Darj per Doppelschlag markierten acht BHC-Tore in Serie zum 15:9-Zwischenstand.<\/p>\n<p>Die Phase, die von scho\u0308n ausgespielten Angriffen wie von Kontern gleicherma\u00dfen gepra\u0308gt war, stellte die Weichen eindeutig in Richtung BHC-Sieg. Daran a\u0308nderte auch das Aufba\u0308umen der Gastgeber nichts mehr. Die verku\u0308rzten zwar noch mal auf 19:22, scheiterten aber in den entscheidenden Situationen an der BHC-Abwehr und auch Torhu\u0308ter Tomas Mrkva. Gleichzeitig nutzten die Ga\u0308ste vorne ihre Chancen.<\/p>\n<p>Drei Siebenmeter holten die Lo\u0308wen in den letzten 15 Minuten heraus &#8211; drei Mal schritt Linus Arnesson zur Tat. Der schwedische Spielmacher, der in der gesamten Saison zuvor noch nicht ein Mal angetreten war, blieb abgebru\u0308ht. Er trug damit genau wie der in dieser Phase ebenfalls sichere Max Darj zur vorzeitigen Entscheidung bei.<\/p>\n<p>Beim 27:20 deutete sich zwar schon ein noch deutlicherer Erfolg an, doch die Gastgeber gestalteten das Endresultat durch vier Treffer in Serie aus ihrer Sicht noch etwas erfreulicher.<\/p>\n<\/div>\n<\/div>\n<\/div>\n<div class=\"page\" title=\"Page 2\">\n<p>Lukas Stutzke war u\u0308brigens mit nach Coburg gefahren, zog sich aber im Training eine Handverletzung zu. Wie schwer diese ist, wird am Montag im Bergischen Land abgekla\u0308rt.<\/p>\n<div class=\"layoutArea\">\n<div class=\"column\">\n<h4>Stimmen zum Spiel<\/h4>\n<p><strong>Sebastian Hinze:<\/strong> \u201eWir wussten, dass wir trotz der vielen Ausfa\u0308lle viel Qualita\u0308t auf die Platte kriegen ko\u0308nnen. Das haben wir heute geschafft. Wir hatten nachts schlecht geschlafen, weil es so warm auf den Zimmern war, da will man natu\u0308rlich mit Punkten zuru\u0308ck. Fu\u0308r die Gesamtsituation ist es so, dass wir viel gesprochen haben, uns Ziele gesetzt haben, bei denen es mehr darum ging, die Situation zu lo\u0308sen. Aber mit Punkten macht das deutlich mehr Spa\u00df. Die jungen Spieler machen es heute super, aber man darf nicht nur sie hervorheben. Damit das funktioniert, mu\u0308ssen alle anderen ganz gro\u00dfe Verantwortung fu\u0308r das System u\u0308bernehmen. Das verschafft den jungen Spielern die gro\u00dfe Sicherheit. Daher muss man Max Darj, Linus Arnesson, Csaba Szu\u0308cs und Tomas Babak mit dazuza\u0308hlen, wenn es darum geht, die gute Leistung der jungen Spieler zu wu\u0308rdigen.\u201c<\/p>\n<p><strong>Alois Mraz:<\/strong> \u201eWir haben gut angefangen, das Spiel war ausgeglichen. Leider haben wir uns ein bisschen vorne verloren. In der ersten Halbzeit ko\u0308nnen wir acht Minuten kein Tor machen. Da ist der BHC natu\u0308rlich davongezogen. Aber in der zweiten Halbzeit haben wir es mit Kampf und Moral ein bisschen ausgeglichen. Das war gut. Wir ka\u0308mpfen weiter mit Verletzungen, die uns ein paar Varianten wegnehmen.\u201c<\/p>\n<p><strong>Jo\u0308rg Fo\u0308ste:<\/strong> \u201eEin verdienter Sieg unseres Teams. In dieser Saisonphase ist eine au\u00dfergewo\u0308hnliche Willensleistung erforderlich. Die haben wir heute erbracht &#8211; im Hinblick auf unsere Kadersituation beachtlich. Die Leistungen der jungen Spieler waren heute sehr erfreulich.\u201c<\/p>\n<h4>HSC 2000 Coburg &#8211; Bergischer HC 24:27 (12:16)<\/h4>\n<p><strong>HSC 2000 Coburg:<\/strong> Poltrum, Kulhanek \u2013 Pouya (5), Spro\u00df, Kelm (1), Nenadic (1), Billek (8), Zetterman, Schikora, Kurch, Zeman (3), Grozdanic (3\/1), Schro\u0308der (3), Neuhold. Trainer: Alois Mraz<\/p>\n<p><strong>Bergischer HC:<\/strong> Mrkva, Rudeck &#8211; Boomhouwer (2), Damm, Gutbrod (2), Weck (4), Fontaine, Arnesson (6\/3), Babak (2), Szu\u0308cs, Darj (6), Nikolaisen, Bergner, Uscins (4), Thomas (1). Trainer: Sebastian Hinze<\/p>\n<\/div>\n<\/div>\n<\/div>\n","protected":false},"excerpt":{"rendered":"<p>Der Bergische HC hat sich souver\u00e4n beim Schlusslicht der LIQUI-MOLY HBL, dem HSC 2000 Coburg, durchgesetzt. Beim 27:24 (16:12)-Erfolg in Oberfranken kompensierten die L\u00f6wen erfolgreich den Ausfall von gleich f\u00fcnf Linksh\u00e4ndern sowie R\u00fcckraum-Rechtsh\u00e4nder Lukas Stutzke.<\/p>\n","protected":false},"author":7,"featured_media":0,"comment_status":"open","ping_status":"closed","sticky":false,"template":"","format":"standard","meta":{"footnotes":""},"categories":[20],"tags":[],"class_list":["post-38693","post","type-post","status-publish","format-standard","hentry","category-sport"],"publishpress_future_action":{"enabled":false,"date":"2026-05-07 15:22:20","action":"change-status","newStatus":"draft","terms":[],"taxonomy":"category","extraData":[]},"publishpress_future_workflow_manual_trigger":{"enabledWorkflows":[]},"_links":{"self":[{"href":"https:\/\/www.die-stadtzeitung.de\/index.php\/wp-json\/wp\/v2\/posts\/38693","targetHints":{"allow":["GET"]}}],"collection":[{"href":"https:\/\/www.die-stadtzeitung.de\/index.php\/wp-json\/wp\/v2\/posts"}],"about":[{"href":"https:\/\/www.die-stadtzeitung.de\/index.php\/wp-json\/wp\/v2\/types\/post"}],"author":[{"embeddable":true,"href":"https:\/\/www.die-stadtzeitung.de\/index.php\/wp-json\/wp\/v2\/users\/7"}],"replies":[{"embeddable":true,"href":"https:\/\/www.die-stadtzeitung.de\/index.php\/wp-json\/wp\/v2\/comments?post=38693"}],"version-history":[{"count":2,"href":"https:\/\/www.die-stadtzeitung.de\/index.php\/wp-json\/wp\/v2\/posts\/38693\/revisions"}],"predecessor-version":[{"id":38695,"href":"https:\/\/www.die-stadtzeitung.de\/index.php\/wp-json\/wp\/v2\/posts\/38693\/revisions\/38695"}],"wp:attachment":[{"href":"https:\/\/www.die-stadtzeitung.de\/index.php\/wp-json\/wp\/v2\/media?parent=38693"}],"wp:term":[{"taxonomy":"category","embeddable":true,"href":"https:\/\/www.die-stadtzeitung.de\/index.php\/wp-json\/wp\/v2\/categories?post=38693"},{"taxonomy":"post_tag","embeddable":true,"href":"https:\/\/www.die-stadtzeitung.de\/index.php\/wp-json\/wp\/v2\/tags?post=38693"}],"curies":[{"name":"wp","href":"https:\/\/api.w.org\/{rel}","templated":true}]}}