{"id":38473,"date":"2021-06-10T11:58:00","date_gmt":"2021-06-10T09:58:00","guid":{"rendered":"https:\/\/www.die-stadtzeitung.de\/?p=38473"},"modified":"2021-06-14T18:10:53","modified_gmt":"2021-06-14T16:10:53","slug":"bergische-universitaet-trauert-um-dr-dieter-szewczyk","status":"publish","type":"post","link":"https:\/\/www.die-stadtzeitung.de\/index.php\/2021\/06\/10\/bergische-universitaet-trauert-um-dr-dieter-szewczyk\/","title":{"rendered":"Bergische Universit\u00e4t trauert um Dr. Dieter Szewczyk"},"content":{"rendered":"<div class=\"header\">\n<div id=\"attachment_38475\" class=\"wp-caption alignnone\" style=\"max-width: 970px;\"><img loading=\"lazy\" decoding=\"async\" class=\"size-full wp-image-38475\" src=\"\/wp-content\/uploads\/2021\/06\/Dieter_Szewczyk-2.jpg\" alt=\"\" width=\"960\" height=\"789\" \/><span class=\"wp-caption-text\">Dr. Dieter Szewczyk &#8211; \u00a9 Friedrike von Heyden<\/span><\/div>\n<\/div>\n<div class=\"teaser-text\">\n<p class=\"bodytext\">Die Hochschulleitung der Bergischen Universit\u00e4t trauert um Dieter Szewczyk, der seit fast 30 Jahren an der Universit\u00e4t t\u00e4tig war.<\/p>\n<\/div>\n<div id=\"c28463\" class=\"csc-default\">\n<div class=\"csc-textpic csc-textpic-intext-right csc-textpic-equalheight\">\n<div class=\"csc-textpic-text\">\n<p class=\"bodytext\">\u201eDie Pr\u00e4senz, die Dieter Szewczyk auch in der Zusammenarbeit im Kollegium der Dezernent*innen, mit der Hochschulleitung und mit seinen Kolleginnen und Kollegen anderer Universit\u00e4ten hatte, ist aus seiner starken Fachlichkeit, aus der besonderen Intensit\u00e4t, mit der er seinen Beruf ausge\u00fcbt hat, und aus der Aufmerksamkeit entstanden, die er allen Situationen seiner Berufsaus\u00fcbung und den Menschen gewidmet hat, denen er dort begegnet ist\u201c, so Dr. Roland Kischkel.<\/p>\n<p class=\"bodytext\">Uni-Rektor Prof. Dr. Lambert T. Koch betont: \u201eMit Dieter Szewczyk verliert die Bergische Universit\u00e4t einen Mitarbeiter, der sich in ganz besonderer Weise um die Universit\u00e4t verdient gemacht hat. Unser ganzes Mitgef\u00fchl gilt seiner Familie und seinen engen Vertrauten, denen er als Mensch unersetzlich bleiben wird.\u201c<\/p>\n<p class=\"bodytext\">Dieter Szewczyk wurde in Lage\/Lippe geboren. Er studierte Chemie an der Universit\u00e4t Paderborn und schloss seine akademische Bildung im Jahr 1991 mit der Promotion ab. 1992 kam er nach Wuppertal an die Bergische Universit\u00e4t, zun\u00e4chst als Fachkraft f\u00fcr Arbeitssicherheit und seit 1994 als Leiter des Dezernates f\u00fcr Arbeits- und Umweltschutz.<\/p>\n<p class=\"bodytext\">Im Jahr 2009 \u00fcbernahm er die Leitung des Dezernates f\u00fcr Geb\u00e4ude-, Sicherheits- und Umweltmanagement, das aus der Integration des Arbeits- und Umweltschutzes in das f\u00fcr Geb\u00e4udemanagement zust\u00e4ndige Dezernat entstand.<\/p>\n<p class=\"bodytext\"><a class=\"external-link-new-window\" href=\"https:\/\/www.presse.uni-wuppertal.de\/de\/medieninformationen\/2021\/06\/12\/33688-zum-tod-von-dr-dieter-szewczyk\/\" target=\"_blank\" rel=\"noopener\">Nachruf der Hochschulleitung (pdf) <\/a><\/p>\n<\/div>\n<\/div>\n<\/div>\n","protected":false},"excerpt":{"rendered":"<p>Dr. Dieter Szewczyk, Leiter des Dezernates f\u00fcr Geb\u00e4ude-, Sicherheits- und Umweltmanagement der Bergischen Universit\u00e4t Wuppertal, ist im Alter von 59 Jahren verstorben. Dieter Szewczyk war seit 1992 an der Bergischen Universit\u00e4t t\u00e4tig. Sein Verantwortungsbereich umfasste den gesamten kaufm\u00e4nnischen und technischen Geb\u00e4udebetrieb der Bergischen Universit\u00e4t sowie den Bereich Planen und Bauen.<\/p>\n","protected":false},"author":7,"featured_media":0,"comment_status":"open","ping_status":"closed","sticky":false,"template":"","format":"standard","meta":{"footnotes":""},"categories":[27],"tags":[],"class_list":["post-38473","post","type-post","status-publish","format-standard","hentry","category-wissen"],"publishpress_future_action":{"enabled":false,"date":"2026-05-08 13:07:32","action":"change-status","newStatus":"draft","terms":[],"taxonomy":"category","extraData":[]},"publishpress_future_workflow_manual_trigger":{"enabledWorkflows":[]},"_links":{"self":[{"href":"https:\/\/www.die-stadtzeitung.de\/index.php\/wp-json\/wp\/v2\/posts\/38473","targetHints":{"allow":["GET"]}}],"collection":[{"href":"https:\/\/www.die-stadtzeitung.de\/index.php\/wp-json\/wp\/v2\/posts"}],"about":[{"href":"https:\/\/www.die-stadtzeitung.de\/index.php\/wp-json\/wp\/v2\/types\/post"}],"author":[{"embeddable":true,"href":"https:\/\/www.die-stadtzeitung.de\/index.php\/wp-json\/wp\/v2\/users\/7"}],"replies":[{"embeddable":true,"href":"https:\/\/www.die-stadtzeitung.de\/index.php\/wp-json\/wp\/v2\/comments?post=38473"}],"version-history":[{"count":2,"href":"https:\/\/www.die-stadtzeitung.de\/index.php\/wp-json\/wp\/v2\/posts\/38473\/revisions"}],"predecessor-version":[{"id":38476,"href":"https:\/\/www.die-stadtzeitung.de\/index.php\/wp-json\/wp\/v2\/posts\/38473\/revisions\/38476"}],"wp:attachment":[{"href":"https:\/\/www.die-stadtzeitung.de\/index.php\/wp-json\/wp\/v2\/media?parent=38473"}],"wp:term":[{"taxonomy":"category","embeddable":true,"href":"https:\/\/www.die-stadtzeitung.de\/index.php\/wp-json\/wp\/v2\/categories?post=38473"},{"taxonomy":"post_tag","embeddable":true,"href":"https:\/\/www.die-stadtzeitung.de\/index.php\/wp-json\/wp\/v2\/tags?post=38473"}],"curies":[{"name":"wp","href":"https:\/\/api.w.org\/{rel}","templated":true}]}}