{"id":38456,"date":"2021-06-10T06:12:03","date_gmt":"2021-06-10T04:12:03","guid":{"rendered":"https:\/\/www.die-stadtzeitung.de\/?p=38456"},"modified":"2021-06-14T06:15:05","modified_gmt":"2021-06-14T04:15:05","slug":"bvhs-was-macht-den-menschen-zum-menschen","status":"publish","type":"post","link":"https:\/\/www.die-stadtzeitung.de\/index.php\/2021\/06\/10\/bvhs-was-macht-den-menschen-zum-menschen\/","title":{"rendered":"BVHS: Was macht den Menschen zum Menschen?"},"content":{"rendered":"<div id=\"attachment_38459\" class=\"wp-caption alignnone\" style=\"max-width: 728px;\"><img loading=\"lazy\" decoding=\"async\" class=\" wp-image-38459\" src=\"\/wp-content\/uploads\/2021\/06\/POR_1BayertzKurt_honorarfrei_\u00a9ReinoldSchmuecker.nu-ll-2.jpg\" alt=\"\" width=\"718\" height=\"478\" \/><span class=\"wp-caption-text\">Prof. Kurt Bayertz &#8211; \u00a9 Reinhold Schm\u00fccker<\/span><\/div>\n<p>Zum anderen greift der Schriftsteller Dietmar Dath im Gespr\u00e4ch mit Kurt Bayertz die Frage auf, welche Bedeutung denn das Werk von Karl Marx f\u00fcr die heutige Analyse \u00f6konomischer Prozesse bereit halten k\u00f6nne (18.06.). Die Teilnahme an beiden Veranstaltungen ist entgeltfrei.<\/p>\n<h4>ONLINE-Vortrag: &#8222;Von Glanz und Elend des aufrechten Ganges&#8220;<\/h4>\n<p>Mit Prof. Dr. Kurt Bayertz<span class=\"Apple-converted-space\">\u00a0<\/span><\/p>\n<p>Was macht den Menschen zum Menschen? Was erhebt ihn &#8211; im wahrsten Sinne des Wortes &#8211; \u00fcber alle anderen Lebewesen? Eine g\u00e4ngige Antwort lautet seit der Antike: \u201eder aufrechte Gang\u201c. In dem Vortrag wird die Denkfigur des \u201eaufrechten Ganges\u201c vorgestellt, die seit der Antike die Geistesgeschichte gepr\u00e4gt hat. Die K\u00f6rperhaltung bestimmt stark das menschliche Selbstbild und findet in der Politik bis heute ihren Ausdruck im &#8222;aufrechten&#8220; Menschen als Metapher und Symbol f\u00fcr ein w\u00fcrdiges Leben.<\/p>\n<p>Kurt Bayertz ist emeritierter Professor f\u00fcr Praktische Philosophie an der Westf\u00e4lischen Wilhelms-Universit\u00e4t M\u00fcnster.<\/p>\n<p><strong>Termin:<span class=\"Apple-converted-space\">\u00a0<\/span><\/strong><\/p>\n<p>Donnerstag &#8211; 17.06. &#8211; 19:30 Uhr.<span class=\"Apple-converted-space\">\u00a0<\/span><\/p>\n<p>Die Teilnahme ist entgeltfrei.<span class=\"Apple-converted-space\">\u00a0<\/span><\/p>\n<p>Den Link zum Vortrag erhalten Sie am Veranstaltungstag per Mail.<\/p>\n<p>Bitte melden Sie sich unter der Kursnummer: 10-9015s@121 auf der Homepage der Berg. VHS <a href=\"http:\/\/www.bvhs.de\/\">www.bvhs.de<\/a> oder per Mail unter <a href=\"mailto:heinz-werner.wuerzler@bergische-vhs.de\">heinz-werner.wuerzler@bergische-vhs.de<\/a> oder telefonisch unter 0212 290 3265 an.<\/p>\n<h4>Online-Diskussion: Was bleibt von Karl Marx?<span class=\"Apple-converted-space\">\u00a0<\/span><\/h4>\n<p>Mit dem Schriftsteller Dietmar Dath und dem Philosophen Prof. Dr. Kurt Bayertz<b><span class=\"Apple-converted-space\">\u00a0<\/span><\/b><\/p>\n<p>Mit dem Fall des Eisernen Vorhangs wurde auch das Werk von Karl Marx aus der engen Schablone des \u201eMarxismus-Leninismus\u201c gel\u00f6st und steht seitdem wieder offener zur Diskussion. Allerdings gelangt diese meist nur zu \u00f6konomischen Krisenzeiten oder zu Jubil\u00e4en in die breitere \u00d6ffentlichkeit.<\/p>\n<p>In dem Gespr\u00e4ch zwischen Kurt Bayertz und Dietmar Dath soll unabh\u00e4ngig von derart \u00e4u\u00dferlichen Anl\u00e4ssen die Philosophie und Gesellschaftstheorie von Karl Marx Gegenstand sein. L\u00e4sst sich mit seiner kritischen Theorie der kapitalistischen Produktionsweise auch die Wirtschaft im 21. Jahrhundert noch treffend beschreiben?<\/p>\n<p>Dietmar Dath ist Redakteur im Feuilleton der FAZ und Schriftsteller. Kurt Bayertz ist emeritierter Professor f\u00fcr Praktische Philosophie an der Westf\u00e4lischen Wilhelms-Universit\u00e4t M\u00fcnster.<\/p>\n<p><strong>Termin:<span class=\"Apple-converted-space\">\u00a0<\/span><\/strong><\/p>\n<p>Freitag &#8211; 18.06. &#8211; 19:30 Uhr.<span class=\"Apple-converted-space\">\u00a0<\/span><\/p>\n<p>Die Teilnahme ist entgeltfrei.<span class=\"Apple-converted-space\">\u00a0<\/span><\/p>\n<p>Den Link zum Vortrag erhalten Sie am Veranstaltungstag per Mail.<\/p>\n<p>Bitte melden Sie sich unter der Kursnummer: 10-9016s@121 auf der Homepage der Berg. VHS <a href=\"http:\/\/www.bvhs.de\/\">www.bvhs.de<\/a> oder per Mail unter <a href=\"mailto:heinz-werner.wuerzler@bergische-vhs.de\">heinz-werner.wuerzler@bergische-vhs.de<\/a> oder telefonisch unter 0212 290 3265 an.<\/p>\n<p>&nbsp;<\/p>\n","protected":false},"excerpt":{"rendered":"<p>Zwei spannende Online-Vortr\u00e4ge aus der Reihe &#8222;VHS-Wissen-Live&#8220; bietet die Bergische Volkshochschule (BVHS) in dieser Woche an. Zum einen stellt der Philosoph Kurt Bayertz die Frage, was den Menschen zum Menschen macht, und diskutiert in diesem Zusammenhang die Bedeutung des aufrechten Ganges (17.06.).<\/p>\n","protected":false},"author":7,"featured_media":0,"comment_status":"open","ping_status":"closed","sticky":false,"template":"","format":"standard","meta":{"footnotes":""},"categories":[27],"tags":[],"class_list":["post-38456","post","type-post","status-publish","format-standard","hentry","category-wissen"],"publishpress_future_action":{"enabled":false,"date":"2026-05-08 02:36:03","action":"change-status","newStatus":"draft","terms":[],"taxonomy":"category","extraData":[]},"publishpress_future_workflow_manual_trigger":{"enabledWorkflows":[]},"_links":{"self":[{"href":"https:\/\/www.die-stadtzeitung.de\/index.php\/wp-json\/wp\/v2\/posts\/38456","targetHints":{"allow":["GET"]}}],"collection":[{"href":"https:\/\/www.die-stadtzeitung.de\/index.php\/wp-json\/wp\/v2\/posts"}],"about":[{"href":"https:\/\/www.die-stadtzeitung.de\/index.php\/wp-json\/wp\/v2\/types\/post"}],"author":[{"embeddable":true,"href":"https:\/\/www.die-stadtzeitung.de\/index.php\/wp-json\/wp\/v2\/users\/7"}],"replies":[{"embeddable":true,"href":"https:\/\/www.die-stadtzeitung.de\/index.php\/wp-json\/wp\/v2\/comments?post=38456"}],"version-history":[{"count":3,"href":"https:\/\/www.die-stadtzeitung.de\/index.php\/wp-json\/wp\/v2\/posts\/38456\/revisions"}],"predecessor-version":[{"id":38460,"href":"https:\/\/www.die-stadtzeitung.de\/index.php\/wp-json\/wp\/v2\/posts\/38456\/revisions\/38460"}],"wp:attachment":[{"href":"https:\/\/www.die-stadtzeitung.de\/index.php\/wp-json\/wp\/v2\/media?parent=38456"}],"wp:term":[{"taxonomy":"category","embeddable":true,"href":"https:\/\/www.die-stadtzeitung.de\/index.php\/wp-json\/wp\/v2\/categories?post=38456"},{"taxonomy":"post_tag","embeddable":true,"href":"https:\/\/www.die-stadtzeitung.de\/index.php\/wp-json\/wp\/v2\/tags?post=38456"}],"curies":[{"name":"wp","href":"https:\/\/api.w.org\/{rel}","templated":true}]}}