{"id":38326,"date":"2021-06-10T08:47:07","date_gmt":"2021-06-10T06:47:07","guid":{"rendered":"https:\/\/www.die-stadtzeitung.de\/?p=38326"},"modified":"2021-06-10T08:47:07","modified_gmt":"2021-06-10T06:47:07","slug":"der-kulturrucksack-ist-bis-zum-rand-gefuellt","status":"publish","type":"post","link":"https:\/\/www.die-stadtzeitung.de\/index.php\/2021\/06\/10\/der-kulturrucksack-ist-bis-zum-rand-gefuellt\/","title":{"rendered":"Der &#8222;Kulturrucksack&#8220; ist bis zum Rand gef\u00fcllt"},"content":{"rendered":"<div id=\"attachment_38328\" class=\"wp-caption alignnone\" style=\"max-width: 1034px;\"><img loading=\"lazy\" decoding=\"async\" class=\"size-large wp-image-38328\" src=\"\/wp-content\/uploads\/2021\/06\/Kulturrucksack_Foto-Ralf-Silberkuhl-1024x682.jpg\" alt=\"\" width=\"1024\" height=\"682\" \/><span class=\"wp-caption-text\">Impressionen vom &#8222;Kulturrucksack&#8220; &#8211; \u00a9 Ralf Silberkuhl<\/span><\/div>\n<p>Es wird daher eine fr\u00fchzeitige Anmeldung empfohlen unter www.wuppertal-live.de.<\/p>\n<p>Die Kursgeb\u00fchr f\u00fcr die Ferien-Workshops ist wie immer so angesetzt, dass viele junge Wuppertalerinnen und Wuppertaler mitmachen k\u00f6nnen:<span class=\"Apple-converted-space\">\u00a0 <\/span>25 \u20ac Selbstbeteiligung &#8211; bzw. 12,50 \u20ac erm\u00e4\u00dfigt.<span class=\"Apple-converted-space\">\u00a0<\/span><\/p>\n<p>Kostenfreie Angebote jenseits der Ferien gibt es bei \u201eKULTUR VOR ORT\u201c: &#8211; \u00a0Bis zum 30. Juni taucht Gisela Kettner dienstags und mittwochs an verschiedenen Pl\u00e4tzen in Wichlinghausen mit einem mobilen Pop-Up-Atelier auf.<span class=\"Apple-converted-space\">\u00a0<\/span><\/p>\n<p>Unter dem Motto \u201eART TO GO &#8211; Go with the Flow\u201c entstehen Upcycling-Objekte, Land-Art oder Bilder aus der Malmaschine!<span class=\"Apple-converted-space\">\u00a0<\/span><\/p>\n<p>Bei ICH UND MEINE LINIE wird bis zum 26. Juni mit dem 3D-Drucker-Stift gezeichnet und Objekte gestaltet. Der Kurs findet immer freitags und samstags von 15.00 \u2013 17.30 Uhr im Jugendhaus in Vohwinkel statt.<span class=\"Apple-converted-space\">\u00a0<\/span><\/p>\n<p>Aus LEGO werden bis zum 30. Juni MUSIZIERENDE MONSTER gebaut und Musik dazu gemacht! Am Ende entsteht eine Band aus LEGO-Monstern. Immer mittwochs von 17.00 \u2013 20.00 Uhr im Kinder- und Jugendzentrum Mastweg .<\/p>\n<p>Auch dieses Jahr kamen wieder viele Anregungen f\u00fcr neue Kulturrucksack-Angebote von den beteiligten K\u00fcnstlern, die durch Zeitgeist und W\u00fcnsche der Teilnehmer inspiriert sind. Das betrifft nat\u00fcrlich auch die kommenden Sommerferienangebote.<\/p>\n<p>Beispiele f\u00fcr die Sommerferien-Workshop in den ersten beiden Ferienwochen:<span class=\"Apple-converted-space\">\u00a0<\/span><\/p>\n<p>Ein Klassiker ist mittlerweile das inklusive Projekt 4 ELEMENTE HIP-HOP im Kinder- und Jugendtreff Arrenberg vom 5. bis 9. Juli bei dem die Teilnehmer ihre individuellen St\u00e4rken bei Graffiti, Breakdance, DJing und Rap entdecken k\u00f6nnen.<\/p>\n<p>Bei FLOWER POWER holen sich die jungen K\u00fcnstler vom 12. bis 16. Juli Inspiration im Von-der-Heydt-Museum und im Botanischen Garten. Im Garten-Atelier entstehen dann individuelle Blumenportraits, Traumf\u00e4nger, Fensterbilder und Windspiele.<\/p>\n<p>Beim PODCAST-Workshop k\u00f6nnen sich die Teilnehmer vom 12.-16. Juli im Haus der Jugend Barmen als Nachwuchs-Moderatoren und -Reporter ausprobieren.<\/p>\n<div id=\"attachment_38329\" class=\"wp-caption alignnone\" style=\"max-width: 1034px;\"><img loading=\"lazy\" decoding=\"async\" class=\"size-large wp-image-38329\" src=\"\/wp-content\/uploads\/2021\/06\/Kulturrucksack_Foto-Ulrike-Halene_Dortmund-1024x682.jpg\" alt=\"\" width=\"1024\" height=\"682\" \/><span class=\"wp-caption-text\">Es ist angerichtet &#8211; auch 2021 gibt es einen &#8222;Kulturrucksack&#8220; &#8211; \u00a9 Ulrike Halene<\/span><\/div>\n<p>F\u00fcr die Ferien-Workshops ist der Vorverkauf er\u00f6ffnet. Momentan gibt es nur 5 Pl\u00e4tze pro Angebot. Die Organisatoren rechnen aber damit, kurz vor den Ferien die Kontingente erh\u00f6hen zu k\u00f6nnen. Wer bei www.wuppertal-live.de nicht buchen kann, kann sich auf eine Warteliste setzen lassen \u00fcber d.beilmann@dieboerse-wtal.de.<br \/>\nDas komplette Programm steht unter www.kulturrucksack-wuppertal.de <span class=\"Apple-converted-space\">\u00a0<\/span><\/p>\n<p>Und was ist mit Corona? Unsere Angebote sollen m\u00f6glichst alle stattfinden. Wenn n\u00f6tig, in sehr kleinen Gruppen. Deshalb ist eine fr\u00fchzeitige Anmeldung, auch f\u00fcr kostenlose Workshops, wichtig! Sollte dennoch etwas ausfallen, informieren wir umgehend.<span class=\"Apple-converted-space\">\u00a0<\/span><\/p>\n<p>Der Kulturrucksack ist ein F\u00f6rderprogramm des Landes NRW. In Wuppertal wird er vom Kulturb\u00fcro und dem Fachbereich Jugend &amp; Freizeit gemeinsam mit dem Soziokulturzentrum \u201adie b\u00f6rse\u2018 umgesetzt.<span class=\"Apple-converted-space\">\u00a0<\/span><\/p>\n","protected":false},"excerpt":{"rendered":"<p>Die derzeitigen Lockerungen machen es m\u00f6glich: Auch im Fr\u00fchsommer 2021 findet der KULTURRUCKSACK Wuppertal mit vielen spannenden Workshops statt. Darunter viele Ferienangebote. Bislang mit begrenzter Teilnehmerzahl.\u00a0<\/p>\n","protected":false},"author":7,"featured_media":0,"comment_status":"open","ping_status":"closed","sticky":false,"template":"","format":"standard","meta":{"footnotes":""},"categories":[24],"tags":[],"class_list":["post-38326","post","type-post","status-publish","format-standard","hentry","category-wuppertal"],"publishpress_future_action":{"enabled":false,"date":"2026-05-04 06:47:57","action":"change-status","newStatus":"draft","terms":[],"taxonomy":"category","extraData":[]},"publishpress_future_workflow_manual_trigger":{"enabledWorkflows":[]},"_links":{"self":[{"href":"https:\/\/www.die-stadtzeitung.de\/index.php\/wp-json\/wp\/v2\/posts\/38326","targetHints":{"allow":["GET"]}}],"collection":[{"href":"https:\/\/www.die-stadtzeitung.de\/index.php\/wp-json\/wp\/v2\/posts"}],"about":[{"href":"https:\/\/www.die-stadtzeitung.de\/index.php\/wp-json\/wp\/v2\/types\/post"}],"author":[{"embeddable":true,"href":"https:\/\/www.die-stadtzeitung.de\/index.php\/wp-json\/wp\/v2\/users\/7"}],"replies":[{"embeddable":true,"href":"https:\/\/www.die-stadtzeitung.de\/index.php\/wp-json\/wp\/v2\/comments?post=38326"}],"version-history":[{"count":2,"href":"https:\/\/www.die-stadtzeitung.de\/index.php\/wp-json\/wp\/v2\/posts\/38326\/revisions"}],"predecessor-version":[{"id":38330,"href":"https:\/\/www.die-stadtzeitung.de\/index.php\/wp-json\/wp\/v2\/posts\/38326\/revisions\/38330"}],"wp:attachment":[{"href":"https:\/\/www.die-stadtzeitung.de\/index.php\/wp-json\/wp\/v2\/media?parent=38326"}],"wp:term":[{"taxonomy":"category","embeddable":true,"href":"https:\/\/www.die-stadtzeitung.de\/index.php\/wp-json\/wp\/v2\/categories?post=38326"},{"taxonomy":"post_tag","embeddable":true,"href":"https:\/\/www.die-stadtzeitung.de\/index.php\/wp-json\/wp\/v2\/tags?post=38326"}],"curies":[{"name":"wp","href":"https:\/\/api.w.org\/{rel}","templated":true}]}}