{"id":38224,"date":"2021-06-07T10:24:41","date_gmt":"2021-06-07T08:24:41","guid":{"rendered":"https:\/\/www.die-stadtzeitung.de\/?p=38224"},"modified":"2022-01-23T12:46:03","modified_gmt":"2022-01-23T11:46:03","slug":"kulturstadt-wuppertal-das-ist-hier-die-frage","status":"publish","type":"post","link":"https:\/\/www.die-stadtzeitung.de\/index.php\/2021\/06\/07\/kulturstadt-wuppertal-das-ist-hier-die-frage\/","title":{"rendered":"Kulturstadt Wuppertal? Das ist hier die Frage"},"content":{"rendered":"<div id=\"attachment_44604\" class=\"wp-caption alignnone\" style=\"max-width: 1034px;\"><img loading=\"lazy\" decoding=\"async\" class=\"size-large wp-image-44604\" src=\"\/wp-content\/uploads\/2022\/01\/FOTO-Oliver-Wachenfeld-2-1024x685.jpeg\" alt=\"\" width=\"1024\" height=\"685\" \/><span class=\"wp-caption-text\">Der Marketing-Experte und Wuppertal Botschafter Vok Dams \u2013 \u00a9 Oliver Wachenfeld<\/span><\/div>\n<p>Kommentare zur Kolumne von Vok Dams: \u201eWUPPERTAL \u2013 KULTURSTADT DER ZUKUNFT?<\/p>\n<h4>Am Freitag 04.06.2021 (13:05 Uhr) schrieb Klaus J. Poehls:<\/h4>\n<p>&#8222;WUPPERTAL \u2013\u00a0KULTURSTADT DER ZUKUNFT?\u00a0Ist damit gemeint, dass Wuppertal z. Zt. noch nicht den Status einer Kulturstadt f\u00fchren darf?<\/p>\n<p>Als OB ein solches Zukunftsversprechen abzugeben, ist sehr mutig. Er kann ja allein nichts bewegen.\u00a0Wer sind die Menschen, die Wuppertal in der Zukunft\u00a0zu einer Kulturstadt\u00a0(mit WOW-Effekt) ver\u00e4ndern?&#8220;<\/p>\n<p>Die Antwort lie\u00df nicht lange auf sich warten<\/p>\n<h4>Vok Dams schrieb am Freitag &#8211; 04.06. &#8211; 14:46 Uhr:<\/h4>\n<p>&#8222;Eine interessante Frage im Hinblick auf die ruhmreiche kulturelle Vergangenheit Wuppertals\u00a0in den 1960er und 1970er Jahren. Siehe DIE STADTZEITUNG \u2013 Bericht von Eike Pies \u2013 \u00a0Es war die Zeit der Konzeptk\u00fcnstler, der Happenings und der<br \/>\nFluxusbewegung\u2026<\/p>\n<p>Oberb\u00fcrgermeister Schneidewind hat ja schon in Verbindung mit seinem Buch zur \u201eEinf\u00fchrung in die Kunst (!) des gesellschaftlichen Wandels im Rahmen der \u00a0\u201eGro\u00dfen Transformation\u201c den Begriff der \u201eZukunftskunst\u201c gepr\u00e4gt und den Kunstbegriff damit erweitert.\u00a0Eckehard Lowisch wurde von ihm mit einer Ausstellung als erster Zukunftsk\u00fcnstler vorgestellt.Auch das ist \u201edie Kunst der Kommunikation\u201c, dieses Thema weiter zu f\u00fchren.&#8220;<\/p>\n<div id=\"attachment_38229\" class=\"wp-caption alignnone\" style=\"max-width: 506px;\"><img loading=\"lazy\" decoding=\"async\" class=\" wp-image-38229\" src=\"\/wp-content\/uploads\/2021\/06\/IMG_1929-768x1024.jpeg\" alt=\"\" width=\"496\" height=\"661\" \/><span class=\"wp-caption-text\">Das Buch, das OB Prof. Dr. Uwe Schneidewind geschrieben hat &#8211; \u00a9 Vok Dams iNotes<\/span><\/div>\n<p><strong>Link zur 4. Folge der Exklusiv-Serie &#8222;Die Kunst der Kommunikation &#8211; made in Wuppertal&#8220;<\/strong><\/p>\n<p><a href=\"https:\/\/www.die-stadtzeitung.de\/index.php\/2021\/06\/04\/die-kunst-der-kommunikation-made-in-wuppertal-4\/\">https:\/\/www.die-stadtzeitung.de\/index.php\/2021\/06\/04\/die-kunst-der-kommunikation-made-in-wuppertal-4\/<\/a><\/p>\n<h4>Am Freitag 04. Juni 2021 &#8211; 16:30 Uhr &#8211; schrieb Klaus J. P\u00f6hls:<\/h4>\n<p>&#8222;Ich verstehe es nicht ganz, aber meine These scheint richtig zu sein:\u00a0Wuppertal ist derzeit keine Kulturstadt.\u00a0Ob das stimmt, kann ich aus der Ferne nicht abschlie\u00dfend beurteilen.<\/p>\n<p>Man h\u00e4tte ja auch formulieren k\u00f6nnen: Wuppertal, eine Kulturstadt m i t\u00a0Zukunft.\u00a0Dann w\u00e4rt Ihr jetzt schon dabei und in Zukunft auch.&#8220;<\/p>\n<h4>Am Sonntag 06. Juni &#8211; 2021 schrieb Vok Dams<\/h4>\n<p>&#8222;In der Tat, die \u00dcberschrift l\u00e4sst Zweifel zur aktuellen Situation und Einsch\u00e4tzung aufkommen.\u00a0Im folgenden Text wird diesem Eindruck aber energisch widersprochen.\u00a0Der Oberb\u00fcrgermeister verweist auf die \u201edynamische und facettenreiche Kulturszene, die international ausstrahlt und lokal in die Stadtgesellschaft wirkt\u201c.<\/p>\n<p>(Zweifel sind aus meiner Sicht deshalb nur an der \u201eStrahlkraft\u201c erlaubt.)<\/p>\n<p>Und weiter: \u201eDieses riesige kulturelle und transdisziplin\u00e4re Potential gilt es als zentralen Faktor f\u00fcr den Aufbruch Wuppertals zu begreifen. Darin liegt die gro\u00dfe Chance, Wuppertal als moderne, multinationale und zukunftsorientierte Kulturstadt jenseits der gro\u00dfen Metropolen zu etablieren.<\/p>\n<p>Dass dies auch etwas mit der \u201eKunst der Kommunikation\u201c zu tun hat, liegt auf der Hand.\u00a0Eine Brosch\u00fcre des Kulturb\u00fcros der Stadt Wuppertal mit einer Auflage von 1000 Exemplaren ist deshalb begr\u00fc\u00dfenswert, d\u00fcrfte uns dem Ziel, ein Leuchtfeuer anzuz\u00fcnden aber kaum n\u00e4her bringen.<\/p>\n<p>Freuen wir uns also auf das zuk\u00fcnftige Feuerwerk, mit dem WUPPERTAL als Kultur-Stadt in die Zukunft startet.&#8220;<\/p>\n<p><strong>Link zur Kolumne: &#8222;Vok Dams: Wuppertal &#8211; Kulturstadt der Zukunft?&#8220;<\/strong><\/p>\n<p><a href=\"https:\/\/www.die-stadtzeitung.de\/index.php\/2021\/06\/04\/vok-dams-wuppertal-kulturstadt-der-zukunft\/\">https:\/\/www.die-stadtzeitung.de\/index.php\/2021\/06\/04\/vok-dams-wuppertal-kulturstadt-der-zukunft\/<\/a><\/p>\n","protected":false},"excerpt":{"rendered":"<p>Am 04.06. stellte Marketing-Experte und Wuppertal Botschafter Vok Dams in seinem NotizBLOG und in der STADTZEITUNG die rhetorische Frage: &#8222;Wuppertal &#8211; Kulturstadt der Zukunft?&#8220; Daraus hat sich ein interessanter Dialog zwischen ihm und seinem Freund Klaus J. P\u00f6hls entwickelt. Der Werbefachmann und K\u00fcnstler lebt mittlerweile in Hamburg &#8211; seine Heimatstadt Wuppertal aber aus der Ferne immer im Blick.\u00a0<\/p>\n","protected":false},"author":7,"featured_media":0,"comment_status":"open","ping_status":"closed","sticky":false,"template":"","format":"standard","meta":{"footnotes":""},"categories":[29],"tags":[],"class_list":["post-38224","post","type-post","status-publish","format-standard","hentry","category-kultur"],"publishpress_future_action":{"enabled":false,"date":"2026-05-07 15:30:14","action":"change-status","newStatus":"draft","terms":[],"taxonomy":"category","extraData":[]},"publishpress_future_workflow_manual_trigger":{"enabledWorkflows":[]},"_links":{"self":[{"href":"https:\/\/www.die-stadtzeitung.de\/index.php\/wp-json\/wp\/v2\/posts\/38224","targetHints":{"allow":["GET"]}}],"collection":[{"href":"https:\/\/www.die-stadtzeitung.de\/index.php\/wp-json\/wp\/v2\/posts"}],"about":[{"href":"https:\/\/www.die-stadtzeitung.de\/index.php\/wp-json\/wp\/v2\/types\/post"}],"author":[{"embeddable":true,"href":"https:\/\/www.die-stadtzeitung.de\/index.php\/wp-json\/wp\/v2\/users\/7"}],"replies":[{"embeddable":true,"href":"https:\/\/www.die-stadtzeitung.de\/index.php\/wp-json\/wp\/v2\/comments?post=38224"}],"version-history":[{"count":6,"href":"https:\/\/www.die-stadtzeitung.de\/index.php\/wp-json\/wp\/v2\/posts\/38224\/revisions"}],"predecessor-version":[{"id":45509,"href":"https:\/\/www.die-stadtzeitung.de\/index.php\/wp-json\/wp\/v2\/posts\/38224\/revisions\/45509"}],"wp:attachment":[{"href":"https:\/\/www.die-stadtzeitung.de\/index.php\/wp-json\/wp\/v2\/media?parent=38224"}],"wp:term":[{"taxonomy":"category","embeddable":true,"href":"https:\/\/www.die-stadtzeitung.de\/index.php\/wp-json\/wp\/v2\/categories?post=38224"},{"taxonomy":"post_tag","embeddable":true,"href":"https:\/\/www.die-stadtzeitung.de\/index.php\/wp-json\/wp\/v2\/tags?post=38224"}],"curies":[{"name":"wp","href":"https:\/\/api.w.org\/{rel}","templated":true}]}}