{"id":38129,"date":"2021-06-03T09:00:19","date_gmt":"2021-06-03T07:00:19","guid":{"rendered":"https:\/\/www.die-stadtzeitung.de\/?p=38129"},"modified":"2021-06-05T12:32:54","modified_gmt":"2021-06-05T10:32:54","slug":"wsv-daniel-grebe-bleibt-viele-andere-gehen","status":"publish","type":"post","link":"https:\/\/www.die-stadtzeitung.de\/index.php\/2021\/06\/03\/wsv-daniel-grebe-bleibt-viele-andere-gehen\/","title":{"rendered":"WSV: Daniel Grebe bleibt &#8211; viele andere gehen"},"content":{"rendered":"<div id=\"attachment_38131\" class=\"wp-caption alignnone\" style=\"max-width: 1034px;\"><img loading=\"lazy\" decoding=\"async\" class=\"size-large wp-image-38131\" src=\"\/wp-content\/uploads\/2021\/06\/classen-2021-May-29-0310-2-1024x695.jpg\" alt=\"\" width=\"1024\" height=\"695\" \/><span class=\"wp-caption-text\">Daniel Grebe &#8211; \u00a9 Jochen Classen<\/span><\/div>\n<p>&#8222;Daniel ist f\u00fcr die Fans und f\u00fcr unsere Stadt eine absolute Identifikationsfigur. Er lebt den WSV zu 100 Prozent&#8220;, so der sportliche Leiter Stephan K\u00fcsters. Auch der Trainer habe f\u00fcr eine Verl\u00e4ngerung geworben: &#8222;Bj\u00f6rn will weiterhin echte Typen in seiner Mannschaft und genau das verk\u00f6rpert Daniel.&#8220;<\/p>\n<p>Auch neben dem Platz lobt er die Zusammenarbeit: &#8222;Durch seine Doppelfunktion arbeiten wir fast t\u00e4glich miteinander. Als Vertriebs- und Marketingleiter ist Daniel immer mit vollem Einsatz dabei.&#8220;<\/p>\n<p>F\u00fcr Daniel Grebe war die Verl\u00e4ngerung eine Selbstverst\u00e4ndlichkeit: &#8222;F\u00fcr mich z\u00e4hlt nur der WSV, daher stellte sich mir auch nicht die Frage, ob ich zu einem anderen Verein wechseln soll, bei dem ich mehr Spielpraxis h\u00e4tte haben k\u00f6nnen. Das hat f\u00fcr mich in meinem Alter keine Priorit\u00e4t mehr. Meine Priorit\u00e4t ist es, den Verein mit allen Beteiligten auf eine n\u00e4chste Ebene zu heben.&#8220;<\/p>\n<p>Seine zuk\u00fcnftige Rolle sieht er im sportlichen Bereich deshalb eher als Aushilfsspieler: &#8222;Die sportliche Leitung m\u00f6chte mich als Motivator und Typ an Bord haben. Als Fu\u00dfballer werde ich als Feuerwehrmann parat stehen und jede m\u00f6gliche Trainingseinheit mitnehmen, um mich fit zu halten. Wenn das Team und der Trainer mich brauchen, bin ich da.&#8220; In seiner zweiten Rolle f\u00fchlt er sich auch ausgesprochen gut: &#8222;Als Vertriebs- und Marketingleiter bin ich mittlerweile immer mehr eingebunden. Es steht viel Arbeit an.&#8220;<\/p>\n<p>Daniel Grebe spielt seit Januar 2016 f\u00fcr den Wuppertaler SV. In bisher 153 Pflichtspiel-Eins\u00e4tzen gelangen ihm 5 Tore, 15 weitere bereitete er vor. Der geb\u00fcrtige Wuppertaler ist der Dienst\u00e4lteste Spieler im Kader des WSV.<\/p>\n<h4>Spielerkarussell beim WSV dreht sich<\/h4>\n<p>Wie das Sport-Fachorgan RevierSport berichtet, dreht sich das Personal-Karussell beim WSV im Eiltempo:<span class=\"Apple-converted-space\">\u00a0<\/span><\/p>\n<p>Nach den bisher bekannten Abg\u00e4ngen von Tjorben Uphoff (Alemannia Aachen), Daniel Nesseler (Drexel Dragons\/USA), Yannick Geisler (SSVg Velbert), Joey M\u00fcller (FC Schalke 04 II), Daniel Szczepankiewicz, Tim Wendel, Ilyas Zhou, Jonas Erwig-Dr\u00fcppel und Niklas L\u00fcbcke (alle Ziel unbekannt) werden f\u00fcnf weitere Spieler die Hubertusallee verlassen.<\/p>\n<p>Fl\u00fcgelflitzer Beyhan Ametov (22), der in dieser Saison in 33 Eins\u00e4tzen zehn Tore scho\u00df und vier Vorlagen gab, wird mit den Drittligisten MSV Duisburg und 1. FC Kaiserslautern in Verbindung gebracht. Mateo Aramburu (23) wechselt nach RevierSport-Informationen zu FC Schalke 04 II.\u00a0 F\u00fcr den WSV erzielte der Uruguayer in 18 Eins\u00e4tzen sechs Tore.<\/p>\n<p>Neben Grebe sollen Noah Salau, Kevin Pytlik, Semir Saric und Joelle Tomczak in den n\u00e4chsten Tagen &#8211; so RevierSport &#8211; neue Vertr\u00e4ge beim Wuppertaler SV unterschreiben. Offen ist einzig noch die Zukunft Tolga Cokkosan und Furkan Tasdemir.<\/p>\n<h4>Spiel gegen BVB II live bei Soccerwatch<\/h4>\n<p>Der Aufstiegskrimi Wuppertaler SV gegen Borussia Dortmund II wird \u00fcbrigens am Samstag (05.06.) um 14 Uhr live und kostenlos auf <a href=\"http:\/\/soccerwatch.tv\/\">Soccerwatch.tv<\/a> \u00fcbertragen.<\/p>\n<div id=\"attachment_38133\" class=\"wp-caption alignnone\" style=\"max-width: 1034px;\"><img loading=\"lazy\" decoding=\"async\" class=\"size-large wp-image-38133\" src=\"\/wp-content\/uploads\/2021\/06\/classen-2020-Aug-1-065-2002x2048-2-1024x670.jpg\" alt=\"\" width=\"1024\" height=\"670\" \/><span class=\"wp-caption-text\">Sponsor Friedhelm Runge (l.) und der sportliche Leiter Stephan K\u00fcsters \u2013 \u00a9 Jochen Classen<\/span><\/div>\n<p>&nbsp;<\/p>\n","protected":false},"excerpt":{"rendered":"<p>Der Wuppertaler SV kann auch in der kommenden Spielzeit 2021\/2022 auf die Dienste von Daniel Grebe zur\u00fcckgreifen. Der 34-j\u00e4hrige zentrale Mittelfeldspieler unterschrieb einen neuen Vertrag bis zum 30.06.2022. Neben dem Feld wird er weiterhin die Rolle als Vertriebs- und Marketingleiter ausf\u00fcllen. Viele andre Spieler werden den WSV dagegen verlassen.<\/p>\n","protected":false},"author":7,"featured_media":0,"comment_status":"open","ping_status":"closed","sticky":false,"template":"","format":"standard","meta":{"footnotes":""},"categories":[20],"tags":[],"class_list":["post-38129","post","type-post","status-publish","format-standard","hentry","category-sport"],"publishpress_future_action":{"enabled":false,"date":"2026-05-07 02:11:15","action":"change-status","newStatus":"draft","terms":[],"taxonomy":"category","extraData":[]},"publishpress_future_workflow_manual_trigger":{"enabledWorkflows":[]},"_links":{"self":[{"href":"https:\/\/www.die-stadtzeitung.de\/index.php\/wp-json\/wp\/v2\/posts\/38129","targetHints":{"allow":["GET"]}}],"collection":[{"href":"https:\/\/www.die-stadtzeitung.de\/index.php\/wp-json\/wp\/v2\/posts"}],"about":[{"href":"https:\/\/www.die-stadtzeitung.de\/index.php\/wp-json\/wp\/v2\/types\/post"}],"author":[{"embeddable":true,"href":"https:\/\/www.die-stadtzeitung.de\/index.php\/wp-json\/wp\/v2\/users\/7"}],"replies":[{"embeddable":true,"href":"https:\/\/www.die-stadtzeitung.de\/index.php\/wp-json\/wp\/v2\/comments?post=38129"}],"version-history":[{"count":5,"href":"https:\/\/www.die-stadtzeitung.de\/index.php\/wp-json\/wp\/v2\/posts\/38129\/revisions"}],"predecessor-version":[{"id":38190,"href":"https:\/\/www.die-stadtzeitung.de\/index.php\/wp-json\/wp\/v2\/posts\/38129\/revisions\/38190"}],"wp:attachment":[{"href":"https:\/\/www.die-stadtzeitung.de\/index.php\/wp-json\/wp\/v2\/media?parent=38129"}],"wp:term":[{"taxonomy":"category","embeddable":true,"href":"https:\/\/www.die-stadtzeitung.de\/index.php\/wp-json\/wp\/v2\/categories?post=38129"},{"taxonomy":"post_tag","embeddable":true,"href":"https:\/\/www.die-stadtzeitung.de\/index.php\/wp-json\/wp\/v2\/tags?post=38129"}],"curies":[{"name":"wp","href":"https:\/\/api.w.org\/{rel}","templated":true}]}}