{"id":38073,"date":"2021-05-28T15:58:33","date_gmt":"2021-05-28T13:58:33","guid":{"rendered":"https:\/\/www.die-stadtzeitung.de\/?p=38073"},"modified":"2021-06-03T07:55:19","modified_gmt":"2021-06-03T05:55:19","slug":"nach-56-jahren-revival-des-24-stunden-happenings","status":"publish","type":"post","link":"https:\/\/www.die-stadtzeitung.de\/index.php\/2021\/05\/28\/nach-56-jahren-revival-des-24-stunden-happenings\/","title":{"rendered":"Nach 56 Jahren: Revival des \u201e24-Stunden-Happenings\u201c"},"content":{"rendered":"<div id=\"attachment_38126\" class=\"wp-caption alignnone\" style=\"max-width: 900px;\"><img loading=\"lazy\" decoding=\"async\" class=\" wp-image-38126\" src=\"\/wp-content\/uploads\/2021\/05\/1499278ca3c3e0f04b985c04d5736080-2.jpg\" alt=\"\" width=\"890\" height=\"602\" \/><span class=\"wp-caption-text\">Prof. Bazon Brock, Ex-Professor f\u00fcr \u00c4sthetik und Kulturvermittlung an der Bergischen Universit\u00e4t &#8211; \u00a9 Detlef Hartlap<\/span><\/div>\n<p><span class=\"a3bd9o3v\">Bazon Brock, Ex-Professor f\u00fcr \u00c4sthetik und Kulturvermittlung an der Bergischen Universit\u00e4t, konnte damals nicht nur den Galeristen Rolf J\u00e4hrling f\u00fcr seine Idee begeistern, sondern auch K\u00fcnstlerinnen und K\u00fcnstler wie Joseph Beuys, Wolf Vostell, Nam Jun Paik und Charlotte Moorman \u2013 die wichtigsten Protagonisten der damals noch jungen Fluxus- und Performancekunst. <\/span><\/p>\n<p><span class=\"a3bd9o3v\">56 Jahre sp\u00e4ter kn\u00fcpft Bazon Brock beim Wuppertaler Performancefestival daran an: Am 2. Juni von Mittag bis Mitternacht mit dem 12-Stunden-Happening \u201e\u2018Ich trete aus der Kunst aus!\u2018 Eine h\u00f6chst verf\u00fchrerische Anleitung von Joseph Beuys zur \u00dcberbietung der K\u00fcnste durch die Autorit\u00e4t der Kulturen\u201c. <\/span><\/p>\n<p><span class=\"a3bd9o3v\">Um den 100. Geburtstag seines Weggef\u00e4hrten zu begehen, hat Bazon Brock verschiedene Gespr\u00e4chspartnerinnen und Gespr\u00e4chspartner eingeladen, um sich in jeweils einst\u00fcndigen Etappen dem Gedankenkosmos von Beuys zu widmen und einzelne Aspekte seiner Kunst und seiner Person in einer &#8222;Lecture Performance&#8220; bis Mitternacht zu beleuchten. <\/span><\/p>\n<p><span class=\"a3bd9o3v\">Den Programmablauf kann man sich anschauen unter<a href=\"https:\/\/groelle.us7.list-manage.com\/track\/click?u=92a51d22ac317a9d017304c8c&amp;id=c897bf8d9c&amp;e=24e891a6c0\" target=\"_blank\" rel=\"noopener\">https:\/\/bazonbrock.de\/werke\/detail\/?id=3913&amp;sectid=3628#sect<\/a><\/span><\/p>\n<div id=\"attachment_33971\" class=\"wp-caption alignnone\" style=\"max-width: 1034px;\"><img loading=\"lazy\" decoding=\"async\" class=\"size-large wp-image-33971\" src=\"\/wp-content\/uploads\/2021\/03\/Cn3hVxrw-2-1024x689.jpg\" alt=\"\" width=\"1024\" height=\"689\" \/><span class=\"wp-caption-text\">Der K\u00fcnstler Joseph Beuys &#8211; die Ausstellung &#8222;Joseph Beuys &#8211; Perpetual Motion&#8220; ist noch bis zum 20.06. im Skuplturenpark Waldfrieden zu sehen &#8211;\u00a0\u00a9 Galerie Kl\u00fcser<\/span><\/div>\n<h4>LESEN Sie dazu ab Freitag (04.06.) auch die 4. Folge unserer 24teiligen Exklusiv-Serie &#8222;Die Kunst der Kommunikation &#8211; made in Wuppertal&#8220;. Da ist das legend\u00e4re &#8222;24-Stunden-Happening&#8220; auch Thema.<\/h4>\n<h4><\/h4>\n<h4>Termin:<\/h4>\n<p><strong>Bazon Brock | Joseph Beuys<\/strong><b><br \/>\n<strong>\u201eIch trete aus der Kunst aus!\u201c<\/strong><\/b><\/p>\n<p>Eine h\u00f6chst verf\u00fchrerische Anleitung von Joseph Beuys<br \/>\nzur \u00dcberbietung der K\u00fcnste durch die Autorit\u00e4t der Kulturen<\/p>\n<p>02. Juni 2021 &#8211; 11:30 Uhr,\u00a0 zur Er\u00f6ffnung spricht Oberb\u00fcrgermeister Prof. Dr. Uwe Schneidewind<\/p>\n<p>Online-Veranstaltung in Anlehnung an das 24-h-Happening von 1965 in Wuppertal<\/p>\n<p>Mit Bazon Brock, Heinz Bude, Robert Fleck, Peter Heeren, Annekathrin Kohout, Anne Linsel, Hans Ulrich Reck, Silke Rehberg, Stephanie Senge, Wolfgang Ullrich und Lambert Wiesing<\/p>\n<p>Der Livestream ist zug\u00e4nglich \u00fcber:<br \/>\n<a href=\"https:\/\/stew.one\/\">https:\/\/stew.one\/<\/a><\/p>\n<p>&nbsp;<\/p>\n<p><strong>Das Programm<\/strong><\/p>\n<p>12:00 Uhr<br \/>\n<strong>Matthias Nocke<\/strong>, Kulturdezernent,\u00a0<strong>Dr. Bettina Paust<\/strong>, Kulturb\u00fcro Wuppertal:\u00a0Begr\u00fc\u00dfung<\/p>\n<p>12:15 Uhr<br \/>\n<strong>Bazon Brock<\/strong>, Denker im Dienst:\u00a0\u201eEine h\u00f6chst verf\u00fchrerische Anleitung von Joseph Beuys zur \u00dcberbietung der K\u00fcnste durch die Autorit\u00e4t der Kulturen\u201c<\/p>\n<p>13:00 Uhr<br \/>\n<strong>Peter Heeren<\/strong>, Komponist:\u00a0\u201eKosmische Symphonie\u201c \u2013 Urauff\u00fchrung im Urton<\/p>\n<p>13:15 Uhr<br \/>\nHeinz Bude, Soziologe:\u00a0\u201eGesellschaft als Mysterium \u2013 im Disput mit Joseph Beuys<\/p>\n<p>14:00 Uhr<\/p>\n<p><strong>Silke Rehberg<\/strong>, Bildhauerin:\u00a0\u201eHase statt Adler. Ein Neuentwurf f\u00fcr das deutsche Staatswappen\u201c<\/p>\n<p>14:45 Uhr<br \/>\n<strong>Wolfgang Ullrich<\/strong>, Kunstwissenschaftler:\u00a0\u201e&#8217;Jeder Mensch ist ein K\u00fcnstler&#8216; &#8211; Joseph Beuys als Theologe\u201c<\/p>\n<p>16:00 Uhr<br \/>\n\u201eKosmische Symphonie\u201c<\/p>\n<p>16:15 Uhr<br \/>\n<strong>Annekathrin Kohout<\/strong>, Kunst- und Kulturwissenschaftlerin:\u00a0\u201eDie Anglerweste als K\u00fcnstleruniform\u201c<\/p>\n<p>17:00 Uhr<br \/>\n<strong>Stephanie Senge<\/strong>, Konzeptk\u00fcnstlerin:\u00a0\u201eDie Warenwunder finden im Supermarkt statt.\u00a0Konsumbibliothek Beuys\u201c (Installation)<\/p>\n<p>17:30 Uhr<br \/>\n<strong>Lambert Wiesing<\/strong>, Philosoph:\u00a0\u201eCooler Schwitters, woker Beuys.\u00a0Stile der \u00e4sthetischen Weltverbesserung\u201c<\/p>\n<p>18:15 Uhr<br \/>\n<strong>Anne Linsel<\/strong>, Kunstzeugin:\u00a0\u201eGl\u00fcck und Leiden des Beuys-Publikums\u201c<\/p>\n<p>19:00 Uhr<br \/>\n\u201eKosmische Symphonie\u201c<\/p>\n<p>20:00 Uhr<\/p>\n<p><strong>Hans Ulrich Reck<\/strong>, Kulturanthropologe:\u00a0\u201eWas teilte der Kojote Beuys mit? Ein produktives Missverst\u00e4ndnis&#8220;<\/p>\n<p>21:00 Uhr<br \/>\n<strong>Robert Fleck<\/strong>, Kurator:\u00a0\u201e(Post-)Katholizismus, Materialbehandlung und Utopie bei Beuys\u201c<\/p>\n<p>21:45 Uhr<br \/>\n\u201eKosmische Symphonie\u201c<\/p>\n<p>Gewidmet allen kunstgl\u00e4ubigen Paulussen, damit sie endlich aufgekl\u00e4rte Saulusse werden k\u00f6nnen.<\/p>\n<p>Veranstaltung in Kooperation mit der Galerie Gr\u00f6lle pass:projects und dem Kulturb\u00fcro Wuppertal. Im Rahmen des Performancefestivals \u201eDie Unendlichkeit des Augenblicks. Auff\u00fchrungsk\u00fcnste nach Joseph Beuys\u201c.<\/p>\n<h4>Weitere Infos:<\/h4>\n<p>Beitr\u00e4gen k\u00f6nnen als PDF heruntergeladen werden:<br \/>\n<a href=\"https:\/\/bazonbrock.de\/getmedia.php\/_media\/brock\/202105\/8282v0-orig.pdf\">https:\/\/bazonbrock.de\/getmedia.php\/_media\/brock\/202105\/8282v0-orig.pdf<\/a><br \/>\nWeitere Informationen auf der Website von Bazon Brock:<br \/>\n<a href=\"https:\/\/bazonbrock.de\/werke\/detail\/?id=3913&amp;sectid=3613#sect\">https:\/\/bazonbrock.de\/werke\/detail\/?id=3913&amp;sectid=3613#sect<\/a><\/p>\n<p>&nbsp;<\/p>\n<p><strong>LINK zum Artikel \u00fcber Prof. Bazon Brock in der STADTZEITUNG:<\/strong><\/p>\n<p><a href=\"https:\/\/www.die-stadtzeitung.de\/index.php\/2018\/11\/15\/prof-brock-lehrte-an-bergischer-uni-bazon-geh-du-voran\/\">https:\/\/www.die-stadtzeitung.de\/index.php\/2018\/11\/15\/prof-brock-lehrte-an-bergischer-uni-bazon-geh-du-voran\/<\/a><\/p>\n<p>&nbsp;<\/p>\n","protected":false},"excerpt":{"rendered":"<p>Am Mittwoch (02.06.) findet als Online-Veranstaltung das &#8222;Wuppertaler Performancefestival 2021&#8220; statt &#8211; eine Art Revival und eine Erinnerung an das legend\u00e4re &#8222;24-Stunden-Happening&#8220; am 05. Juni 1965 in der Wuppertaler Galerie &#8222;Parnass&#8220;. Die Idee stammte vor 56 Jahren von Bazon Brock.<\/p>\n","protected":false},"author":7,"featured_media":0,"comment_status":"open","ping_status":"closed","sticky":false,"template":"","format":"standard","meta":{"footnotes":""},"categories":[29],"tags":[],"class_list":["post-38073","post","type-post","status-publish","format-standard","hentry","category-kultur"],"publishpress_future_action":{"enabled":false,"date":"2026-05-07 20:17:48","action":"change-status","newStatus":"draft","terms":[],"taxonomy":"category","extraData":[]},"publishpress_future_workflow_manual_trigger":{"enabledWorkflows":[]},"_links":{"self":[{"href":"https:\/\/www.die-stadtzeitung.de\/index.php\/wp-json\/wp\/v2\/posts\/38073","targetHints":{"allow":["GET"]}}],"collection":[{"href":"https:\/\/www.die-stadtzeitung.de\/index.php\/wp-json\/wp\/v2\/posts"}],"about":[{"href":"https:\/\/www.die-stadtzeitung.de\/index.php\/wp-json\/wp\/v2\/types\/post"}],"author":[{"embeddable":true,"href":"https:\/\/www.die-stadtzeitung.de\/index.php\/wp-json\/wp\/v2\/users\/7"}],"replies":[{"embeddable":true,"href":"https:\/\/www.die-stadtzeitung.de\/index.php\/wp-json\/wp\/v2\/comments?post=38073"}],"version-history":[{"count":10,"href":"https:\/\/www.die-stadtzeitung.de\/index.php\/wp-json\/wp\/v2\/posts\/38073\/revisions"}],"predecessor-version":[{"id":38127,"href":"https:\/\/www.die-stadtzeitung.de\/index.php\/wp-json\/wp\/v2\/posts\/38073\/revisions\/38127"}],"wp:attachment":[{"href":"https:\/\/www.die-stadtzeitung.de\/index.php\/wp-json\/wp\/v2\/media?parent=38073"}],"wp:term":[{"taxonomy":"category","embeddable":true,"href":"https:\/\/www.die-stadtzeitung.de\/index.php\/wp-json\/wp\/v2\/categories?post=38073"},{"taxonomy":"post_tag","embeddable":true,"href":"https:\/\/www.die-stadtzeitung.de\/index.php\/wp-json\/wp\/v2\/tags?post=38073"}],"curies":[{"name":"wp","href":"https:\/\/api.w.org\/{rel}","templated":true}]}}