{"id":37952,"date":"2021-05-29T14:20:18","date_gmt":"2021-05-29T12:20:18","guid":{"rendered":"https:\/\/www.die-stadtzeitung.de\/?p=37952"},"modified":"2021-05-31T14:22:20","modified_gmt":"2021-05-31T12:22:20","slug":"koenigs-und-rodrigues-pires-bleiben-an-der-wupper","status":"publish","type":"post","link":"https:\/\/www.die-stadtzeitung.de\/index.php\/2021\/05\/29\/koenigs-und-rodrigues-pires-bleiben-an-der-wupper\/","title":{"rendered":"K\u00f6nigs und Rodrigues Pires bleiben an der Wupper"},"content":{"rendered":"<div id=\"attachment_37954\" class=\"wp-caption alignnone\" style=\"max-width: 1034px;\"><img loading=\"lazy\" decoding=\"async\" class=\"size-large wp-image-37954\" src=\"\/wp-content\/uploads\/2021\/05\/classen-2020-Apr-3-0152-2-1024x737.jpg\" alt=\"\" width=\"1024\" height=\"737\" \/><span class=\"wp-caption-text\">Bleibt dem WSV erhalten: Marco K\u00f6nigs &#8211; \u00a9 Jochen Classen<\/span><\/div>\n<p>Marco und Kevin kamen im September 2020 vom Ligakonkurrenten Preu\u00dfen M\u00fcnster ins Tal. Marco K\u00f6nigs hat in dieser Saison 12 Tore in 37 Pflichtspielen erzielt. Kevin Rodrigues Peres kam auf 35 Pflichtspiele absolviert und 5 Treffer.<\/p>\n<p><strong>Stephan K\u00fcsters:<\/strong> &#8222;Ich freue mich, dass wir zwei Leistungstr\u00e4ger bei uns behalten k\u00f6nnen. Beide sind f\u00fcr den WSV und die n\u00e4chste Saison wichtige Bestandteile der Mannschaft. Daran sieht jeder, dass wir bisher einen guten Job gemacht haben, dass Spieler nicht dar\u00fcber nachdenken, den Verein zu verlassen. Beide sind in einer schwierigen Zeit gekommen und es war nicht einfach, Kevin und Marco f\u00fcr Wuppertal zu begeistern. Mittlerweile haben sie so viel Freude an dem Verein gefunden, dass sie motiviert sind, den n\u00e4chsten Schritt zu gehen. Wir haben in der R\u00fcckrunde einige Etappen erreicht &#8211; es sollen aber nicht die letzten bleiben. Mit den beiden wollen wir ein Team zusammenstellen, welches Freude und Spa\u00df hat, f\u00fcr den WSV zu spielen. Piro war in der Coronaphase in der Hinrunde sehr besch\u00e4ftigt, da er Papa wurde, und war da \u00fcberhaupt nicht an dem Leistungsstand, den er eigentlich erreichen kann. Den hat er aber in der R\u00fcckrunde abgerufen und gezeigt, was er kann und wer er ist. Marco, der ein starker Regionalliga-St\u00fcrmer ist, hat zu Beginn seiner Spielzeit beim WSV seine Tore gemacht. Jedoch, bedingt durch die Spielweise, konnte Marco seine Leistung weniger abrufen. Unter Trainer Bj\u00f6rn Mehnert bl\u00fchte er wieder auf. Wir d\u00fcrfen ihn aber nicht nur an seinen Toren messen. Er ist ein Teamplayer und stellt sich komplett in den Dienst der Mannschaft und ist auch f\u00fcr die Kabine wichtig.&#8220;<\/p>\n<p><strong>Marco K\u00f6nigs:<\/strong> &#8222;Ich bin gl\u00fccklich, dass es geklappt hat, meinen Vertrag zu verl\u00e4ngern. Die Hinrunde war sehr z\u00e4h. H\u00e4tte uns aber jemand gesagt, dass wir den Niederrheinpokal gewinnen und so eine sensationelle R\u00fcckrunde spielen, wir h\u00e4tten jeden f\u00fcr verr\u00fcckt erkl\u00e4rt. Wenn wir eine bessere Hinrunde gespielt h\u00e4tten, w\u00e4re die Situation in der Tabelle sicherlich eine andere. Zus\u00e4tzlich haben wir mit dem Pokalsieg die Saison zu einem guten Abschluss gebracht. Das Team hat einen super Zusammenhalt und hat einfach Bock! Ich freue mich auf die neue Spielzeit.&#8220;<\/p>\n<div id=\"attachment_37955\" class=\"wp-caption alignnone\" style=\"max-width: 1034px;\"><img loading=\"lazy\" decoding=\"async\" class=\"size-large wp-image-37955\" src=\"\/wp-content\/uploads\/2021\/05\/classen-2020-Aug-29-142-2-1024x755.jpg\" alt=\"\" width=\"1024\" height=\"755\" \/><span class=\"wp-caption-text\">Bleibt dem WSV erhalten: Kevin Rodrigues Pires &#8211; \u00a9 Jochen Classen<\/span><\/div>\n<p><strong>Kevin Rodrigues Pires:<\/strong> &#8222;Wenn man sieht, was wir f\u00fcr eine R\u00fcckrunde gespielt haben, dann macht es das umso sch\u00f6ner, dass ich meinen Vertrag verl\u00e4ngern konnte. Ich freue mich, den Weg, den der Verein eingeschlagen hat, mitgehen und einen Teil beitragen zu k\u00f6nnen. Keiner hat, denke ich, geglaubt, dass wir so eine R\u00fcckrunde spielen, nachdem wir nach der Hinrunde auf einem Abstiegsplatz standen. Nach der Corona-Saison und der enormen R\u00fcckrunde freue ich mich erst einmal darauf, kurz durchzuatmen. Ich freue mich schon, wenn unsere Fans zur\u00fcck ins Stadion d\u00fcrfen. Die R\u00fcckrunde haben wir uns mit dem Pokal vergoldet und freuen uns auf die erste Runde des DFB-Pokals.&#8220;<\/p>\n<p><a href=\"http:\/\/www.wsv1954.de\">http:\/\/www.wsv1954.de<\/a><\/p>\n<p>&nbsp;<\/p>\n","protected":false},"excerpt":{"rendered":"<p>Der WSV treibt nach dem Gewinn des Niederrheinpokals die Kaderplanung f\u00fcr die Saison 2021\/22 weiter voran. Wie &#8222;WSV online&#8220; mitteilt, haben mit Marco K\u00f6nigs und Kevin Rodrigues Pires haben jetzt zwei weitere Leistungstr\u00e4ger ihre Vertr\u00e4ge beim Wuppertaler Regionalligisten verl\u00e4ngert.<\/p>\n","protected":false},"author":7,"featured_media":0,"comment_status":"open","ping_status":"closed","sticky":false,"template":"","format":"standard","meta":{"footnotes":""},"categories":[20],"tags":[],"class_list":["post-37952","post","type-post","status-publish","format-standard","hentry","category-sport"],"publishpress_future_action":{"enabled":false,"date":"2026-05-04 15:30:43","action":"change-status","newStatus":"draft","terms":[],"taxonomy":"category","extraData":[]},"publishpress_future_workflow_manual_trigger":{"enabledWorkflows":[]},"_links":{"self":[{"href":"https:\/\/www.die-stadtzeitung.de\/index.php\/wp-json\/wp\/v2\/posts\/37952","targetHints":{"allow":["GET"]}}],"collection":[{"href":"https:\/\/www.die-stadtzeitung.de\/index.php\/wp-json\/wp\/v2\/posts"}],"about":[{"href":"https:\/\/www.die-stadtzeitung.de\/index.php\/wp-json\/wp\/v2\/types\/post"}],"author":[{"embeddable":true,"href":"https:\/\/www.die-stadtzeitung.de\/index.php\/wp-json\/wp\/v2\/users\/7"}],"replies":[{"embeddable":true,"href":"https:\/\/www.die-stadtzeitung.de\/index.php\/wp-json\/wp\/v2\/comments?post=37952"}],"version-history":[{"count":2,"href":"https:\/\/www.die-stadtzeitung.de\/index.php\/wp-json\/wp\/v2\/posts\/37952\/revisions"}],"predecessor-version":[{"id":37956,"href":"https:\/\/www.die-stadtzeitung.de\/index.php\/wp-json\/wp\/v2\/posts\/37952\/revisions\/37956"}],"wp:attachment":[{"href":"https:\/\/www.die-stadtzeitung.de\/index.php\/wp-json\/wp\/v2\/media?parent=37952"}],"wp:term":[{"taxonomy":"category","embeddable":true,"href":"https:\/\/www.die-stadtzeitung.de\/index.php\/wp-json\/wp\/v2\/categories?post=37952"},{"taxonomy":"post_tag","embeddable":true,"href":"https:\/\/www.die-stadtzeitung.de\/index.php\/wp-json\/wp\/v2\/tags?post=37952"}],"curies":[{"name":"wp","href":"https:\/\/api.w.org\/{rel}","templated":true}]}}