{"id":37760,"date":"2021-05-24T12:53:11","date_gmt":"2021-05-24T10:53:11","guid":{"rendered":"https:\/\/www.die-stadtzeitung.de\/?p=37760"},"modified":"2021-05-26T12:53:26","modified_gmt":"2021-05-26T10:53:26","slug":"umwelt-und-klimaziele-jetzt-kommt-die-zeit-der-umsetzung","status":"publish","type":"post","link":"https:\/\/www.die-stadtzeitung.de\/index.php\/2021\/05\/24\/umwelt-und-klimaziele-jetzt-kommt-die-zeit-der-umsetzung\/","title":{"rendered":"Umwelt- und Klimaziele: Jetzt kommt die Zeit der Umsetzung"},"content":{"rendered":"<div id=\"attachment_37762\" class=\"wp-caption alignnone\" style=\"max-width: 1034px;\"><img loading=\"lazy\" decoding=\"async\" class=\"size-large wp-image-37762\" src=\"\/wp-content\/uploads\/2021\/05\/Fischedick_Manfred_pic6-3-1024x746.jpg\" alt=\"\" width=\"1024\" height=\"746\" \/><span class=\"wp-caption-text\">Prof.\u00a0Dr.-Ing. Manfred Fischedick &#8211; \u00a9 Wuppertal Institut<\/span><\/div>\n<p>Das Impulspapier\u00a0zeigt auf, welche Ma\u00dfnahmen notwendig sind, um die Transformation in eine\u00a0klimafreundliche und ressourcenleichte Zukunft jetzt konsequent einzuleiten.<\/p>\n<p>\u201eDie n\u00e4chste Bundesregierung steht vor einer Jahrhundertaufgabe. Sie muss den geforderten Klimaschutz konkret umsetzen \u2013 und dabei vor allem auch auf soziale Gerechtigkeit und M\u00f6glichkeit zur Teilhabe achten\u201c, erkl\u00e4rt Prof.\u00a0Dr.-Ing. Manfred Fischedick, wissenschaftlicher Gesch\u00e4ftsf\u00fchrer des Wuppertal Instituts.<\/p>\n<p>\u201eEs geht aber nicht nur um Klimaschutz, sondern das Denken in gr\u00f6\u00dferen Zusammenh\u00e4ngen und ein Adressieren aller relevanten Nachhaltigkeitsdimensionen\u201c, erg\u00e4nzt Prof. Fischedick.<\/p>\n<p>Zur Bundestagswahl im September 2021 zeigen die Wissenschaftlerinnen und\u00a0Wissenschaftler des Wuppertal Instituts entlang von sieben zentralen\u00a0Transformationsarenen mit Blick auf alle Bereiche von Gesellschaft, Wirtschaft und Politik die jetzt notwendigen Schritte auf.<\/p>\n<h4>Hier die Kernempfehlungen:<\/h4>\n<p><b>F\u00fcr die Energiewende:<\/b> Mindestens eine Verdopplung der Geschwindigkeit beim Ausbau der erneuerbaren Energien, die intelligente Integration von flexibler Nachfrage und Speichern, der Ausbau der Infrastruktur f\u00fcr Wasserstoff und ein deutliches Vorziehen des Kohleausstiegs. Dar\u00fcber hinaus f\u00fcr den Geb\u00e4udebereich ein Sofortprogramm f\u00fcr eine gr\u00f6\u00dfere Sanierungstiefe und -rate f\u00fcr bestehende Geb\u00e4ude und Klimaneutralit\u00e4t als Anforderung an den Neubau.<span class=\"Apple-converted-space\">\u00a0<\/span><\/p>\n<p>Geb\u00e4udeeigent\u00fcmerinnen und -eigent\u00fcmer m\u00fcssen zur L\u00f6sung des Vermieter-Mieter-Dilemmas an den CO2-Kosten anteilig beteiligt werden und\u00a0staatliche F\u00f6rderung muss helfen, die Kosten des Umbaus zu tragen.<\/p>\n<p><b>F\u00fcr die Ressourcenwende:<\/b> Ein \u00dcbergang von der Einweg- zur ressourcenleichten und klimaneutralen zirkul\u00e4ren Materialwirtschaft durch klare Nachhaltigkeitsstandards, das Design von recyclingf\u00e4higen und ressourcenleichten Produkten und durch Digitalisierung einen Schub f\u00fcr ein besseres Management von Abfallstr\u00f6men.<\/p>\n<p><b>F\u00fcr die Ern\u00e4hrungswende: <\/b>Die konsequente Unterst\u00fctzung einer nachhaltigen Au\u00dfer-Haus-Verpflegung und des Einzelhandels sowie des \u00dcbergangs auf eine \u00f6kologische Agrarwirtschaft. Sensibilisierung f\u00fcr eine ges\u00fcndere, klimavertr\u00e4gliche, fleisch\u00e4rmere Ern\u00e4hrung, unter anderem durch F\u00f6rderung von Fleisch-Ersatzprodukten.<\/p>\n<p><b>F\u00fcr die Urbane Wende:<\/b> St\u00e4dte und Gemeinden sind die Orte, an denen mehrere\u00a0Wenden aufeinandertreffen: Der \u00f6ffentliche Verkehr und Radwege \u2013 auch in\u00a0Kleinst\u00e4dten \u2013 m\u00fcssen schnell und deutlich ausgebaut werden. Statt Fl\u00e4chen zu\u00a0versiegeln sollten Gr\u00fcnfl\u00e4chen gesch\u00fctzt und die Mehrfachnutzung von Geb\u00e4uden\u00a0erleichtert werden. Im Fokus eines sch\u00e4rferen Geb\u00e4udeenergiegesetzes sollten\u00a0Bestandsgeb\u00e4ude Vorrang vor Neubauten haben.<\/p>\n<p><b>F\u00fcr die Verkehrswende:<\/b> F\u00fcr eine \u00f6kologische und sozial gerechte Verkehrswende\u00a0m\u00fcssen die Wege k\u00fcrzer, der Umstieg auf Elektromobilit\u00e4t schneller umgesetzt und die Alternativen zum Auto und Lkw attraktiver werden. Den Zugang zu \u00f6ffentlichen und privaten Mobilit\u00e4tsangeboten muss die kommende Bundesregierung sozial gerecht f\u00fcr m\u00f6glichst alle Menschen erm\u00f6glichen.<\/p>\n<p><b>F\u00fcr die Industrielle Wende: <\/b>Industrie braucht Energie \u2013 versorgungssicher,\u00a0konkurrenzf\u00e4hig und erneuerbar. Dazu m\u00fcssen \u00d6kostrom und Power-to-X-Angebote ausgebaut, die daf\u00fcr notwendigen Infrastrukturen geschaffen und die internationale Vernetzung vorangetrieben werden. Gleichzeitig muss die kommende Regierung den Unternehmen helfen, klimavertr\u00e4gliche Prozesse und Verfahren unter globalen Wettbewerbsbedingungen umzusetzen und M\u00e4rkte f\u00fcr gr\u00fcne Produkte zu initiieren.<\/p>\n<p>Abgaben auf Prim\u00e4rmaterial und energieintensive Stoffe sind daf\u00fcr ebenso eine sinnvolle Optionen wie Quoten und Standards \u2013 etwa im Rahmen der \u00f6ffentlichen Beschaffung.<\/p>\n<p><b>F\u00fcr die Konsumwende:<\/b> Die Bundesregierung sollte Experimentierr\u00e4ume f\u00fcr nachhaltige Konsum- und Produktionsmuster schaffen. Daf\u00fcr sollte sie verst\u00e4rkt Reallabore und Living Labs f\u00f6rdern und Verbraucherinnen und Verbraucher gezielt zu Umwelt- und Klimaauswirkungen informieren, beispielsweise durch die Einf\u00fchrung einer Produktkennzeichnungsstelle und eines digitalen Produktpasses.<\/p>\n<p><b>100-Tage-Sofortprogramm f\u00fcr Klimaschutz<\/b><\/p>\n<p>Mit der Anpassung des Klimaschutzgesetzes in Folge des Urteils des\u00a0Bundesverfassungsgerichtes von Ende April 2021 hat die Bundesregierung schnell reagiert. Um auf den Weg zum Klimaneutralit\u00e4tsziel 2045 einzuschwenken, muss die kommende Regierung die Weichen in einem 100-Tage-Sofortprogramm stellen, fordert Prof. Manfred Fischedick. \u201eDie n\u00e4chste Legislaturperiode ist die entscheidende Zeit, um die 2020er Jahre zu einer Dekade der Umsetzung zu machen und den Klimaschutzpfad unumkehrbar zu betreten\u201c, erkl\u00e4rt er.<\/p>\n<p>Der Zukunftsimpuls des Wuppertal Instituts steht zum Download bereit unter<\/p>\n<p><a href=\"https:\/\/wupperinst.org\/a\/wi\/a\/s\/ad\/7381\">https:\/\/wupperinst.org\/a\/wi\/a\/s\/ad\/7381<\/a><\/p>\n<p>&nbsp;<\/p>\n","protected":false},"excerpt":{"rendered":"<p>Das Wuppertal Institut liefert einen Zukunftsimpuls zum Wahljahr 2021: Die Aufgaben der kommenden Bundesregierung.\u00a0Die kommende Bundesregierung muss aus ambitionierten Zielen eine erfolgreiche Ressourcen- und Klimapolitik machen und dabei alle B\u00fcrgerinnen und B\u00fcrger mitnehmen \u2013 so das Fazit des Zukunftsimpulses des Wuppertal Instituts zur Bundestagswahl 2021.\u00a0<\/p>\n","protected":false},"author":7,"featured_media":0,"comment_status":"open","ping_status":"closed","sticky":false,"template":"","format":"standard","meta":{"footnotes":""},"categories":[22],"tags":[],"class_list":["post-37760","post","type-post","status-publish","format-standard","hentry","category-wirtschaft"],"publishpress_future_action":{"enabled":false,"date":"2026-05-08 10:09:03","action":"change-status","newStatus":"draft","terms":[],"taxonomy":"category","extraData":[]},"publishpress_future_workflow_manual_trigger":{"enabledWorkflows":[]},"_links":{"self":[{"href":"https:\/\/www.die-stadtzeitung.de\/index.php\/wp-json\/wp\/v2\/posts\/37760","targetHints":{"allow":["GET"]}}],"collection":[{"href":"https:\/\/www.die-stadtzeitung.de\/index.php\/wp-json\/wp\/v2\/posts"}],"about":[{"href":"https:\/\/www.die-stadtzeitung.de\/index.php\/wp-json\/wp\/v2\/types\/post"}],"author":[{"embeddable":true,"href":"https:\/\/www.die-stadtzeitung.de\/index.php\/wp-json\/wp\/v2\/users\/7"}],"replies":[{"embeddable":true,"href":"https:\/\/www.die-stadtzeitung.de\/index.php\/wp-json\/wp\/v2\/comments?post=37760"}],"version-history":[{"count":2,"href":"https:\/\/www.die-stadtzeitung.de\/index.php\/wp-json\/wp\/v2\/posts\/37760\/revisions"}],"predecessor-version":[{"id":37763,"href":"https:\/\/www.die-stadtzeitung.de\/index.php\/wp-json\/wp\/v2\/posts\/37760\/revisions\/37763"}],"wp:attachment":[{"href":"https:\/\/www.die-stadtzeitung.de\/index.php\/wp-json\/wp\/v2\/media?parent=37760"}],"wp:term":[{"taxonomy":"category","embeddable":true,"href":"https:\/\/www.die-stadtzeitung.de\/index.php\/wp-json\/wp\/v2\/categories?post=37760"},{"taxonomy":"post_tag","embeddable":true,"href":"https:\/\/www.die-stadtzeitung.de\/index.php\/wp-json\/wp\/v2\/tags?post=37760"}],"curies":[{"name":"wp","href":"https:\/\/api.w.org\/{rel}","templated":true}]}}