{"id":37709,"date":"2021-05-21T14:08:41","date_gmt":"2021-05-21T12:08:41","guid":{"rendered":"https:\/\/www.die-stadtzeitung.de\/?p=37709"},"modified":"2021-05-25T14:08:49","modified_gmt":"2021-05-25T12:08:49","slug":"bergische-uni-verbundprojekt-agilolab-gestartet","status":"publish","type":"post","link":"https:\/\/www.die-stadtzeitung.de\/index.php\/2021\/05\/21\/bergische-uni-verbundprojekt-agilolab-gestartet\/","title":{"rendered":"Bergische Uni: Verbundprojekt \u201eAgilOLab\u201c gestartet\u00a0"},"content":{"rendered":"<div class=\"header\">\n<div id=\"attachment_37710\" class=\"wp-caption alignnone\" style=\"max-width: 1034px;\"><img loading=\"lazy\" decoding=\"async\" class=\"size-large wp-image-37710\" src=\"\/wp-content\/uploads\/2021\/05\/Diestel_Stefan_01_2019-1024x683.jpg\" alt=\"\" width=\"1024\" height=\"683\" \/><span class=\"wp-caption-text\">Prof. Dr. Stefan Diestel &#8211; \u00a9 Friederike von Heyden<\/span><\/div>\n<\/div>\n<div class=\"teaser-text\">\n<p class=\"bodytext\">Im Rahmen des Verbundprojekts \u201eAgilOLab \u2013 Agile Organisation f\u00fcr digitales Lernen und Arbeiten in produzierenden Unternehmen aus der Region Bergisches Land\u201c erh\u00e4lt das Wuppertaler Team in den kommenden drei Jahren rund 218.000 Euro vom Bundesministerium f\u00fcr Bildung und Forschung.<\/p>\n<\/div>\n<div id=\"c28446\" class=\"csc-default\">\n<div class=\"csc-textpic csc-textpic-intext-right csc-textpic-equalheight\">\n<div class=\"csc-textpic-text\">\n<p class=\"bodytext\">Die Wirtschaftsregion Bergisches Land geh\u00f6rt mit ihren mittelst\u00e4ndisch gepr\u00e4gten St\u00e4dten Wuppertal, Solingen und Remscheid zu den durch den digitalen Strukturwandel am st\u00e4rksten betroffenen Gebieten in Deutschland. H\u00e4ufig sind insbesondere familiengef\u00fchrte Unternehmen besonderen Herausforderung ausgesetzt: Eine sehr traditionell gepr\u00e4gte Arbeits- und Fertigungskultur mit Schwerpunkten in Metallverarbeitung, Maschinenbau und Schneidwaren sowie Werkzeugen trifft auf zunehmend digitale und prozessorientierte Anforderungen der mittlerweile stark globalisierten M\u00e4rkte.<\/p>\n<p class=\"bodytext\">Hierzu z\u00e4hlen neben der Digitalisierung, der Automatisierung (Industrie 4.0) und neuen Formen der Anwendung (Internet of Things, kurz IoT) auch immer mehr neue dynamische Anforderungen an effiziente, aber zugleich innovationsf\u00f6rderliche Arbeits- und Kooperationsweisen der produzierenden Unternehmen.<\/p>\n<p class=\"bodytext\">\u201ePrim\u00e4res Anliegen des Projektes ist es, den h\u00e4ufig eher versteckten Marktf\u00fchrern, den sogenannten \u201ahidden champions\u2018, in der Bergischen Region ein integratives Konzept zur agilen Gestaltung ihrer Arbeits- und Organisationsstrukturen zu bieten. Das Konzept soll digitalisierte und evidenzbasierte L\u00f6sungen bieten, die zu mehr Effizienz f\u00fchren und Innovationen f\u00f6rdern. Indem wir Methoden des agilen Projektmanagements und der digitalisierten Prozessgestaltung entwickeln, die auf die Unternehmen zugeschnitten sind, wollen wir mit AgilOLab auch zur Entwicklung von zukunftsf\u00e4higen Gesch\u00e4ftsmodellen beitragen\u201c, erkl\u00e4rt Prof. Diestel.<\/p>\n<p class=\"bodytext\">Bei der Erstellung und Erprobung des AgilOLab-Konzepts kooperieren die Forscher mit mittelst\u00e4ndischen Projektpartnern aus dem Bergischen Land. Deren Anforderungen an eine agile Arbeits- und Organisationsstruktur ermitteln sie zun\u00e4chst und entwickeln daraus eine anwenderorientierte, prototypische und modulare Kompetenzarchitektur. Sie ist eine Art Gebrauchsanweisung f\u00fcr digitale Transformation, agile Arbeitsgestaltung und Teamentwicklung in den jeweiligen Unternehmen und wird \u00fcber eine digitale Plattform technisch realisiert, in der Praxis getestet und anschlie\u00dfend evaluiert.<\/p>\n<p class=\"bodytext\">Projektpartner der Bergischen Universit\u00e4t sind: Forschungsgemeinschaft Werkzeuge und Werkstoffe e.V., Wuppertal Institut f\u00fcr Klima, Umwelt, Energie gGmbH, Future Cleantech Architects gGmbH, Ritter Technologie GmbH, P.F. Freund &amp; Cie. GmbH, ARNTZ GmbH + Co. KG sowie Arnz FLOTT GmbH Werkzeugmaschinen.<\/p>\n<p>&nbsp;<\/p>\n<p>&nbsp;<\/p>\n<p class=\"bodytext\">\n<\/div>\n<\/div>\n<\/div>\n<p>&nbsp;<\/p>\n","protected":false},"excerpt":{"rendered":"<p>Wie lassen sich die Arbeitsbedingungen und Organisationsstrukturen in Klein- und Mittelst\u00e4ndischen Unternehmen (KMU) der Bergischen Region dynamischer und innovativer gestalten? Das ist eine der zentralen Fragen, die sich Wissenschaftlerinnen und Wissenschaftler der Bergischen Universit\u00e4t am Lehrstuhl f\u00fcr Arbeits-, Organisations- und Wirtschaftspsychologie unter Leitung von Prof. Dr. Stefan Diestel stellen.<\/p>\n","protected":false},"author":7,"featured_media":0,"comment_status":"open","ping_status":"closed","sticky":false,"template":"","format":"standard","meta":{"footnotes":""},"categories":[27],"tags":[],"class_list":["post-37709","post","type-post","status-publish","format-standard","hentry","category-wissen"],"publishpress_future_action":{"enabled":false,"date":"2026-05-08 02:33:48","action":"change-status","newStatus":"draft","terms":[],"taxonomy":"category","extraData":[]},"publishpress_future_workflow_manual_trigger":{"enabledWorkflows":[]},"_links":{"self":[{"href":"https:\/\/www.die-stadtzeitung.de\/index.php\/wp-json\/wp\/v2\/posts\/37709","targetHints":{"allow":["GET"]}}],"collection":[{"href":"https:\/\/www.die-stadtzeitung.de\/index.php\/wp-json\/wp\/v2\/posts"}],"about":[{"href":"https:\/\/www.die-stadtzeitung.de\/index.php\/wp-json\/wp\/v2\/types\/post"}],"author":[{"embeddable":true,"href":"https:\/\/www.die-stadtzeitung.de\/index.php\/wp-json\/wp\/v2\/users\/7"}],"replies":[{"embeddable":true,"href":"https:\/\/www.die-stadtzeitung.de\/index.php\/wp-json\/wp\/v2\/comments?post=37709"}],"version-history":[{"count":1,"href":"https:\/\/www.die-stadtzeitung.de\/index.php\/wp-json\/wp\/v2\/posts\/37709\/revisions"}],"predecessor-version":[{"id":37711,"href":"https:\/\/www.die-stadtzeitung.de\/index.php\/wp-json\/wp\/v2\/posts\/37709\/revisions\/37711"}],"wp:attachment":[{"href":"https:\/\/www.die-stadtzeitung.de\/index.php\/wp-json\/wp\/v2\/media?parent=37709"}],"wp:term":[{"taxonomy":"category","embeddable":true,"href":"https:\/\/www.die-stadtzeitung.de\/index.php\/wp-json\/wp\/v2\/categories?post=37709"},{"taxonomy":"post_tag","embeddable":true,"href":"https:\/\/www.die-stadtzeitung.de\/index.php\/wp-json\/wp\/v2\/tags?post=37709"}],"curies":[{"name":"wp","href":"https:\/\/api.w.org\/{rel}","templated":true}]}}