{"id":37696,"date":"2021-05-20T08:47:03","date_gmt":"2021-05-20T06:47:03","guid":{"rendered":"https:\/\/www.die-stadtzeitung.de\/?p=37696"},"modified":"2021-05-25T15:04:44","modified_gmt":"2021-05-25T13:04:44","slug":"fensky-und-safarpour-malekabad-kommen-aus-dem-loewenstall","status":"publish","type":"post","link":"https:\/\/www.die-stadtzeitung.de\/index.php\/2021\/05\/20\/fensky-und-safarpour-malekabad-kommen-aus-dem-loewenstall\/","title":{"rendered":"Fensky und Safarpour-Malekabad kommen aus dem L\u00f6wenstall"},"content":{"rendered":"<div class=\"\">\n<div id=\"attachment_37697\" class=\"wp-caption alignnone\" style=\"max-width: 912px;\"><img loading=\"lazy\" decoding=\"async\" class=\" wp-image-37697\" src=\"\/wp-content\/uploads\/2021\/05\/niklas-fensky-unterschrift-2.jpeg\" alt=\"\" width=\"902\" height=\"598\" \/><span class=\"wp-caption-text\">Neuzugang aus dem &#8222;L\u00f6wenstall&#8220;: Niklas Fensky &#8211; \u00a9 WSV<\/span><\/div>\n<\/div>\n<div class=\"\"><span class=\"\" style=\"color: #000000;\"><span class=\"\">\u00a0<\/span><\/span><\/div>\n<div class=\"\">\u00a0<span class=\"\" style=\"color: #000000;\"><span class=\"\">Niklas Fensky ist seit 2020 beim WSV und hat vorher f\u00fcr die U19 des FC Wegberg-Beeck gespielt. &#8222;Ich freue mich sehr auf die n\u00e4chste Saison und meinen erste Spielzeit f\u00fcr eine Herrenmannschaft. Beim Traditionsverein WSV hat mir das Stadion sehr imponiert und generell hat mir das famili\u00e4re Umfeld sehr gefallen. Von Anfang an habe ich mich sehr wohl gef\u00fchlt. In der n\u00e4chsten Saison w\u00fcrde ich gerne sehr viel Spielzeit sammeln, um mich dem Regionalliga Niveau anzupassen. Als Jugendspieler freue ich mich sehr auf die Atmosph\u00e4re im Stadion (sofern wieder Zuschauer zugelassen werden), da ich es bisher nicht kenne, vor so einer gro\u00dfen und gro\u00dfartigen Kulisse spielen zu d\u00fcrfen. Ich werde alles geben, um mit der Mannschaft Erfolge feiern zu k\u00f6nnen.&#8220;<\/span><\/span><\/div>\n<div class=\"\"><span class=\"\" style=\"color: #000000;\"><span class=\"\">\u00a0<\/span><\/span><\/div>\n<div class=\"\"><span class=\"\" style=\"color: #000000;\"><span class=\"\">Der 1,89 Meter gro\u00dfe Payam Safarpour-Malekabad wechselte\u00a02020 von der SG Unterrath zum WSV. &#8222;Die Zeit beim WSV war bisher sehr ereignis- und lehrreich. Es hat bisher in der U19 sehr viel Spa\u00df gemacht. Das Umfeld gef\u00e4llt mir auch sehr, da ich die Chance bekommen habe, mich zu entwickeln. Ich freue mich auf die kommende Saison Sportlich m\u00f6chte ich mich gerne weiterentwickeln und die Mannschaft bestm\u00f6glich zu unterst\u00fctzen. \u00dcber die Chance f\u00fcr die 1. Mannschaft zu spielen bin ich sehr gl\u00fccklich.&#8220;<\/span><\/span><\/div>\n<div><\/div>\n<div>\n<div id=\"attachment_37698\" class=\"wp-caption alignnone\" style=\"max-width: 908px;\"><img loading=\"lazy\" decoding=\"async\" class=\" wp-image-37698\" src=\"\/wp-content\/uploads\/2021\/05\/payam-safarpour-malekabad-unterschrift-2.jpeg\" alt=\"\" width=\"898\" height=\"634\" \/><span class=\"wp-caption-text\">Neuzugang aus dem &#8222;L\u00f6wenstall&#8220;: Payam Safapour-Malekabad &#8211; \u00a9 WSV<\/span><\/div>\n<\/div>\n<div class=\"\"><span class=\"\" style=\"color: #000000;\"><span class=\"\">\u00a0<\/span><\/span><\/div>\n<div class=\"\"><span class=\"\" style=\"color: #000000;\"><span class=\"\">Stephan K\u00fcsters \u00fcber die beiden Neuverpflichtungen: &#8222;Wir freuen uns, dass wir zwei Eigengew\u00e4chse hoch in unser Regionalliga-Team ziehen k\u00f6nnen. Trotz der schweren Phase in der Pandemie haben wir die Jungs schon bei uns oben mit dabei gehabt. Sie haben sich gut pr\u00e4sentiert und haben es verdient, einen Vertrag f\u00fcr das Regionalliga-Team zu bekommen. Das freut uns sehr und wir wollen diesen Weg weiter gehen, dass der WSV auf seine Eigengew\u00e4chse setzen wird. Das zeigt uns, dass unsere Jugendarbeit Fr\u00fcchte tr\u00e4gt.\u201c<\/span><\/span><\/div>\n","protected":false},"excerpt":{"rendered":"<p>Zuwachs aus den eigenen Reihen f\u00fcr den Wuppertaler SV! Der 18-j\u00e4hrige Mittelfeldspieler Niklas Fensky und der 18-j\u00e4hrige Torh\u00fcter Payam Safarpour-Malekabad werden aus der WSV U19-Bundesligamannschaft in das Regionalliga-Team \u00fcbernommen.<\/p>\n","protected":false},"author":7,"featured_media":0,"comment_status":"open","ping_status":"closed","sticky":false,"template":"","format":"standard","meta":{"footnotes":""},"categories":[20],"tags":[],"class_list":["post-37696","post","type-post","status-publish","format-standard","hentry","category-sport"],"publishpress_future_action":{"enabled":false,"date":"2026-05-06 15:13:21","action":"change-status","newStatus":"draft","terms":[],"taxonomy":"category","extraData":[]},"publishpress_future_workflow_manual_trigger":{"enabledWorkflows":[]},"_links":{"self":[{"href":"https:\/\/www.die-stadtzeitung.de\/index.php\/wp-json\/wp\/v2\/posts\/37696","targetHints":{"allow":["GET"]}}],"collection":[{"href":"https:\/\/www.die-stadtzeitung.de\/index.php\/wp-json\/wp\/v2\/posts"}],"about":[{"href":"https:\/\/www.die-stadtzeitung.de\/index.php\/wp-json\/wp\/v2\/types\/post"}],"author":[{"embeddable":true,"href":"https:\/\/www.die-stadtzeitung.de\/index.php\/wp-json\/wp\/v2\/users\/7"}],"replies":[{"embeddable":true,"href":"https:\/\/www.die-stadtzeitung.de\/index.php\/wp-json\/wp\/v2\/comments?post=37696"}],"version-history":[{"count":1,"href":"https:\/\/www.die-stadtzeitung.de\/index.php\/wp-json\/wp\/v2\/posts\/37696\/revisions"}],"predecessor-version":[{"id":37699,"href":"https:\/\/www.die-stadtzeitung.de\/index.php\/wp-json\/wp\/v2\/posts\/37696\/revisions\/37699"}],"wp:attachment":[{"href":"https:\/\/www.die-stadtzeitung.de\/index.php\/wp-json\/wp\/v2\/media?parent=37696"}],"wp:term":[{"taxonomy":"category","embeddable":true,"href":"https:\/\/www.die-stadtzeitung.de\/index.php\/wp-json\/wp\/v2\/categories?post=37696"},{"taxonomy":"post_tag","embeddable":true,"href":"https:\/\/www.die-stadtzeitung.de\/index.php\/wp-json\/wp\/v2\/tags?post=37696"}],"curies":[{"name":"wp","href":"https:\/\/api.w.org\/{rel}","templated":true}]}}