{"id":37524,"date":"2021-05-18T17:55:56","date_gmt":"2021-05-18T15:55:56","guid":{"rendered":"https:\/\/www.die-stadtzeitung.de\/?p=37524"},"modified":"2021-05-21T04:41:33","modified_gmt":"2021-05-21T02:41:33","slug":"37524","status":"publish","type":"post","link":"https:\/\/www.die-stadtzeitung.de\/index.php\/2021\/05\/18\/37524\/","title":{"rendered":"6:2 &#8211; WSV steht im Finale des Niederrheinpokals"},"content":{"rendered":"<div id=\"attachment_37532\" class=\"wp-caption alignnone\" style=\"max-width: 1034px;\"><img loading=\"lazy\" decoding=\"async\" class=\"size-large wp-image-37532\" src=\"\/wp-content\/uploads\/2021\/05\/classen-2021-May-19-0237-1024x683.jpg\" alt=\"\" width=\"1024\" height=\"683\" \/><span class=\"wp-caption-text\">So sehen Sieger aus! Riesiger Jubel nach dem 6:2-Erfolg gegen den MSV Duisburg &#8211; \u00a9 Jochen Classen<\/span><\/div>\n<p>Den letzten Pflichtspielsieg gegen den MSV Duisburg schaffte der WSV am 13. Mai 1989. Damals gewannen die Wuppertaler \u00a0in einer Nachholbegegnung im Stadion am Zoo vor 1.500 Zuschauern mit 4:1.<\/p>\n<p>32 Jahre sp\u00e4ter gelang ihnen das Kunstst\u00fcck gegen den haushohen Favoriten erneut. Dabei sah es zun\u00e4chst so aus, als liefe alles ganz normal. Der MSV Duisburg, der den Klassenerhalt in der 3. Liga gesichert hat, ging in der 20. Minute durch ein Eigentor von Salau mit 1:0 in F\u00fchrung.<\/p>\n<p>Die Gastgeber lie\u00dfen dadurch aber nicht beirren. 11 Minuten sp\u00e4ter traf K\u00f6nigs zum 1:1. Gro\u00df war der Jubel auf der Wuppertaler Trainerbank, als der WSV kurz darauf durch Ametov sogar mit 2:1 in F\u00fchrung ging (36.). Das war auch der \u00a0Pausenstand.<\/p>\n<p>Nach dem Wechsel erwischten die Hausherren einen Traumstart. Bereits in der 48. Minute erh\u00f6hte Hagemann auf 3:1. Etwas Hoffnung keimte bei den Duisburgern ich einmal auf, als Stoppelkamp in der 59. Minute per Elfmeter auf 3:2 verk\u00fcrzen konnte. Moritz R\u00f6mling hatte Ahmet Engin an der Strafraumgrenze gefoult.<\/p>\n<p>Doch als K\u00f6nigs nur zwei Minuten sp\u00e4ter das 4:2 (61.) erzielte, war das die endg\u00fcltige Entscheidung. \u00a0Salau (84. ) und Rodrigues Pires (87.) bauten das Ergebnis dann noch zum einem haushohen Sieg aus. Eine starke Leistung, ein mehr als verdienter Sieg.<\/p>\n<p>Im Finale des Niederrheinpokals trifft der WSV am Samstag, den 29.Mai 2021 auf Ligakonkurrent SV Stralen, der sich am Abend im Elfmeterschie\u00dfen bei Rot-Weiss Essen durchsetzen konnte. Spielort und Ansto\u00dfzeit stehen noch nicht fest.<\/p>\n<div id=\"attachment_37533\" class=\"wp-caption alignnone\" style=\"max-width: 1034px;\"><img loading=\"lazy\" decoding=\"async\" class=\"size-large wp-image-37533\" src=\"\/wp-content\/uploads\/2021\/05\/classen-2020-May-19-0139-1024x683.jpg\" alt=\"\" width=\"1024\" height=\"683\" \/><span class=\"wp-caption-text\">Ein packender Zweikampf: Marco K\u00f6nigs setzt sich gegen einen Duisburger durch- \u00a9 Jochen Classen<\/span><\/div>\n<h4>Wuppertaler SV &#8211; MSV Duisburg \u00a06:2 (2:1)<\/h4>\n<p><b>Aufstellung Wuppertaler SV:<\/b><\/p>\n<p>31 Sebastian Patzler \u2013 21 Noah Salau, 5 Tjorben Uphoff, 27 Kevin Pytlik, 3 Moritz R\u00f6mling \u2013 10 Kevin Rodrigues Pires, 7 Semir Saric (79. 24 Isaak Simion Akritidis), 6 Joey Paul M\u00fcller \u2013 9 Beyhan Ametov (56. 16 Lars Holtkamp), 48 Marco K\u00f6nigs (88. 14 Mateo Aramburu), 30 Kevin Hagemann (86. 53 Burak Gencal)<\/p>\n<p>Trainer: Bj\u00f6rn Mehnert<\/p>\n<p><b>Aufstellung MSV Duisburg:<\/b><\/p>\n<p>30 Steven Deana \u2013 28 David Tomic, 15 Tobias Fleckstein, 14 Stefan Velkov, 7 Lukas Scepanik \u2013 9 Ahmet Engin (62. 20 Leroy-Jacques Mickels), 6 Connor Krempicki (62. 31 Federico Palacios), 37 Marlon Frey (84. 36 Wilson Kamavuaka),10 Moritz Stoppelkamp \u2013 39 Aziz Bouhaddouz, 29 Orhan Ademi (62. 19 Sinan Karweina)<\/p>\n<p>Trainer: Pavel Dotchev<\/p>\n<p><b>Stadion: <\/b>Stadion am Zoo<\/p>\n<p><b>Zuschauer:<\/b> 0<\/p>\n<p><b>Tore: <\/b>0:1 Salau (20., Eigentor), 1:1 K\u00f6nigs (31.), 2:1 Ametov (36.), 3:1 Hagemann (48.), 3:2 Stoppelkamp (59., Foulelfmeter), 4:2 K\u00f6nigs (61.), 5:2 Salau (84.), 6:2 Rodrigues Pires (87.)<\/p>\n","protected":false},"excerpt":{"rendered":"<p>Was f\u00fcr ein Sieg! Der Regionalligist Wuppertaler SV hat den Drittligisten MSV Duisburg im Halbfinale des Niederrheinpokals mit 6:2 (2:1) abgefertigt. Im Finale treffen die Sch\u00fctzlinge von Bj\u00f6rn Mehnert auf den Ligakonkurrenten SV Straelen.<\/p>\n","protected":false},"author":7,"featured_media":0,"comment_status":"open","ping_status":"closed","sticky":false,"template":"","format":"standard","meta":{"footnotes":""},"categories":[20],"tags":[],"class_list":["post-37524","post","type-post","status-publish","format-standard","hentry","category-sport"],"publishpress_future_action":{"enabled":false,"date":"2026-05-07 05:56:40","action":"change-status","newStatus":"draft","terms":[],"taxonomy":"category","extraData":[]},"publishpress_future_workflow_manual_trigger":{"enabledWorkflows":[]},"_links":{"self":[{"href":"https:\/\/www.die-stadtzeitung.de\/index.php\/wp-json\/wp\/v2\/posts\/37524","targetHints":{"allow":["GET"]}}],"collection":[{"href":"https:\/\/www.die-stadtzeitung.de\/index.php\/wp-json\/wp\/v2\/posts"}],"about":[{"href":"https:\/\/www.die-stadtzeitung.de\/index.php\/wp-json\/wp\/v2\/types\/post"}],"author":[{"embeddable":true,"href":"https:\/\/www.die-stadtzeitung.de\/index.php\/wp-json\/wp\/v2\/users\/7"}],"replies":[{"embeddable":true,"href":"https:\/\/www.die-stadtzeitung.de\/index.php\/wp-json\/wp\/v2\/comments?post=37524"}],"version-history":[{"count":8,"href":"https:\/\/www.die-stadtzeitung.de\/index.php\/wp-json\/wp\/v2\/posts\/37524\/revisions"}],"predecessor-version":[{"id":37535,"href":"https:\/\/www.die-stadtzeitung.de\/index.php\/wp-json\/wp\/v2\/posts\/37524\/revisions\/37535"}],"wp:attachment":[{"href":"https:\/\/www.die-stadtzeitung.de\/index.php\/wp-json\/wp\/v2\/media?parent=37524"}],"wp:term":[{"taxonomy":"category","embeddable":true,"href":"https:\/\/www.die-stadtzeitung.de\/index.php\/wp-json\/wp\/v2\/categories?post=37524"},{"taxonomy":"post_tag","embeddable":true,"href":"https:\/\/www.die-stadtzeitung.de\/index.php\/wp-json\/wp\/v2\/tags?post=37524"}],"curies":[{"name":"wp","href":"https:\/\/api.w.org\/{rel}","templated":true}]}}