{"id":37445,"date":"2021-05-18T08:10:05","date_gmt":"2021-05-18T06:10:05","guid":{"rendered":"https:\/\/www.die-stadtzeitung.de\/?p=37445"},"modified":"2021-05-21T04:16:00","modified_gmt":"2021-05-21T02:16:00","slug":"tvb-aussen-duo-bleibt-und-zwei-neue","status":"publish","type":"post","link":"https:\/\/www.die-stadtzeitung.de\/index.php\/2021\/05\/18\/tvb-aussen-duo-bleibt-und-zwei-neue\/","title":{"rendered":"TVB: Au\u00dfen-Duo bleibt und zwei Neue kommen"},"content":{"rendered":"<div id=\"attachment_37544\" class=\"wp-caption alignnone\" style=\"max-width: 1034px;\"><img loading=\"lazy\" decoding=\"async\" class=\"size-large wp-image-37544\" src=\"\/wp-content\/uploads\/2021\/05\/Nele-und-Lea-3-1024x649.jpeg\" alt=\"\" width=\"1024\" height=\"649\" \/><span class=\"wp-caption-text\">Nele Eckert (l.) und Lea Flohr freuen sich auf die n\u00e4chste Zweitligasaison im TVB-Trikot &#8211; \u00a9 TVB Wuppertal<\/span><\/div>\n<p>Mit der Linksh\u00e4nderin Insa Weisz und der routinierten Mona Bratzke haben zwei etablierte Kr\u00e4fte des aktuellen Kaders ihre Zusage f\u00fcr ein weiteres Jahr im TVB-Trikot gegeben. \u201eDie Kaderplanung befindet sich in den finalen Z\u00fcgen. Es ist ein tolles Zeichen, dass viele M\u00e4dels dem Verein treu bleiben. Das spricht f\u00fcr die geleistete Arbeit und ein intaktes Vereinsleben\u201c, sagt Sportdirektor Dieter Trippen, der auf die Frage \u00fcber m\u00f6gliche weitere Kader-Zug\u00e4nge \u201ebaldige Neuigkeiten\u201c ank\u00fcndigt.<\/p>\n<p>Mona Bratze bekleidet bereits seit \u00fcber zehn Jahren in verschiedenen Teams die Aussenpositionen auf hohem Niveau und wird von Coach Dominik Schlechter als \u201etadellose, vorbildliche Sportlerin\u201c beschrieben. Sie selbst \u00e4u\u00dfert sich gelassen \u00fcber Ihre Verl\u00e4ngerung: \u201eAusruhen kann ich mich immer noch. Ich freue mich, noch ein weiteres Jahr mit den \u2018jungen Wilden\u2018 auf Punktejagd zu gehen und die Liga erneut aufzumischen!\u201c<\/p>\n<div id=\"attachment_37447\" class=\"wp-caption alignnone\" style=\"max-width: 1034px;\"><img loading=\"lazy\" decoding=\"async\" class=\"size-large wp-image-37447\" src=\"\/wp-content\/uploads\/2021\/05\/33-Insa-Weisz-2-1024x740.jpg\" alt=\"\" width=\"1024\" height=\"740\" \/><span class=\"wp-caption-text\">Bleibt dem TVB treu: Insa Weisz &#8211; \u00a9 TVB Wuppertal<\/span><\/div>\n<p>Mit Linksh\u00e4nderin Insa Weizs bleibt dem TVB eine Spielerinnen erhalten, die in dieser Saison ihre ersten Erfahrungen in der zweiten Bundesliga sammeln konnte. &#8222;Insa ist im kommenden Jahr eine der vielen \u201ajungen Wilden\u2019, die unsere Philosophie perfekt verk\u00f6rpert\u201c, so Coach Schlechter.<\/p>\n<p>Die 19-J\u00e4hrige bringt die Beweggr\u00fcnde f\u00fcr Ihre Verl\u00e4ngerung wie folgt auf den Punkt: \u201eWir haben hier ein tolles Team mit dem es einfach Spa\u00df macht auf der Platte zu stehen. Zudem bietet der TVB gute Voraussetzungen, um sich auch individuell weiterzuentwickeln. Deswegen freue ich mich sehr ein weiteres Jahr Trikot des TVB auflaufen zu d\u00fcrfen.&#8220;<\/p>\n<p>Am Samstag (22.05.) steht das letzte Spiel der Saison auf dem Plan. Um 18:00 trifft die Schlechter-Truppe beim Heimspiel auf den SV Werder Bremen<\/p>\n<div id=\"attachment_37446\" class=\"wp-caption alignnone\" style=\"max-width: 1034px;\"><img loading=\"lazy\" decoding=\"async\" class=\"size-large wp-image-37446\" src=\"\/wp-content\/uploads\/2021\/05\/19-Mona-Bratzke-2-1024x747.jpg\" alt=\"\" width=\"1024\" height=\"747\" \/><span class=\"wp-caption-text\">Bleibt dem TVB treu: Mona Bratzke &#8211; \u00a9 TVB Wuppertal<\/span><\/div>\n<h4>Lea Flohr &amp; Nele Eckert &#8211; Zuwachs f\u00fcr Handballgirls<\/h4>\n<p>Nach einer sportlich herausragenden Entwicklung mit sieben ungeschlagenen Spielen in Folge, vermelden die Verantwortlichen des Handball-Zweitligisten TVB Wuppertal weitere gute Nachrichte: Mit Lea Flohr und Nele Eckert schlie\u00dfen sich zwei junge, talentierte Spielerinnen dem TVB an.<\/p>\n<p>Lea Flohr kommt vom Bundesliga-Nachwuchs des TSV Bayer 04 Leverkusen und k\u00e4mpft aktuell mit ihrem Team um die deutsche A-Jugend Meisterschaft. \u201eZun\u00e4chst einmal hat mich das Training beim TVB \u00fcberzeugt! Ich hatte das Gef\u00fchl, dass ich viel lernen kann und\u00a0 das Niveau der Mannschaft mir hilft, mich individuell zu verbessern\u201c, nennt die ehrgeizige R\u00fcckraumspielern Ihre Beweggr\u00fcnde f\u00fcr den Wechsel ins Lager der Handballgirls.<\/p>\n<p>Weiterhin f\u00fchrt sie aus: \u201eAm meisten freue ich mich auf eine junge, motivierte Mannschaft und habe gro\u00dfe Lust, meinen Teil zu einer erfolgreichen Saison beizutragen.\u201c<\/p>\n<p>Ebenso motiviert und zielstrebig st\u00f6\u00dft mit Nele Eckert eine Linksh\u00e4nderin f\u00fcr die Au\u00dfenposition hinzu, die in der aktuellen Saison f\u00fcr das A-Jugend Bundesliga-Team von Borussia Dortmund im Einsatz war und im kommenden Jahr mit Zweitspielrecht beim TVB ins Bundesliga-Geschehen eingreifen wird.<\/p>\n<p>\u201eF\u00fcr mich pers\u00f6nlich ist es ein Privileg, schon jetzt die Erfahrungen in der zweiten Liga sammeln zu d\u00fcrfen\u201c, sagt Nele Eckert und f\u00fcgt stolz hinzu \u201eIch m\u00f6chte die Chance nutzen, mich als Spielerin weiterzuentwickeln und die Herausforderung \u20182. Bundesliga\u2019 annehmen. Zudem freue ich mich, mit der Mannschaft eine tolle Zeit zu erleben.\u201c<\/p>\n<p>&nbsp;<\/p>\n","protected":false},"excerpt":{"rendered":"<p>Nachdem das Team vom TVB Wuppertal mit \u00fcberzeugenden Leistungen bereits Anfang Mai den Klassenerhalt feiern konnte, kommen die Verantwortlichen auch in Sachen \u201eKaderplanung\u201c der Ziellinie n\u00e4her. Insa Weisz und Mona Bratzke bleiben den Handballgirls treu. Mit Lea Flohr und Nele Eckert stehen zudem die ersten beiden Neuzug\u00e4nge fest.<\/p>\n","protected":false},"author":7,"featured_media":0,"comment_status":"open","ping_status":"closed","sticky":false,"template":"","format":"standard","meta":{"footnotes":""},"categories":[20],"tags":[],"class_list":["post-37445","post","type-post","status-publish","format-standard","hentry","category-sport"],"publishpress_future_action":{"enabled":false,"date":"2026-05-08 02:33:57","action":"change-status","newStatus":"draft","terms":[],"taxonomy":"category","extraData":[]},"publishpress_future_workflow_manual_trigger":{"enabledWorkflows":[]},"_links":{"self":[{"href":"https:\/\/www.die-stadtzeitung.de\/index.php\/wp-json\/wp\/v2\/posts\/37445","targetHints":{"allow":["GET"]}}],"collection":[{"href":"https:\/\/www.die-stadtzeitung.de\/index.php\/wp-json\/wp\/v2\/posts"}],"about":[{"href":"https:\/\/www.die-stadtzeitung.de\/index.php\/wp-json\/wp\/v2\/types\/post"}],"author":[{"embeddable":true,"href":"https:\/\/www.die-stadtzeitung.de\/index.php\/wp-json\/wp\/v2\/users\/7"}],"replies":[{"embeddable":true,"href":"https:\/\/www.die-stadtzeitung.de\/index.php\/wp-json\/wp\/v2\/comments?post=37445"}],"version-history":[{"count":6,"href":"https:\/\/www.die-stadtzeitung.de\/index.php\/wp-json\/wp\/v2\/posts\/37445\/revisions"}],"predecessor-version":[{"id":37620,"href":"https:\/\/www.die-stadtzeitung.de\/index.php\/wp-json\/wp\/v2\/posts\/37445\/revisions\/37620"}],"wp:attachment":[{"href":"https:\/\/www.die-stadtzeitung.de\/index.php\/wp-json\/wp\/v2\/media?parent=37445"}],"wp:term":[{"taxonomy":"category","embeddable":true,"href":"https:\/\/www.die-stadtzeitung.de\/index.php\/wp-json\/wp\/v2\/categories?post=37445"},{"taxonomy":"post_tag","embeddable":true,"href":"https:\/\/www.die-stadtzeitung.de\/index.php\/wp-json\/wp\/v2\/tags?post=37445"}],"curies":[{"name":"wp","href":"https:\/\/api.w.org\/{rel}","templated":true}]}}