{"id":37434,"date":"2021-05-17T08:02:20","date_gmt":"2021-05-17T06:02:20","guid":{"rendered":"https:\/\/www.die-stadtzeitung.de\/?p=37434"},"modified":"2021-05-18T12:02:58","modified_gmt":"2021-05-18T10:02:58","slug":"neue-professorin-fuer-lehren-lernen-mit-digitalen-medien","status":"publish","type":"post","link":"https:\/\/www.die-stadtzeitung.de\/index.php\/2021\/05\/17\/neue-professorin-fuer-lehren-lernen-mit-digitalen-medien\/","title":{"rendered":"Neue Professorin f\u00fcr Lehren &#038; Lernen mit digitalen Medien"},"content":{"rendered":"<div class=\"header\">\n<div id=\"attachment_37436\" class=\"wp-caption alignnone\" style=\"max-width: 1034px;\"><img loading=\"lazy\" decoding=\"async\" class=\"size-large wp-image-37436\" src=\"\/wp-content\/uploads\/2021\/05\/Claudia_Schrader-2-1024x677.jpg\" alt=\"\" width=\"1024\" height=\"677\" \/><span class=\"wp-caption-text\">Prof. Claudia Schrader &#8211; \u00a9\u00a0<span class=\"sub_caption\">Foto G\u00fcnter Scholz<\/span><\/span><\/div>\n<\/div>\n<div id=\"c28436\" class=\"csc-default\">\n<div class=\"csc-textpic csc-textpic-intext-right\">\n<div class=\"csc-textpic-text\">\n<p class=\"bodytext\">Claudia Schrader studierte Medienwissenschaften, P\u00e4dagogische Psychologie und Kulturgeschichte an der Friedrich-Schiller Universit\u00e4t Jena. 2012 promovierte sie an der Fernuniversit\u00e4t Hagen.<\/p>\n<p class=\"bodytext\">Die 40j\u00e4hrige war Wissenschaftliche Mitarbeiterin an der Fernuni und vertrat die Professur Forschungsbasiertes Lernen an der Universit\u00e4t Oldenburg. Von 2013 bis 2020 war sie Juniorprofessorin f\u00fcr Serious Games \u2013 Kompetenzf\u00f6rderung durch adaptive Systeme an der Universit\u00e4t Ulm.<\/p>\n<p class=\"bodytext\">W\u00e4hrenddessen vertrat sie ein Semester lang eine Professur an der P\u00e4dagogischen Hochschule Weingarten. Im letzten Jahr war sie f\u00fcr einen einj\u00e4hrigen Forschungsaufenthalt an der New South Wales University in Australien.<\/p>\n<p class=\"bodytext\">Ihre Forschungsschwerpunkte sind die F\u00f6rderung von Lernprozessen in multimedialen Lernumgebungen, Adaptivit\u00e4t des Designs multimedialer Lernumgebungen an kognitive und affektive Aspekte im Lernverlauf sowie prozessbezogene Erfassung und Analyse kognitiver und affektiver Aspekte im Lernverlauf mittels physiologischer und verhaltensbasierter Indikatoren (insbesondere \u00fcber K\u00f6rperhaltung und -bewegung, Herzrate und Herzratenvariabilit\u00e4t und Touch Pressure).<\/p>\n<p class=\"bodytext\"><a class=\"external-link-new-window\" href=\"https:\/\/www.ifb.uni-wuppertal.de\/de\/arbeitsbereiche\/lehren-und-lernen-mit-digitalen-medien\/schrader-claudia-prof-dr.html\" target=\"_blank\" rel=\"noopener\">www.ifb.uni-wuppertal.de <\/a><\/p>\n<\/div>\n<\/div>\n<\/div>\n","protected":false},"excerpt":{"rendered":"<p>Dr. Claudia Schrader ist neue Professorin f\u00fcr Lehren und Lernen mit digitalen Medien an der Bergischen Universit\u00e4t Wuppertal. Einer ihrer Forschungsschwerpunkte ist die F\u00f6rderung von Lernprozessen in multimedialen Lernumgebungen.<\/p>\n","protected":false},"author":7,"featured_media":0,"comment_status":"open","ping_status":"closed","sticky":false,"template":"","format":"standard","meta":{"footnotes":""},"categories":[27],"tags":[],"class_list":["post-37434","post","type-post","status-publish","format-standard","hentry","category-wissen"],"publishpress_future_action":{"enabled":false,"date":"2026-05-06 11:40:21","action":"change-status","newStatus":"draft","terms":[],"taxonomy":"category","extraData":[]},"publishpress_future_workflow_manual_trigger":{"enabledWorkflows":[]},"_links":{"self":[{"href":"https:\/\/www.die-stadtzeitung.de\/index.php\/wp-json\/wp\/v2\/posts\/37434","targetHints":{"allow":["GET"]}}],"collection":[{"href":"https:\/\/www.die-stadtzeitung.de\/index.php\/wp-json\/wp\/v2\/posts"}],"about":[{"href":"https:\/\/www.die-stadtzeitung.de\/index.php\/wp-json\/wp\/v2\/types\/post"}],"author":[{"embeddable":true,"href":"https:\/\/www.die-stadtzeitung.de\/index.php\/wp-json\/wp\/v2\/users\/7"}],"replies":[{"embeddable":true,"href":"https:\/\/www.die-stadtzeitung.de\/index.php\/wp-json\/wp\/v2\/comments?post=37434"}],"version-history":[{"count":2,"href":"https:\/\/www.die-stadtzeitung.de\/index.php\/wp-json\/wp\/v2\/posts\/37434\/revisions"}],"predecessor-version":[{"id":37437,"href":"https:\/\/www.die-stadtzeitung.de\/index.php\/wp-json\/wp\/v2\/posts\/37434\/revisions\/37437"}],"wp:attachment":[{"href":"https:\/\/www.die-stadtzeitung.de\/index.php\/wp-json\/wp\/v2\/media?parent=37434"}],"wp:term":[{"taxonomy":"category","embeddable":true,"href":"https:\/\/www.die-stadtzeitung.de\/index.php\/wp-json\/wp\/v2\/categories?post=37434"},{"taxonomy":"post_tag","embeddable":true,"href":"https:\/\/www.die-stadtzeitung.de\/index.php\/wp-json\/wp\/v2\/tags?post=37434"}],"curies":[{"name":"wp","href":"https:\/\/api.w.org\/{rel}","templated":true}]}}