{"id":37402,"date":"2021-05-17T08:20:36","date_gmt":"2021-05-17T06:20:36","guid":{"rendered":"https:\/\/www.die-stadtzeitung.de\/?p=37402"},"modified":"2021-05-17T08:24:45","modified_gmt":"2021-05-17T06:24:45","slug":"im-hotel-unerwuenscht-pechpfoten-brachten-kater-sunny-glueck","status":"publish","type":"post","link":"https:\/\/www.die-stadtzeitung.de\/index.php\/2021\/05\/17\/im-hotel-unerwuenscht-pechpfoten-brachten-kater-sunny-glueck\/","title":{"rendered":"Im Hotel unerw\u00fcnscht: &#8222;Pechpfoten&#8220; brachten Kater Sunny Gl\u00fcck"},"content":{"rendered":"<div id=\"attachment_37404\" class=\"wp-caption alignnone\" style=\"max-width: 1034px;\"><img loading=\"lazy\" decoding=\"async\" class=\"size-large wp-image-37404\" src=\"\/wp-content\/uploads\/2021\/05\/Sunny_hell_2-2-1024x793.jpg\" alt=\"\" width=\"1024\" height=\"793\" \/><span class=\"wp-caption-text\">Kater Sonny war im Hotel nicht willkommen. Jetzt ist er privat untergebracht &#8211; \u00a9 Samtpfoten e.V.<\/span><\/div>\n<p>Der Mann konnte aber zeitnah mit seinem Hund ein Hotelzimmer beziehen. Nur Kater Sunny war in dem Hotel nicht willkommen. Er musste im Auto des Mannes bleiben.<\/p>\n<p>Zum Gl\u00fcck gibt es den lokalen Tierschutzverein &#8222;Pechpfoten e.V&#8220;.\u00a0 Sofort wurden alle Hebel in Bewegung gesetzt und noch am gleichen Abend kam auch f\u00fcr die Samtpfote Sunny Entwarnung. Der Kater konnte in Vereinskreisen privat untergebracht werden. Dort wartet er nun gut beh\u00fctet, bis ein gemeinsames Domizil f\u00fcr Halter, Hund und Kater gefunden ist.<\/p>\n<p>Anke S\u00fcper von &#8222;Pechpfoten e.V.&#8220;: &#8222;Um f\u00fcr Akutf\u00e4lle besser ger\u00fcstet zu sein, sucht der Verein bereits seit Jahren nach einem passenden Grundst\u00fcck f\u00fcr eine artgerechte Unterbringung von tierischen Notf\u00e4llen und bittet alle Tierfreunde Hinweise und Tipps unter <a href=\"mailto:info@pechpfoten.de\">info@pechpfoten.de<\/a> oder telefonisch 0202\/74717177.&#8220;<\/p>\n<p>&nbsp;<\/p>\n<p><strong>Tierschutzverein Pechpfoten e.V.<\/strong><br \/>\nRotk\u00e4ppchenweg 24 &#8211; 42111 Wuppertal<br \/>\nTel.: 0202\/74717177 &#8211; Mail: <a href=\"mailto:info@pechpfoten.de\">info@pechpfoten.de<\/a><br \/>\nHomepage: <a href=\"http:\/\/www.pechpfoten.de\/\">www.pechpfoten.de<\/a><\/p>\n<p>&nbsp;<\/p>\n","protected":false},"excerpt":{"rendered":"<p>Der Wuppertaler Tierschutzverein &#8222;Pechpfoten e.V.&#8220; hat Kater Sonny Gl\u00fcck gebracht. Der Hintergrund: In der Rudolfstrasse war es zu einem schweren Brand in einem Mehrfamilienhaus gekommen. Einer der Bewohner hatte Gl\u00fcck im Ungl\u00fcck. Er blieb zwar unverletzt, seine Wohnung war aber nicht mehr bewohnbar. Er, sein Hund und sein Kater waren von jetzt auf gleich obdachlos.<\/p>\n","protected":false},"author":7,"featured_media":0,"comment_status":"open","ping_status":"closed","sticky":false,"template":"","format":"standard","meta":{"footnotes":""},"categories":[24],"tags":[],"class_list":["post-37402","post","type-post","status-publish","format-standard","hentry","category-wuppertal"],"publishpress_future_action":{"enabled":false,"date":"2026-05-06 11:40:21","action":"change-status","newStatus":"draft","terms":[],"taxonomy":"category","extraData":[]},"publishpress_future_workflow_manual_trigger":{"enabledWorkflows":[]},"_links":{"self":[{"href":"https:\/\/www.die-stadtzeitung.de\/index.php\/wp-json\/wp\/v2\/posts\/37402","targetHints":{"allow":["GET"]}}],"collection":[{"href":"https:\/\/www.die-stadtzeitung.de\/index.php\/wp-json\/wp\/v2\/posts"}],"about":[{"href":"https:\/\/www.die-stadtzeitung.de\/index.php\/wp-json\/wp\/v2\/types\/post"}],"author":[{"embeddable":true,"href":"https:\/\/www.die-stadtzeitung.de\/index.php\/wp-json\/wp\/v2\/users\/7"}],"replies":[{"embeddable":true,"href":"https:\/\/www.die-stadtzeitung.de\/index.php\/wp-json\/wp\/v2\/comments?post=37402"}],"version-history":[{"count":4,"href":"https:\/\/www.die-stadtzeitung.de\/index.php\/wp-json\/wp\/v2\/posts\/37402\/revisions"}],"predecessor-version":[{"id":37407,"href":"https:\/\/www.die-stadtzeitung.de\/index.php\/wp-json\/wp\/v2\/posts\/37402\/revisions\/37407"}],"wp:attachment":[{"href":"https:\/\/www.die-stadtzeitung.de\/index.php\/wp-json\/wp\/v2\/media?parent=37402"}],"wp:term":[{"taxonomy":"category","embeddable":true,"href":"https:\/\/www.die-stadtzeitung.de\/index.php\/wp-json\/wp\/v2\/categories?post=37402"},{"taxonomy":"post_tag","embeddable":true,"href":"https:\/\/www.die-stadtzeitung.de\/index.php\/wp-json\/wp\/v2\/tags?post=37402"}],"curies":[{"name":"wp","href":"https:\/\/api.w.org\/{rel}","templated":true}]}}