{"id":3632,"date":"2016-01-25T22:34:41","date_gmt":"2016-01-25T21:34:41","guid":{"rendered":"http:\/\/192.168.10.16\/newsportal\/stadtzeitung\/index.php\/2016\/01\/25\/wuppertaler-erstauffuehrung-der-matthaeus-passion-von-telemann\/"},"modified":"2016-01-25T22:34:41","modified_gmt":"2016-01-25T21:34:41","slug":"wuppertaler-erstauffuehrung-der-matthaeus-passion-von-telemann","status":"publish","type":"post","link":"https:\/\/www.die-stadtzeitung.de\/index.php\/2016\/01\/25\/wuppertaler-erstauffuehrung-der-matthaeus-passion-von-telemann\/","title":{"rendered":"Wuppertaler Erstauff\u00fchrung der Matth\u00e4us-Passion von Telemann"},"content":{"rendered":"<p><img loading=\"lazy\" decoding=\"async\" class=\" size-full wp-image-3631\" src=\"https:\/\/www.die-stadtzeitung.de\/wp-content\/uploads\/2016\/01\/211520f6c4dff2679a31b5ccb6899176.jpg\" alt=\"Foto: Sebastian Jarych\" width=\"900\" height=\"600\" \/><\/p>\n<p>Am Sonntag, dem 28. Februar erklingt um 17 Uhr in der Elberfelder Friedhofskirche an der Hochstra\u00dfe eine Wuppertaler Erstauff\u00fchrung.<\/p>\n<p>  <!--more-->  <\/p>\n<p>Dazu hat sich der Konzertchor Wuppertal und Mitglieder des Sinfonieorchesters unter Leitung von Thorsten Pech die 1746 entstandene Matth\u00e4us-Passion des Hamburger Komponisten Georg Philipp Telemann ausgesucht. Dieses erst vor einigen Jahren wiederentdeckte und bislang \u00e4u\u00dferst selten gespielte Werk erklingt nun hier in Wuppertal unter Mitwirkung namhafter Solistinnen und Solisten. Telemann komponierte im Laufe seiner Hamburger T\u00e4tigkeit insgesamt 46 Passionen, von denen nur einige erhalten sind.<\/p>\n<p>W\u00e4hrend die fr\u00fchen Werke noch ganz dem Hochbarock verpflichtet sind, stellt die Matth\u00e4us-Passion 1746 eine Komposition des \u00dcbergangs dar, bei der neben vertrauten barocken Elementen auch erste Ans\u00e4tze der beginnenden Fr\u00fchklassik zu erleben sind. Telemann verleiht der Passionsgeschichte eine geradezu dramatisch-opernhafte Handlung im dichten Wechsel von Ch\u00f6ren, Rezitativen und Arien, so dass die H\u00f6renden eindr\u00fccklich und packend in das Geschehen hineingenommen werden.<\/p>\n<p>Eintrittskarten sind im Vorverkauf zum Preis von 15 Euro (Sch\u00fcler, Studenten 5 Euro) ab sofort erh\u00e4ltlich. Der Preis an der Abendkasse betr\u00e4gt 18 Euro. Vorverkaufsstellen sind unter anderem bei Landisedel+Becker, H\u00f6hne in Barmen und in der Gesch\u00e4ftsstelle der Volksb\u00fchne Wuppertal, Kirchstra\u00dfe 16 in Elberfeld oder direkt bei den Chormitgliedern. Wir laden herzlich zu einer bewegenden Passionsauff\u00fchrung in die Friedhofskirche ein.<\/p>\n<p>Friedhofskirche Wuppertal<br \/><span class=\"_Xbe\">Alemannenstra\u00dfe 40<br \/>42105 Wuppertal<\/span><\/p>\n","protected":false},"excerpt":{"rendered":"<p>Am Sonntag, dem 28. Februar erklingt um 17 Uhr in der Elberfelder Friedhofskirche an der Hochstra\u00dfe eine Wuppertaler Erstauff\u00fchrung.<\/p>\n","protected":false},"author":14,"featured_media":3631,"comment_status":"open","ping_status":"closed","sticky":false,"template":"","format":"standard","meta":{"footnotes":""},"categories":[28],"tags":[322,1946,176],"class_list":["post-3632","post","type-post","status-publish","format-standard","hentry","category-termine","tag-chor","tag-erstauffuehrung","tag-konzert"],"publishpress_future_action":{"enabled":false,"date":"2026-05-04 07:41:18","action":"change-status","newStatus":"draft","terms":[],"taxonomy":"category","extraData":[]},"publishpress_future_workflow_manual_trigger":{"enabledWorkflows":[]},"_links":{"self":[{"href":"https:\/\/www.die-stadtzeitung.de\/index.php\/wp-json\/wp\/v2\/posts\/3632","targetHints":{"allow":["GET"]}}],"collection":[{"href":"https:\/\/www.die-stadtzeitung.de\/index.php\/wp-json\/wp\/v2\/posts"}],"about":[{"href":"https:\/\/www.die-stadtzeitung.de\/index.php\/wp-json\/wp\/v2\/types\/post"}],"author":[{"embeddable":true,"href":"https:\/\/www.die-stadtzeitung.de\/index.php\/wp-json\/wp\/v2\/users\/14"}],"replies":[{"embeddable":true,"href":"https:\/\/www.die-stadtzeitung.de\/index.php\/wp-json\/wp\/v2\/comments?post=3632"}],"version-history":[{"count":0,"href":"https:\/\/www.die-stadtzeitung.de\/index.php\/wp-json\/wp\/v2\/posts\/3632\/revisions"}],"wp:featuredmedia":[{"embeddable":true,"href":"https:\/\/www.die-stadtzeitung.de\/index.php\/wp-json\/wp\/v2\/media\/3631"}],"wp:attachment":[{"href":"https:\/\/www.die-stadtzeitung.de\/index.php\/wp-json\/wp\/v2\/media?parent=3632"}],"wp:term":[{"taxonomy":"category","embeddable":true,"href":"https:\/\/www.die-stadtzeitung.de\/index.php\/wp-json\/wp\/v2\/categories?post=3632"},{"taxonomy":"post_tag","embeddable":true,"href":"https:\/\/www.die-stadtzeitung.de\/index.php\/wp-json\/wp\/v2\/tags?post=3632"}],"curies":[{"name":"wp","href":"https:\/\/api.w.org\/{rel}","templated":true}]}}