{"id":35730,"date":"2021-05-09T08:05:43","date_gmt":"2021-05-09T06:05:43","guid":{"rendered":"https:\/\/www.die-stadtzeitung.de\/?p=35730"},"modified":"2021-05-12T09:33:33","modified_gmt":"2021-05-12T07:33:33","slug":"neuer-professor-fuer-bildgebende-verfahren-in-medizin-forschung","status":"publish","type":"post","link":"https:\/\/www.die-stadtzeitung.de\/index.php\/2021\/05\/09\/neuer-professor-fuer-bildgebende-verfahren-in-medizin-forschung\/","title":{"rendered":"Neuer Professor f\u00fcr Bildgebende Verfahren in Medizin-Forschung"},"content":{"rendered":"<div class=\"header\">\n<div id=\"attachment_35732\" class=\"wp-caption alignnone\" style=\"max-width: 1034px;\"><img loading=\"lazy\" decoding=\"async\" class=\"size-large wp-image-35732\" src=\"\/wp-content\/uploads\/2021\/05\/MarkusAxer-2-1024x808.jpg\" alt=\"\" width=\"1024\" height=\"808\" \/><span class=\"wp-caption-text\">Dr. Markus Axer &#8211; \u00a9\u00a0<span class=\"sub_caption\">Foto Ralf-Uwe Limbach\/Forschungszentrum J\u00fclich<\/span><\/span><\/div>\n<\/div>\n<div id=\"c28429\" class=\"csc-default\">\n<div class=\"csc-textpic csc-textpic-intext-right\">\n<div class=\"csc-textpic-text\">\n<p class=\"bodytext\">Axer studierte Physik an der RWTH Aachen, wo er 2003 auch promovierte. Er war Wissenschaftlicher Mitarbeiter in Aachen, Postdoc am CERN sowie am Forschungszentrum J\u00fclich. Seit 2014 leitet er dort die Arbeitsgruppe Faserbahnarchitektur und ist seit 2020 stellvertretender Direktor des Instituts f\u00fcr Neurowissenschaften und Medizin (INM-1).<\/p>\n<p class=\"bodytext\">Das Haupziel seiner Forschung ist es, die Nervenfaserarchitektur des Gehirns und die daraus resultierende strukturelle Konnektivit\u00e4t aufzudecken und zu verstehen. \u201eMeine Arbeit umfasst u. a. den Entwurf polarimetrischer Mikroskope, die Implementierung von effizienten Bildverarbeitungsalgorithmen sowie die Analyse gro\u00dfer Datenmengen unter Verwendung von Hochleistungsrechnen\u201c, erkl\u00e4rt der 47-J\u00e4hrige.<\/p>\n<p class=\"bodytext\">\u201eIch bin davon \u00fcberzeugt, dass Simulationsans\u00e4tze erforderlich sind, um experimentelle Daten grundlegend zu erg\u00e4nzen. Sie tragen entscheidend zum Verst\u00e4ndnis und zur Nutzung der zugrunde liegenden physikalischen Prinzipien verschiedener Bildgebungsverfahren bei.\u201c Die kombinierte Nutzung dieser interdisziplin\u00e4ren Themen erm\u00f6gliche die Erstellung einzigartiger Atlanten verschiedener Spezies, wie z. B. Nagetiere, V\u00f6gel, Pinnipeds, nicht-menschliche und menschliche Primaten.<\/p>\n<p class=\"bodytext\">Mit dem \u201eJ\u00fclicher Modell\u201c wird ein gemeinsames Berufungsverfahren bezeichnet, bei dem leitende Wissenschaftler*innen des J\u00fclicher Forschungszentrums oder einer anderen Forschungseinrichtung auf eine Professur an einer Partnerhochschule, in diesem Fall die Bergische Uni, berufen und von der Hochschule f\u00fcr die T\u00e4tigkeit an einer Forschungseinrichtung, in diesem Fall J\u00fclich, freigestellt werden. Zugleich \u00fcbernimmt die*der Berufene eine Lehrverpflichtung an der jeweiligen Hochschule.<\/p>\n<p>&nbsp;<\/p>\n<p class=\"bodytext\">\n<\/div>\n<\/div>\n<\/div>\n","protected":false},"excerpt":{"rendered":"<p>Dr. Markus Axer ist neuer Professor f\u00fcr Bildgebende Verfahren in der medizinischen Forschung und Diagnostik. Er wurde im Rahmen des \u201eJ\u00fclicher Modells\u201c an die Bergische Universit\u00e4t Wuppertal berufen.<\/p>\n","protected":false},"author":7,"featured_media":0,"comment_status":"open","ping_status":"closed","sticky":false,"template":"","format":"standard","meta":{"footnotes":""},"categories":[27],"tags":[],"class_list":["post-35730","post","type-post","status-publish","format-standard","hentry","category-wissen"],"publishpress_future_action":{"enabled":false,"date":"2026-05-06 11:40:19","action":"change-status","newStatus":"draft","terms":[],"taxonomy":"category","extraData":[]},"publishpress_future_workflow_manual_trigger":{"enabledWorkflows":[]},"_links":{"self":[{"href":"https:\/\/www.die-stadtzeitung.de\/index.php\/wp-json\/wp\/v2\/posts\/35730","targetHints":{"allow":["GET"]}}],"collection":[{"href":"https:\/\/www.die-stadtzeitung.de\/index.php\/wp-json\/wp\/v2\/posts"}],"about":[{"href":"https:\/\/www.die-stadtzeitung.de\/index.php\/wp-json\/wp\/v2\/types\/post"}],"author":[{"embeddable":true,"href":"https:\/\/www.die-stadtzeitung.de\/index.php\/wp-json\/wp\/v2\/users\/7"}],"replies":[{"embeddable":true,"href":"https:\/\/www.die-stadtzeitung.de\/index.php\/wp-json\/wp\/v2\/comments?post=35730"}],"version-history":[{"count":4,"href":"https:\/\/www.die-stadtzeitung.de\/index.php\/wp-json\/wp\/v2\/posts\/35730\/revisions"}],"predecessor-version":[{"id":35735,"href":"https:\/\/www.die-stadtzeitung.de\/index.php\/wp-json\/wp\/v2\/posts\/35730\/revisions\/35735"}],"wp:attachment":[{"href":"https:\/\/www.die-stadtzeitung.de\/index.php\/wp-json\/wp\/v2\/media?parent=35730"}],"wp:term":[{"taxonomy":"category","embeddable":true,"href":"https:\/\/www.die-stadtzeitung.de\/index.php\/wp-json\/wp\/v2\/categories?post=35730"},{"taxonomy":"post_tag","embeddable":true,"href":"https:\/\/www.die-stadtzeitung.de\/index.php\/wp-json\/wp\/v2\/tags?post=35730"}],"curies":[{"name":"wp","href":"https:\/\/api.w.org\/{rel}","templated":true}]}}