{"id":35669,"date":"2021-05-09T09:33:50","date_gmt":"2021-05-09T07:33:50","guid":{"rendered":"https:\/\/www.die-stadtzeitung.de\/?p=35669"},"modified":"2021-05-12T10:59:29","modified_gmt":"2021-05-12T08:59:29","slug":"junior-uni-student-zweiter-platz-beim-landeswettbewerb","status":"publish","type":"post","link":"https:\/\/www.die-stadtzeitung.de\/index.php\/2021\/05\/09\/junior-uni-student-zweiter-platz-beim-landeswettbewerb\/","title":{"rendered":"Junior Uni-Student: Zweiter Platz beim Landeswettbewerb"},"content":{"rendered":"<div class=\"page\" title=\"Page 1\">\n<div class=\"layoutArea\">\n<div class=\"column\">\n<div id=\"attachment_35670\" class=\"wp-caption alignnone\" style=\"max-width: 970px;\"><img loading=\"lazy\" decoding=\"async\" class=\"size-full wp-image-35670\" src=\"\/wp-content\/uploads\/2021\/05\/Julius-2.jpg\" alt=\"\" width=\"960\" height=\"962\" \/><span class=\"wp-caption-text\">Junior Uni-Student Julius gewann mit seinen Eis-Experimenten den zweiten Platz im Landeswettbewerb &#8211; \u00a9 Foto: Junior Uni<\/span><\/div>\n<p>Mit einer ausgekl\u00fcgelten Experimentreihe, einem \u00fcberzeugenden Skript und einer gelungenen Online-Pr\u00e4sentation gewann Julius den zweiten Platz im Fachbereich Chemie.<\/p>\n<p>Nachdem Julius schon Ende Februar beim Regionalwettbewerb f\u00fcr \u201eSch\u00fcler experimentieren\u201c den ersten Platz belegte und sich damit erfolgreich zur Teilnahme am Landeswettbewerb, der finalen Runde des Wettbewerbs, qualifizierte, konnte der 12-J\u00e4hrige nun auch beim Landeswettbewerb die Jury von seinem Projekt \u00fcberzeugen.<\/p>\n<p>Seine Forscherfrage hat der langj\u00e4hrige Junior Uni-Student seit dem vergangenen Sommer im Junior Uni-Kurs \u201eForschung live \u2013 macht mit bei \u201aSch\u00fcler experimentieren\u2018\u201c mit fachlicher Unterst\u00fctzung seiner Dozenten \u2013 zun\u00e4chst vor Ort, dann coronabedingt digital \u2013 erforscht.<\/p>\n<p>Er erarbeitete nach einer intensiven Recherche eine Reihe unterschiedlicher Experimente. Die Hauptrolle darin spielten die so genannten Polyphenole, eine Gruppe von sekund\u00e4ren Pflanzenstoffen, die zum Beispiel in Beeren vorkommen. In seinen Experimenten erforschte Julius, welchen Einfluss die Polyphenole auf das Schmelzverhalten von Speiseeis haben und wie das Schmelzen durch sie beschleunigt oder verlangsamt werden kann.<\/p>\n<p>\u201eWir sind unglaublich stolz auf Julius. Obwohl er in den letzten Monaten von unseren Dozenten nur noch digital betreut werden konnte, hat er trotzdem motiviert weitergeforscht und tolle Ergebnisse erzielt. Wir freuen uns sehr f\u00fcr ihn, dass er nun auch beim Landeswettbewerb so erfolgreich war\u201c, freut sich Dr. Stefan Hellhake, Teamleiter Fachkoordination der Junior Uni.<\/p>\n<p>Der n\u00e4chste Kurs f\u00fcr die Wettbewerbsvorbereitung startet an der Junior Uni wieder im August. Julius freut sich schon auf die Teilnahme und feilt bereits an neuen Projekten und Experimenten.<\/p>\n<p>&nbsp;<\/p>\n<\/div>\n<\/div>\n<\/div>\n","protected":false},"excerpt":{"rendered":"<p>Der 12-j\u00e4hrige Junior Uni-Student Julius aus Wuppertal stellte am vergangenen Wochenende erfolgreich seine Forschungsergebnisse beim Landeswettbewerb von \u201eSch\u00fcler experimentieren\u201c, derJunior-Sparte von Jugend forscht, vor. Seine Forscherfrage: \u201eGibt es ein Milcheis, das nicht schmilzt?\u201c<\/p>\n","protected":false},"author":7,"featured_media":0,"comment_status":"open","ping_status":"closed","sticky":false,"template":"","format":"standard","meta":{"footnotes":""},"categories":[27],"tags":[],"class_list":["post-35669","post","type-post","status-publish","format-standard","hentry","category-wissen"],"publishpress_future_action":{"enabled":false,"date":"2026-05-07 15:22:01","action":"change-status","newStatus":"draft","terms":[],"taxonomy":"category","extraData":[]},"publishpress_future_workflow_manual_trigger":{"enabledWorkflows":[]},"_links":{"self":[{"href":"https:\/\/www.die-stadtzeitung.de\/index.php\/wp-json\/wp\/v2\/posts\/35669","targetHints":{"allow":["GET"]}}],"collection":[{"href":"https:\/\/www.die-stadtzeitung.de\/index.php\/wp-json\/wp\/v2\/posts"}],"about":[{"href":"https:\/\/www.die-stadtzeitung.de\/index.php\/wp-json\/wp\/v2\/types\/post"}],"author":[{"embeddable":true,"href":"https:\/\/www.die-stadtzeitung.de\/index.php\/wp-json\/wp\/v2\/users\/7"}],"replies":[{"embeddable":true,"href":"https:\/\/www.die-stadtzeitung.de\/index.php\/wp-json\/wp\/v2\/comments?post=35669"}],"version-history":[{"count":1,"href":"https:\/\/www.die-stadtzeitung.de\/index.php\/wp-json\/wp\/v2\/posts\/35669\/revisions"}],"predecessor-version":[{"id":35671,"href":"https:\/\/www.die-stadtzeitung.de\/index.php\/wp-json\/wp\/v2\/posts\/35669\/revisions\/35671"}],"wp:attachment":[{"href":"https:\/\/www.die-stadtzeitung.de\/index.php\/wp-json\/wp\/v2\/media?parent=35669"}],"wp:term":[{"taxonomy":"category","embeddable":true,"href":"https:\/\/www.die-stadtzeitung.de\/index.php\/wp-json\/wp\/v2\/categories?post=35669"},{"taxonomy":"post_tag","embeddable":true,"href":"https:\/\/www.die-stadtzeitung.de\/index.php\/wp-json\/wp\/v2\/tags?post=35669"}],"curies":[{"name":"wp","href":"https:\/\/api.w.org\/{rel}","templated":true}]}}