{"id":35648,"date":"2021-05-10T15:36:57","date_gmt":"2021-05-10T13:36:57","guid":{"rendered":"https:\/\/www.die-stadtzeitung.de\/?p=35648"},"modified":"2021-05-10T16:37:09","modified_gmt":"2021-05-10T14:37:09","slug":"oper-intolleranza-2021-ein-blick-auf-das-werk-von-engels","status":"publish","type":"post","link":"https:\/\/www.die-stadtzeitung.de\/index.php\/2021\/05\/10\/oper-intolleranza-2021-ein-blick-auf-das-werk-von-engels\/","title":{"rendered":"Oper &#8222;Intolleranza 2021&#8220; &#8211; ein Blick auf das Werk von Engels"},"content":{"rendered":"<div id=\"attachment_35651\" class=\"wp-caption alignnone\" style=\"max-width: 1034px;\"><img loading=\"lazy\" decoding=\"async\" class=\"wp-image-35651 size-large\" src=\"\/wp-content\/uploads\/2021\/05\/image013-2-1024x767.jpg\" alt=\"\" width=\"1024\" height=\"767\" \/><span class=\"wp-caption-text\">Markus Sung-Keun Park &#8211; \u00a9 Wuppertaler B\u00fchnen<\/span><\/div>\n<p>Auch wenn die Feierlichkeiten zu Engels\u2018 200. Geburtstag pandemiebedingt beeintr\u00e4chtigt sind und die Auff\u00fchrung von &#8222;Intolleranza 2021&#8220; aus gleichem Grund versp\u00e4tet und f\u00fcr das Publikum nur als Stream zu erleben sein wird \u2013 die Dringlichkeit der Thesen dieses hochpolitischen Werks scheint heute nicht weniger gegeben als zur Zeit seiner Entstehung 1960.<\/p>\n<p>Regie-Altmeister Dietrich W. Hilsdorf, B\u00fchnenbildner Dieter Richter und Kost\u00fcmbildnerin Nicola Reichert verorten die Handlung konkret in unserer Realit\u00e4t und fragen nach der Aktualit\u00e4t dieses politisch aufgeladenen Stoffes in der von Krisen zutiefst verunsicherten Welt des 21. Jahrhunderts.<\/p>\n<p>Die Verk\u00f6rperung der Figuren durch Markus Sung-Keun Park, Solen Mainguen\u00e9, Simon Stricker und Sebastian Campione ist von hoher stimmlicher und emotionaler Dichte. Daneben konnte die Oper Wuppertal mit der Mezzosopranistin Annette Sch\u00f6nm\u00fcller eine ausgewiesene Expertin f\u00fcr Neue Musik und mit dem Musikalischen Leiter Johannes Harneit einen der erfahrensten Nono-Kenner unserer Zeit gewinnen.<\/p>\n<p>Die Teilnahme des Spezialistenensembles Chorwerk Ruhr steht f\u00fcr h\u00f6chste Qualit\u00e4t in der musikalischen Realisation.<\/p>\n<p>Die Online-Premiere ist f\u00fcr den Fr. 18. Juni 2021 vorgesehen.<\/p>\n<p><strong>Termin:<\/strong><\/p>\n<p><strong>Oper &#8222;Intolleranza 2021&#8220;<\/strong><\/p>\n<p>von Luigi Nono<\/p>\n<p>Online-Premiere: Freitag &#8211; 18. Juni<\/p>\n<p><b>K\u00fcnstlerisches Team<\/b><b>: <\/b><\/p>\n<p>JOHANNES HARNEIT Musikalische Leitung<\/p>\n<p>DIETRICH W. HILSDORF Inszenierung<\/p>\n<p>DIETER RICHTER B\u00fchne<\/p>\n<p>NICOLA REICHERT Kost\u00fcme<\/p>\n<p>GREGOR EISENMANN Video<\/p>\n<p>MARKUS BAISCH Chor<\/p>\n<p>SEBASTIAN BREUING Einstudierung Chorwerk Ruhr<\/p>\n<p><b>Besetzung<\/b><b>: <\/b><\/p>\n<p>MARKUS SUNG-KEUN PARK Der Emigrant<\/p>\n<p>ANNETTE SCH\u00d6NM\u00dcLLER Frau<\/p>\n<p>SOLEN MAINGUEN\u00c9 Gef\u00e4hrtin, Sopransolo<\/p>\n<p>SIMON STRICKER Ein Algerier<\/p>\n<p>SEBASTIAN CAMPIONE Ein Gefolterter<\/p>\n<p>TANJA BALL, KATHARINA GREIS, MARCO AGOSTINI, TOMASZ KWIATKOWSKI Gendarmen<\/p>\n<p><a href=\"http:\/\/www.wuppertaler-buehnen.de\">http:\/\/www.wuppertaler-buehnen.de<\/a><\/p>\n","protected":false},"excerpt":{"rendered":"<p>Mit der Auff\u00fchrung des epochemachenden Opernerstlings &#8222;Intolleranza 2021&#8220; von Luigi Nono blickt die Oper Wuppertal auf das Zusammenspiel von Arbeit, Migration und Unterdr\u00fcckung im Kapitalismus und damit auch auf das Werk des ber\u00fchmten Wuppertalers Friedrich Engels. Die Online-Premiere findet am\u00a018. Juni statt.<\/p>\n","protected":false},"author":7,"featured_media":0,"comment_status":"open","ping_status":"closed","sticky":false,"template":"","format":"standard","meta":{"footnotes":""},"categories":[29],"tags":[],"class_list":["post-35648","post","type-post","status-publish","format-standard","hentry","category-kultur"],"publishpress_future_action":{"enabled":false,"date":"2026-05-07 15:16:06","action":"change-status","newStatus":"draft","terms":[],"taxonomy":"category","extraData":[]},"publishpress_future_workflow_manual_trigger":{"enabledWorkflows":[]},"_links":{"self":[{"href":"https:\/\/www.die-stadtzeitung.de\/index.php\/wp-json\/wp\/v2\/posts\/35648","targetHints":{"allow":["GET"]}}],"collection":[{"href":"https:\/\/www.die-stadtzeitung.de\/index.php\/wp-json\/wp\/v2\/posts"}],"about":[{"href":"https:\/\/www.die-stadtzeitung.de\/index.php\/wp-json\/wp\/v2\/types\/post"}],"author":[{"embeddable":true,"href":"https:\/\/www.die-stadtzeitung.de\/index.php\/wp-json\/wp\/v2\/users\/7"}],"replies":[{"embeddable":true,"href":"https:\/\/www.die-stadtzeitung.de\/index.php\/wp-json\/wp\/v2\/comments?post=35648"}],"version-history":[{"count":4,"href":"https:\/\/www.die-stadtzeitung.de\/index.php\/wp-json\/wp\/v2\/posts\/35648\/revisions"}],"predecessor-version":[{"id":35653,"href":"https:\/\/www.die-stadtzeitung.de\/index.php\/wp-json\/wp\/v2\/posts\/35648\/revisions\/35653"}],"wp:attachment":[{"href":"https:\/\/www.die-stadtzeitung.de\/index.php\/wp-json\/wp\/v2\/media?parent=35648"}],"wp:term":[{"taxonomy":"category","embeddable":true,"href":"https:\/\/www.die-stadtzeitung.de\/index.php\/wp-json\/wp\/v2\/categories?post=35648"},{"taxonomy":"post_tag","embeddable":true,"href":"https:\/\/www.die-stadtzeitung.de\/index.php\/wp-json\/wp\/v2\/tags?post=35648"}],"curies":[{"name":"wp","href":"https:\/\/api.w.org\/{rel}","templated":true}]}}