{"id":35644,"date":"2021-05-07T15:15:13","date_gmt":"2021-05-07T13:15:13","guid":{"rendered":"https:\/\/www.die-stadtzeitung.de\/?p=35644"},"modified":"2021-05-10T15:15:25","modified_gmt":"2021-05-10T13:15:25","slug":"museum-digitale-kostenfreie-angebote-fuer-kinder-familien","status":"publish","type":"post","link":"https:\/\/www.die-stadtzeitung.de\/index.php\/2021\/05\/07\/museum-digitale-kostenfreie-angebote-fuer-kinder-familien\/","title":{"rendered":"Museum: Digitale kostenfreie Angebote f\u00fcr Kinder &#038; Familien\u00a0"},"content":{"rendered":"<div id=\"attachment_35646\" class=\"wp-caption alignnone\" style=\"max-width: 1034px;\"><img loading=\"lazy\" decoding=\"async\" class=\"size-large wp-image-35646\" src=\"\/wp-content\/uploads\/2021\/05\/Marc_Franz_Fuchs_G0686-2-1024x740.jpg\" alt=\"\" width=\"1024\" height=\"740\" \/><span class=\"wp-caption-text\">Das Kunstwerk &#8222;Der Fuchs&#8220; von Franz Marc &#8211; \u00a9 Von der Heydt-Museum<\/span><\/div>\n<p>Am Sonntag (16.05.) hei\u00dft es \u201eRot-Gelb-Blau\u201c. Bei der Zoom-F\u00fchrung dreht sich alles um das Thema Farbe in der Kunst. Die gro\u00dfen und kleinen Teilnehmer werden ermuntert, gemeinsam mit der Kunstvermittlerin Julia D\u00fcrbeck Meisterwerke zum Thema \u201eRot \u2013 Gelb \u2013 Blau\u201c zu erkunden, wie den ber\u00fchmten \u201eFuchs\u201c des K\u00fcnstlers Franz Marc.<\/p>\n<p>Was steckt hinter einem blauen Tier oder einem bunten Gesicht? Zusammen entdecken, suchen und finden die Teilnehmer Details. Mitmachen ist ausdr\u00fccklich erw\u00fcnscht.<strong>Anmeldungen<\/strong> im Onlineshop des Museums auf: <a href=\"http:\/\/www.von-der-heydt-museum.de\/\">www.von-der-heydt-museum.de<\/a><\/p>\n<p>oder per Mail an: <a href=\"mailto:vdh.kunstvermittlung@stadt.wuppertal.de\">vdh.kunstvermittlung@stadt.wuppertal.de<\/a><\/p>\n<p>&nbsp;<\/p>\n","protected":false},"excerpt":{"rendered":"<p>Der \u201eKunstklecks am Sonntag f\u00fcr Familien\u201c: Das Von der Heydt-Museum Wuppertal (Turmhof 8) bietet digitale Angebote f\u00fcr Kinder und Familien. Einmal monatlich sonntags (11 Uhr) werden 30 Minuten lang kostenfrei Meisterwerke der Sammlung f\u00fcr Gro\u00df und Klein kurz und kompakt erkl\u00e4rt.<\/p>\n","protected":false},"author":7,"featured_media":0,"comment_status":"open","ping_status":"closed","sticky":false,"template":"","format":"standard","meta":{"footnotes":""},"categories":[29],"tags":[],"class_list":["post-35644","post","type-post","status-publish","format-standard","hentry","category-kultur"],"publishpress_future_action":{"enabled":false,"date":"2026-05-06 11:40:09","action":"change-status","newStatus":"draft","terms":[],"taxonomy":"category","extraData":[]},"publishpress_future_workflow_manual_trigger":{"enabledWorkflows":[]},"_links":{"self":[{"href":"https:\/\/www.die-stadtzeitung.de\/index.php\/wp-json\/wp\/v2\/posts\/35644","targetHints":{"allow":["GET"]}}],"collection":[{"href":"https:\/\/www.die-stadtzeitung.de\/index.php\/wp-json\/wp\/v2\/posts"}],"about":[{"href":"https:\/\/www.die-stadtzeitung.de\/index.php\/wp-json\/wp\/v2\/types\/post"}],"author":[{"embeddable":true,"href":"https:\/\/www.die-stadtzeitung.de\/index.php\/wp-json\/wp\/v2\/users\/7"}],"replies":[{"embeddable":true,"href":"https:\/\/www.die-stadtzeitung.de\/index.php\/wp-json\/wp\/v2\/comments?post=35644"}],"version-history":[{"count":2,"href":"https:\/\/www.die-stadtzeitung.de\/index.php\/wp-json\/wp\/v2\/posts\/35644\/revisions"}],"predecessor-version":[{"id":35647,"href":"https:\/\/www.die-stadtzeitung.de\/index.php\/wp-json\/wp\/v2\/posts\/35644\/revisions\/35647"}],"wp:attachment":[{"href":"https:\/\/www.die-stadtzeitung.de\/index.php\/wp-json\/wp\/v2\/media?parent=35644"}],"wp:term":[{"taxonomy":"category","embeddable":true,"href":"https:\/\/www.die-stadtzeitung.de\/index.php\/wp-json\/wp\/v2\/categories?post=35644"},{"taxonomy":"post_tag","embeddable":true,"href":"https:\/\/www.die-stadtzeitung.de\/index.php\/wp-json\/wp\/v2\/tags?post=35644"}],"curies":[{"name":"wp","href":"https:\/\/api.w.org\/{rel}","templated":true}]}}