{"id":35412,"date":"2021-05-03T13:48:46","date_gmt":"2021-05-03T11:48:46","guid":{"rendered":"https:\/\/www.die-stadtzeitung.de\/?p=35412"},"modified":"2021-05-06T10:29:45","modified_gmt":"2021-05-06T08:29:45","slug":"corona-christian-kahrmann-lag-drei-wochen-im-koma","status":"publish","type":"post","link":"https:\/\/www.die-stadtzeitung.de\/index.php\/2021\/05\/03\/corona-christian-kahrmann-lag-drei-wochen-im-koma\/","title":{"rendered":"Corona &#8211; Christian Kahrmann lag drei Wochen im Koma"},"content":{"rendered":"<div id=\"attachment_35530\" class=\"wp-caption alignnone\" style=\"max-width: 690px;\"><img loading=\"lazy\" decoding=\"async\" class=\"size-full wp-image-35530\" src=\"\/wp-content\/uploads\/2021\/05\/7a821ce14137e4f3781887fa2f83147a-2.jpg\" alt=\"\" width=\"680\" height=\"434\" \/><span class=\"wp-caption-text\">Christian Kahrmann vor seinem ehemaligen Berliner Caf\u00e9 &#8222;Kahrmann&#8217;s Own&#8220; &#8211; \u00a9 Privat<\/span><\/div>\n<p>Besonders tragisch: An dem Tag, an dem Christian Kahrmann aus dem Koma erwachte, verstarb sein Vater Ralf im Alter von 80 Jahren. Todesursache: Covid-19.<\/p>\n<p>Infiziert hatten sich auch &#8211; so Christian Kahrmann zu BILD &#8211; seine Mutter Ute und Schwester Bettina. Sie ist Tier\u00e4rztin und mit Dr. Arne Lawrenz, erfolgreicher Direktor des Wuppertaler Zoos, verheiratet. Den beiden Frauen gehe es inzwischen aber wieder besser.<\/p>\n<p>Christian Kahrmann selbst ist noch so schwach, dass er nicht alleine laufen kann. Neue Kraft soll er bei einer mehrw\u00f6chigen Reha sammeln.<\/p>\n<p>Von 1985 &#8211; mit zum Teil langen Unterbrechungen &#8211; bis 2020 spielte der geb\u00fcrtige K\u00f6lner die Figur Benny Beimer in der Dauer-Serie &#8222;Die Lindenstra\u00dfe&#8220;.<\/p>\n<p>Christian Kahrmann lebt mit seinen T\u00f6chtern Madita Chlo\u00e9 (13) und Elsa Julie (10) in Berlin. Dort betrieb er bis vor kurzem als zweites Standbein neben der Schauspielerei das Caf\u00e9 &#8222;Karmann&#8217;s Own&#8220;.<span class=\"Apple-converted-space\">\u00a0<\/span><\/p>\n<p>Daf\u00fcr hatte er sogar eigens eine Ausbildung zum Barista gemacht. Wegen des lang anhaltenden Corona-Lockdowns musste er das Lokal kurz vor seiner Erkrankung schlie\u00dfen &#8211; vermutlich f\u00fcr immer.<\/p>\n<p>Christian Kahrmann ging jetzt mit seiner Krankheitsgeschichte an die \u00d6ffentlichkeit, um andere zu warnen: &#8222;Niemand darf Covid-19 verharmlosen oder untersch\u00e4tzen. Das Virus ist wirklich gef\u00e4hrlich!&#8220; <strong>(pp)<\/strong><\/p>\n<p>&nbsp;<\/p>\n<p><strong>Lesen Sie auch:\u00a0<\/strong><\/p>\n<p>Christian Kahrmann &#8211; Zoo-Chef ist sein Schwager<\/p>\n<p><a href=\"https:\/\/www.die-stadtzeitung.de\/index.php\/2018\/07\/20\/film-star-kahrmann-zoo-chef-ist-sein-schwager\/\">https:\/\/www.die-stadtzeitung.de\/index.php\/2018\/07\/20\/film-star-kahrmann-zoo-chef-ist-sein-schwager\/<\/a><\/p>\n","protected":false},"excerpt":{"rendered":"<p>Der bekannte Schauspieler Christian Kahrmann (&#8222;Lindenstra\u00dfe&#8220;, &#8222;Tatort&#8220;, &#8222;Heiter bis t\u00f6dlich&#8220;, &#8222;Flammen \u00fcber Berlin&#8220;) ist an Covid-19 erkrankt. Er musste beatmet werden und lag drei Wochen lang im k\u00fcnstlichen Koma auf der Intensivstation einer Berliner Klinik. Wie BILD berichtet, geht es dem 48j\u00e4hrigen inzwischen besser und er wurde auf eine normale Station verlegt.<\/p>\n","protected":false},"author":7,"featured_media":0,"comment_status":"open","ping_status":"closed","sticky":false,"template":"","format":"standard","meta":{"footnotes":""},"categories":[19],"tags":[],"class_list":["post-35412","post","type-post","status-publish","format-standard","hentry","category-weitblick"],"publishpress_future_action":{"enabled":false,"date":"2026-05-06 11:41:03","action":"change-status","newStatus":"draft","terms":[],"taxonomy":"category","extraData":[]},"publishpress_future_workflow_manual_trigger":{"enabledWorkflows":[]},"_links":{"self":[{"href":"https:\/\/www.die-stadtzeitung.de\/index.php\/wp-json\/wp\/v2\/posts\/35412","targetHints":{"allow":["GET"]}}],"collection":[{"href":"https:\/\/www.die-stadtzeitung.de\/index.php\/wp-json\/wp\/v2\/posts"}],"about":[{"href":"https:\/\/www.die-stadtzeitung.de\/index.php\/wp-json\/wp\/v2\/types\/post"}],"author":[{"embeddable":true,"href":"https:\/\/www.die-stadtzeitung.de\/index.php\/wp-json\/wp\/v2\/users\/7"}],"replies":[{"embeddable":true,"href":"https:\/\/www.die-stadtzeitung.de\/index.php\/wp-json\/wp\/v2\/comments?post=35412"}],"version-history":[{"count":8,"href":"https:\/\/www.die-stadtzeitung.de\/index.php\/wp-json\/wp\/v2\/posts\/35412\/revisions"}],"predecessor-version":[{"id":35531,"href":"https:\/\/www.die-stadtzeitung.de\/index.php\/wp-json\/wp\/v2\/posts\/35412\/revisions\/35531"}],"wp:attachment":[{"href":"https:\/\/www.die-stadtzeitung.de\/index.php\/wp-json\/wp\/v2\/media?parent=35412"}],"wp:term":[{"taxonomy":"category","embeddable":true,"href":"https:\/\/www.die-stadtzeitung.de\/index.php\/wp-json\/wp\/v2\/categories?post=35412"},{"taxonomy":"post_tag","embeddable":true,"href":"https:\/\/www.die-stadtzeitung.de\/index.php\/wp-json\/wp\/v2\/tags?post=35412"}],"curies":[{"name":"wp","href":"https:\/\/api.w.org\/{rel}","templated":true}]}}