{"id":35299,"date":"2021-04-28T07:55:49","date_gmt":"2021-04-28T05:55:49","guid":{"rendered":"https:\/\/www.die-stadtzeitung.de\/?p=35299"},"modified":"2021-04-28T11:56:03","modified_gmt":"2021-04-28T09:56:03","slug":"neue-junior-professorin-fuer-kontinuierliche-optimierung","status":"publish","type":"post","link":"https:\/\/www.die-stadtzeitung.de\/index.php\/2021\/04\/28\/neue-junior-professorin-fuer-kontinuierliche-optimierung\/","title":{"rendered":"Neue Junior-Professorin f\u00fcr kontinuierliche Optimierung"},"content":{"rendered":"<div class=\"header\">\n<div id=\"attachment_35301\" class=\"wp-caption alignnone\" style=\"max-width: 1034px;\"><img loading=\"lazy\" decoding=\"async\" class=\"size-large wp-image-35301\" src=\"\/wp-content\/uploads\/2021\/04\/2021_04_28_Claudia_Totzeck-2-1024x794.jpg\" alt=\"\" width=\"1024\" height=\"794\" \/><span class=\"wp-caption-text\">Jun.-Prof. Dr. Claudia Totzeck, Fakult\u00e4t f\u00fcr Mathematik und Naturwissenschaften &#8211; \u00a9 Friederike von Heyden<\/span><\/div>\n<\/div>\n<div id=\"c28404\" class=\"csc-default\">\n<div class=\"csc-textpic csc-textpic-intext-right\">\n<div class=\"csc-textpic-text\">\n<p class=\"bodytext\">In ihrer Forschung besch\u00e4ftigt sich die 34-J\u00e4hrige mit der Modellierung, Simulation und Optimierung von interagierenden Partikelsystemen, welche beispielsweise in der Steuerung von Fu\u00dfg\u00e4nger*innen- oder Herdenverhalten Anwendung finden.<\/p>\n<p class=\"bodytext\">Die Juniorprofessorin studierte Mathematik (Bachelor) an der Justus-Liebig-Universit\u00e4t Gie\u00dfen sowie Mathematics International (Master) an der Technischen Universit\u00e4t Kaiserslautern, wo sie 2016 auch promovierte.<\/p>\n<p class=\"bodytext\">Claudia Totzeck war Wissenschaftliche Mitarbeiterin an der TU Kaiserslautern und bis zu ihrem Wechsel nach Wuppertal im April dieses Jahres Margarete-von-Wrangell Fellow an der Universit\u00e4t Mannheim.<\/p>\n<p class=\"bodytext\"><a class=\"external-link-new-window\" href=\"http:\/\/www.opt.uni-wuppertal.de\/\" target=\"_blank\" rel=\"noopener\">www.opt.uni-wuppertal.de<\/a><\/p>\n<\/div>\n<\/div>\n<\/div>\n","protected":false},"excerpt":{"rendered":"<p>Dr. Claudia Totzeck ist neue Junior-Professorin f\u00fcr kontinuierliche Optimierung in der Fakult\u00e4t f\u00fcr Mathematik und Naturwissenschaften an der Bergischen Universit\u00e4t Wuppertal.<\/p>\n","protected":false},"author":7,"featured_media":0,"comment_status":"open","ping_status":"closed","sticky":false,"template":"","format":"standard","meta":{"footnotes":""},"categories":[27],"tags":[],"class_list":["post-35299","post","type-post","status-publish","format-standard","hentry","category-wissen"],"publishpress_future_action":{"enabled":false,"date":"2026-05-05 07:09:24","action":"change-status","newStatus":"draft","terms":[],"taxonomy":"category","extraData":[]},"publishpress_future_workflow_manual_trigger":{"enabledWorkflows":[]},"_links":{"self":[{"href":"https:\/\/www.die-stadtzeitung.de\/index.php\/wp-json\/wp\/v2\/posts\/35299","targetHints":{"allow":["GET"]}}],"collection":[{"href":"https:\/\/www.die-stadtzeitung.de\/index.php\/wp-json\/wp\/v2\/posts"}],"about":[{"href":"https:\/\/www.die-stadtzeitung.de\/index.php\/wp-json\/wp\/v2\/types\/post"}],"author":[{"embeddable":true,"href":"https:\/\/www.die-stadtzeitung.de\/index.php\/wp-json\/wp\/v2\/users\/7"}],"replies":[{"embeddable":true,"href":"https:\/\/www.die-stadtzeitung.de\/index.php\/wp-json\/wp\/v2\/comments?post=35299"}],"version-history":[{"count":2,"href":"https:\/\/www.die-stadtzeitung.de\/index.php\/wp-json\/wp\/v2\/posts\/35299\/revisions"}],"predecessor-version":[{"id":35302,"href":"https:\/\/www.die-stadtzeitung.de\/index.php\/wp-json\/wp\/v2\/posts\/35299\/revisions\/35302"}],"wp:attachment":[{"href":"https:\/\/www.die-stadtzeitung.de\/index.php\/wp-json\/wp\/v2\/media?parent=35299"}],"wp:term":[{"taxonomy":"category","embeddable":true,"href":"https:\/\/www.die-stadtzeitung.de\/index.php\/wp-json\/wp\/v2\/categories?post=35299"},{"taxonomy":"post_tag","embeddable":true,"href":"https:\/\/www.die-stadtzeitung.de\/index.php\/wp-json\/wp\/v2\/tags?post=35299"}],"curies":[{"name":"wp","href":"https:\/\/api.w.org\/{rel}","templated":true}]}}