{"id":35264,"date":"2021-04-23T15:31:43","date_gmt":"2021-04-23T13:31:43","guid":{"rendered":"https:\/\/www.die-stadtzeitung.de\/?p=35264"},"modified":"2021-04-27T15:31:55","modified_gmt":"2021-04-27T13:31:55","slug":"prof-rinklebe-spricht-zum-thema-umweltverschmutzung","status":"publish","type":"post","link":"https:\/\/www.die-stadtzeitung.de\/index.php\/2021\/04\/23\/prof-rinklebe-spricht-zum-thema-umweltverschmutzung\/","title":{"rendered":"Prof. Rinklebe spricht\u00a0zum Thema Umweltverschmutzung"},"content":{"rendered":"<div class=\"header\">\n<div id=\"attachment_35266\" class=\"wp-caption alignnone\" style=\"max-width: 486px;\"><img loading=\"lazy\" decoding=\"async\" class=\" wp-image-35266\" src=\"\/wp-content\/uploads\/2021\/04\/csm_1126_Rinklebe_3995290c29.jpeg\" alt=\"\" width=\"476\" height=\"398\" \/><span class=\"wp-caption-text\">Prof. Dr.-Ing. J\u00f6rg Rinklebe &#8211; \u00a9 Bergische Universit\u00e4t<\/span><\/div>\n<\/div>\n<div class=\"teaser-text\">\n<p class=\"bodytext\">Im Rahmen der virtuellen Nature-Konferenz \u201eSustainable Solutions for Pollution Control\u201c h\u00e4lt am Mittwoch Dr.-Ing. J\u00f6rg Rinklebe, Professor f\u00fcr Boden- und Grundwassermanagement an der Bergischen Universit\u00e4t Wuppertal, einen Gastvortrag<\/p>\n<\/div>\n<div id=\"c28403\" class=\"csc-default\">\n<div class=\"csc-textpic csc-textpic-intext-right csc-textpic-equalheight\">\n<div class=\"csc-textpic-text\">\n<p class=\"bodytext\">Morgen und Donnerstag widmen sich die geladenen Expert*innen gemeinsam mit den Konferenzteilnehmer*innen einer der dringendsten gesellschaftlichen Herausforderungen unserer Zeit: der Umweltverschmutzung. Ziel ist es, Probleme zu identifizieren und gemeinsame L\u00f6sungsans\u00e4tze zu entwickeln und zu diskutieren.<\/p>\n<p class=\"bodytext\">Im Vortrag von Prof. Rinklebe geht es speziell um das Thema Bodenverschmutzung und deren Bedeutung f\u00fcr den gesamten Planeten. Das Thema seines Vortrages lautet \u201eSoil pollution vs. Sustainability: A global challenge\u201c (Bodenverschmutzung vs. Nachhaltigkeit: eine globale Herausforderung).<\/p>\n<p class=\"bodytext\">Dabei geht es auch um die Auswirkungen von Umweltverschmutzungen auf die Erreichung der Nachhaltigkeitsziele der Vereinten Nationen, um globale \u201eExporte\u201c von Umweltproblemen (z.B. e-Waste, Mikroplastik, Seltene Erden, Schwermetalle) und damit einhergehenden sozialen Ungerechtigkeiten sowie um Ans\u00e4tze zur L\u00f6sung solcher Probleme.<\/p>\n<p class=\"bodytext\">Weitere Informationen zur Konferenz und den Teilnahmem\u00f6glichkeiten gibt es <a class=\"external-link-new-window\" href=\"https:\/\/conferences.nature.com\/event\/3eba5d7f-89c9-4fed-a4a9-3e656654cc40\/summary?sms=7&amp;cn=LfG6C8HHT4GSTMkWXWoOug\" target=\"_blank\" rel=\"noopener\">hier<\/a>.<\/p>\n<\/div>\n<\/div>\n<\/div>\n","protected":false},"excerpt":{"rendered":"<p>Nature ist nicht nur eine der weltweit bedeutendsten wissenschaftlichen Zeitschriften \u2013 unter dem Titel \u201enature conferences\u201c werden regelm\u00e4\u00dfig auch prestigetr\u00e4chtige wissenschaftliche Tagungen veranstaltet.<\/p>\n","protected":false},"author":7,"featured_media":0,"comment_status":"open","ping_status":"closed","sticky":false,"template":"","format":"standard","meta":{"footnotes":""},"categories":[27],"tags":[],"class_list":["post-35264","post","type-post","status-publish","format-standard","hentry","category-wissen"],"publishpress_future_action":{"enabled":false,"date":"2026-05-05 12:14:03","action":"change-status","newStatus":"draft","terms":[],"taxonomy":"category","extraData":[]},"publishpress_future_workflow_manual_trigger":{"enabledWorkflows":[]},"_links":{"self":[{"href":"https:\/\/www.die-stadtzeitung.de\/index.php\/wp-json\/wp\/v2\/posts\/35264","targetHints":{"allow":["GET"]}}],"collection":[{"href":"https:\/\/www.die-stadtzeitung.de\/index.php\/wp-json\/wp\/v2\/posts"}],"about":[{"href":"https:\/\/www.die-stadtzeitung.de\/index.php\/wp-json\/wp\/v2\/types\/post"}],"author":[{"embeddable":true,"href":"https:\/\/www.die-stadtzeitung.de\/index.php\/wp-json\/wp\/v2\/users\/7"}],"replies":[{"embeddable":true,"href":"https:\/\/www.die-stadtzeitung.de\/index.php\/wp-json\/wp\/v2\/comments?post=35264"}],"version-history":[{"count":2,"href":"https:\/\/www.die-stadtzeitung.de\/index.php\/wp-json\/wp\/v2\/posts\/35264\/revisions"}],"predecessor-version":[{"id":35267,"href":"https:\/\/www.die-stadtzeitung.de\/index.php\/wp-json\/wp\/v2\/posts\/35264\/revisions\/35267"}],"wp:attachment":[{"href":"https:\/\/www.die-stadtzeitung.de\/index.php\/wp-json\/wp\/v2\/media?parent=35264"}],"wp:term":[{"taxonomy":"category","embeddable":true,"href":"https:\/\/www.die-stadtzeitung.de\/index.php\/wp-json\/wp\/v2\/categories?post=35264"},{"taxonomy":"post_tag","embeddable":true,"href":"https:\/\/www.die-stadtzeitung.de\/index.php\/wp-json\/wp\/v2\/tags?post=35264"}],"curies":[{"name":"wp","href":"https:\/\/api.w.org\/{rel}","templated":true}]}}