{"id":35191,"date":"2021-04-26T16:11:45","date_gmt":"2021-04-26T14:11:45","guid":{"rendered":"https:\/\/www.die-stadtzeitung.de\/?p=35191"},"modified":"2021-05-06T10:12:50","modified_gmt":"2021-05-06T08:12:50","slug":"viel-anerkennung-fuer-die-akteure-im-impfzentrum","status":"publish","type":"post","link":"https:\/\/www.die-stadtzeitung.de\/index.php\/2021\/04\/26\/viel-anerkennung-fuer-die-akteure-im-impfzentrum\/","title":{"rendered":"Viel Anerkennung f\u00fcr die Akteure im Impfzentrum."},"content":{"rendered":"<div id=\"attachment_35528\" class=\"wp-caption alignnone\" style=\"max-width: 1034px;\"><img loading=\"lazy\" decoding=\"async\" class=\"size-large wp-image-35528\" src=\"\/wp-content\/uploads\/2021\/04\/FOTO-Vok-Dams-iNotes-1-2-1024x691.jpg\" alt=\"\" width=\"1024\" height=\"691\" \/><span class=\"wp-caption-text\">Vok Dams im Corona-Outfit &#8211; \u00a9 Vok Dams iNotes<\/span><\/div>\n<p>&#8222;Das Handelsblatt Morning Briefing meldet:\u00a0\u201eZwei Dinge gehen schlecht zusammen: Dass immer mehr Deutsche geimpft sind und dennoch alle unter der gerade erst scharf gestellten \u201eCorona-Bundesnotbremse\u201c leiden. Schlie\u00dflich seien, so das Robert Koch-Institut, Geimpfte und Genesene weniger infekti\u00f6s als negativ getestete Menschen\u201c.\u00a0<span class=\"Apple-converted-space\">\u00a0<\/span><\/p>\n<p>Dem stimme ich gern zu.<\/p>\n<p>\u201eNach einem aktuellen Eckpunktepapier der Bundesregierung sollen Geimpfte und Genesene k\u00fcnftig genauso in L\u00e4den gehen k\u00f6nnen wie Personen mit Negativtest\u201c, berichtet das Handelsblatt weiter.<\/p>\n<div id=\"attachment_35194\" class=\"wp-caption alignnone\" style=\"max-width: 1034px;\"><img loading=\"lazy\" decoding=\"async\" class=\"size-large wp-image-35194\" src=\"\/wp-content\/uploads\/2021\/04\/21-04-26-Impfzentrum-1024x768.jpg\" alt=\"\" width=\"1024\" height=\"768\" \/><span class=\"wp-caption-text\">Das Impfzentrum Wuppertal &#8211; \u00a9 Vok Dams iNotes<\/span><\/div>\n<p>Warten wir es ab, die Voraussetzungen sind im Impfzentrum WUPPERTAL bestens:<span class=\"Apple-converted-space\">\u00a0<\/span><\/p>\n<p>Ankommen, Parken, Einlass-Kontrolle, Piksen und abwarten \u2013 alles OK?<\/p>\n<p>WOW! Nach 15 Minuten!<\/p>\n<p>Dem vielfachen Lob f\u00fcr die Akteure und die Organisation kann man sich nur anschlie\u00dfen.<\/p>\n<p>So wird die Corona-Impfung \u201efast ein Vergn\u00fcgen\u201c, wie WZ-Autor Friedemann Br\u00e4uer in einem halbseitigen Bericht der Westdeutschen Zeitung titelt.<\/p>\n<p>Ist es doch ein Treffen \u201emit liebensw\u00fcrdigen, ausgesucht h\u00f6flichen Menschen\u201c, so Breuer.<\/p>\n<p>Recht hat er. Ein Erlebnis besonderer Art in diesen kontaktarmen Zeiten.<\/p>\n<p><span class=\"Apple-converted-space\">\u00a0<\/span>Mit diesen und anderen Themen besch\u00e4ftigen wir uns in unserem ATELIERHAUS:<\/p>\n<p><a href=\"https:\/\/l.facebook.com\/l.php?u=http%253A%252F%252Fvokdamsatelierhaus.de%252Fblog%252F%253Ffbclid%253DIwAR1U48z4QT9zQoPr1Ox4U_1DTGrKy94YtyUxJENKwAHr7cIXNzAn-hJXSAA&amp;h=AT2KVmgMkz64nW7BsGa13oyIGsBrhcgKWBiVhwWdJlGNUt8fNEaOxls6c70YRGBCGDtm3eReQxuvxHi8P3KJd0_ApBTB_OEOJenAeFdazirWyLlZHqa7-z-p1CTQwsAgTw4&amp;__tn__=-UK-R&amp;c%255b0%255d=AT2Rrbjfx2jTfYZN6wh6jA4nLvs3zjApffBrtFeJpXmLhiI9uQz-A9tg5PVPLoZ8rmA-52tpgn4vw_9UnNcudp3FOMbAVg6VXwLIgeI3ebheO75zQbbBTlNxFlgNQzDJ-jbiL54kmMvb_JcvTa96bP4yaoj70lUi-yq4vF6zQmnW7JIjbC0_eeVzRQCLUHDMqEuLXum7\">http:\/\/vokdamsatelierhaus.de\/blog\/<\/a><\/p>\n<p>WOW! WUPPERTAL!<\/p>\n<p>Die Universit\u00e4tsstadt mit Innovationskraft<\/p>\n<p><strong>Vok Dams.<\/strong><\/p>\n","protected":false},"excerpt":{"rendered":"<p>Vok Dams, Marketing-Experte, Wuppertal Botschafter und Galerist, ist ein Mann der klaren Worte! Der \u00fcberzeugte Wuppertaler h\u00e4lt u.a. in seinem NOTIZ.BLOG und seiner Kolumne &#8222;Denkanst\u00f6\u00dfe aus dem ATELIERHAUS&#8220; mit seiner Meinung nicht hinter dem Berg &#8211; ob es nun um seine Heimatstadt oder wie diesmal um dem Umgang der Bundesregierung mit der Corona-Pandemie geht&#8230;<\/p>\n","protected":false},"author":7,"featured_media":0,"comment_status":"open","ping_status":"closed","sticky":false,"template":"","format":"standard","meta":{"footnotes":""},"categories":[26],"tags":[],"class_list":["post-35191","post","type-post","status-publish","format-standard","hentry","category-politik"],"publishpress_future_action":{"enabled":false,"date":"2026-05-08 20:55:54","action":"change-status","newStatus":"draft","terms":[],"taxonomy":"category","extraData":[]},"publishpress_future_workflow_manual_trigger":{"enabledWorkflows":[]},"_links":{"self":[{"href":"https:\/\/www.die-stadtzeitung.de\/index.php\/wp-json\/wp\/v2\/posts\/35191","targetHints":{"allow":["GET"]}}],"collection":[{"href":"https:\/\/www.die-stadtzeitung.de\/index.php\/wp-json\/wp\/v2\/posts"}],"about":[{"href":"https:\/\/www.die-stadtzeitung.de\/index.php\/wp-json\/wp\/v2\/types\/post"}],"author":[{"embeddable":true,"href":"https:\/\/www.die-stadtzeitung.de\/index.php\/wp-json\/wp\/v2\/users\/7"}],"replies":[{"embeddable":true,"href":"https:\/\/www.die-stadtzeitung.de\/index.php\/wp-json\/wp\/v2\/comments?post=35191"}],"version-history":[{"count":3,"href":"https:\/\/www.die-stadtzeitung.de\/index.php\/wp-json\/wp\/v2\/posts\/35191\/revisions"}],"predecessor-version":[{"id":35529,"href":"https:\/\/www.die-stadtzeitung.de\/index.php\/wp-json\/wp\/v2\/posts\/35191\/revisions\/35529"}],"wp:attachment":[{"href":"https:\/\/www.die-stadtzeitung.de\/index.php\/wp-json\/wp\/v2\/media?parent=35191"}],"wp:term":[{"taxonomy":"category","embeddable":true,"href":"https:\/\/www.die-stadtzeitung.de\/index.php\/wp-json\/wp\/v2\/categories?post=35191"},{"taxonomy":"post_tag","embeddable":true,"href":"https:\/\/www.die-stadtzeitung.de\/index.php\/wp-json\/wp\/v2\/tags?post=35191"}],"curies":[{"name":"wp","href":"https:\/\/api.w.org\/{rel}","templated":true}]}}