{"id":35160,"date":"2021-04-18T14:00:19","date_gmt":"2021-04-18T12:00:19","guid":{"rendered":"https:\/\/www.die-stadtzeitung.de\/?p=35160"},"modified":"2021-04-25T14:02:51","modified_gmt":"2021-04-25T12:02:51","slug":"tvb-bindet-rueckraum-talente-vor-derby-gegen-lintfort","status":"publish","type":"post","link":"https:\/\/www.die-stadtzeitung.de\/index.php\/2021\/04\/18\/tvb-bindet-rueckraum-talente-vor-derby-gegen-lintfort\/","title":{"rendered":"TVB bindet R\u00fcckraum-Talente vor Derby gegen Lintfort"},"content":{"rendered":"<div id=\"attachment_35163\" class=\"wp-caption alignnone\" style=\"max-width: 911px;\"><img loading=\"lazy\" decoding=\"async\" class=\" wp-image-35163\" src=\"\/wp-content\/uploads\/2021\/04\/Jule-Lina-2.jpeg\" alt=\"\" width=\"901\" height=\"650\" \/><span class=\"wp-caption-text\">Jule K\u00fcrten (l.) und Lina Hovenj\u00fcrgen &#8211; \u00a9 TVB Wuppertal<\/span><\/div>\n<p>\u201eWir sind froh Lina und Jule als tolle Pers\u00f6nlichkeiten mit viel Ehrgeiz und sportlich hoher individueller Qualit\u00e4t vom TVB-Konzept \u00fcberzeugt haben zu k\u00f6nnen\u201c, sagt Trainer Dominik Schlechter. Sportdirektor Dieter Trippen erg\u00e4nzt: \u201eDer Fokus liegt darauf, junge und motivierte Spielerinnen auf ihrem Weg in den professionellen Handballsport zu begleiten und ein Team zu formen, welches gemeinsam an seinen Herausforderungen w\u00e4chst. Ich bin mir sicher, dass sich Lina und Jule beim TVB super entwickeln werden.\u201c<\/p>\n<p>Die 21j\u00e4hrige Lina Hovenj\u00fcrgen kam im Laufe der Saison vom Drittligisten PSV Recklinghausen zum TVB und blickt zuversichtlich in die Zukunft: \u201eIch wurde einfach super aufgenommen von den M\u00e4dels und glaube, der Abstiegskampf l\u00e4sst uns als Team noch enger zusammenwachsen. Wir geben aktuell alles, um die Liga zu halten, aber unabh\u00e4ngig davon, in welcher Liga wir dann landen, kann ich mich einfach pers\u00f6nlich hier in Wuppertal im Kreise eines tollen Umfelds weiterentwickeln.\u201c<\/p>\n<p>F\u00fcr Jule K\u00fcrten, die in dieser Saison nach gutem Start von einer schweren Fu\u00dfverletzung au\u00dfer Gefecht gesetzt wurde, stehen die Zeichen auf Neustart: \u201eIch habe, in der f\u00fcr mich kurzen Saison, bereits gemerkt, wie viel Spa\u00df es macht, mit dieser Mannschaft auf der Platte zu stehen. Ich konnte bereits viele Erfahrungen sammeln. Diesen Weg m\u00f6chte ich, sobald es wieder geht, weiter gehen. Daher war klar, dass ich beim TVB bleibe. Ich freue mich sehr auf die kommende Zeit!\u201c<\/p>\n<p>Am Samstag (24.04.) k\u00e4mpft die Schlechter-Truppe beim Heimspiel gegen den TUS Lintfort um weitere wichtige Punkte im Kampf im den Klassenerhalt. Dabei ist das Team vom Niederrhein beim West-Derby klar in der Favoritenrolle.<span class=\"Apple-converted-space\">\u00a0<\/span><\/p>\n<p>Mit 27:13 Punkten belegt Lintfort den 4.Tabellenplatz und\u00a0will diesen auch unbedingt bis zum Saisonabschluss verteidigen.\u00a0Dennoch blickt man beim TVB mit Optimismus auf den anstehenden &#8222;Classico&#8220; und hofft gegen den TuS Lintfort, \u00e4hnlich wie\u00a0 vor 14 Tagen gegen die F\u00fcchse Berlin, auf eine positive \u00dcberraschung.<\/p>\n<p>Die Partie beginnt um 18:45 Uhr in der Buschenburg &#8211; der Livestream ist bei <a href=\"http:\/\/sportdeutschland.tv\/\">Sportdeutschland.tv<\/a> zu sehen.<\/p>\n","protected":false},"excerpt":{"rendered":"<p>Die Zukunft beim TVB Wuppertal steht im Zeichen der \u201ejungen Wilden\u201c. Mit Lina Hovenj\u00fcrgen und Jule K\u00fcrten haben zwei weitere Spielerinnen f\u00fcr die kommende Spielzeit ihre Vertr\u00e4ge vor dem wichtigen Derby gegen TUS Lintfort verl\u00e4ngert und bekennen sich liga-unabh\u00e4ngig zum TVB Wuppertal.\u00a0<\/p>\n","protected":false},"author":7,"featured_media":0,"comment_status":"open","ping_status":"closed","sticky":false,"template":"","format":"standard","meta":{"footnotes":""},"categories":[20],"tags":[],"class_list":["post-35160","post","type-post","status-publish","format-standard","hentry","category-sport"],"publishpress_future_action":{"enabled":false,"date":"2026-05-06 03:39:20","action":"change-status","newStatus":"draft","terms":[],"taxonomy":"category","extraData":[]},"publishpress_future_workflow_manual_trigger":{"enabledWorkflows":[]},"_links":{"self":[{"href":"https:\/\/www.die-stadtzeitung.de\/index.php\/wp-json\/wp\/v2\/posts\/35160","targetHints":{"allow":["GET"]}}],"collection":[{"href":"https:\/\/www.die-stadtzeitung.de\/index.php\/wp-json\/wp\/v2\/posts"}],"about":[{"href":"https:\/\/www.die-stadtzeitung.de\/index.php\/wp-json\/wp\/v2\/types\/post"}],"author":[{"embeddable":true,"href":"https:\/\/www.die-stadtzeitung.de\/index.php\/wp-json\/wp\/v2\/users\/7"}],"replies":[{"embeddable":true,"href":"https:\/\/www.die-stadtzeitung.de\/index.php\/wp-json\/wp\/v2\/comments?post=35160"}],"version-history":[{"count":3,"href":"https:\/\/www.die-stadtzeitung.de\/index.php\/wp-json\/wp\/v2\/posts\/35160\/revisions"}],"predecessor-version":[{"id":35165,"href":"https:\/\/www.die-stadtzeitung.de\/index.php\/wp-json\/wp\/v2\/posts\/35160\/revisions\/35165"}],"wp:attachment":[{"href":"https:\/\/www.die-stadtzeitung.de\/index.php\/wp-json\/wp\/v2\/media?parent=35160"}],"wp:term":[{"taxonomy":"category","embeddable":true,"href":"https:\/\/www.die-stadtzeitung.de\/index.php\/wp-json\/wp\/v2\/categories?post=35160"},{"taxonomy":"post_tag","embeddable":true,"href":"https:\/\/www.die-stadtzeitung.de\/index.php\/wp-json\/wp\/v2\/tags?post=35160"}],"curies":[{"name":"wp","href":"https:\/\/api.w.org\/{rel}","templated":true}]}}