{"id":35102,"date":"2021-04-18T15:56:32","date_gmt":"2021-04-18T13:56:32","guid":{"rendered":"https:\/\/www.die-stadtzeitung.de\/?p=35102"},"modified":"2021-04-21T15:56:50","modified_gmt":"2021-04-21T13:56:50","slug":"pflege-austausch-zwischen-helios-und-diakonie","status":"publish","type":"post","link":"https:\/\/www.die-stadtzeitung.de\/index.php\/2021\/04\/18\/pflege-austausch-zwischen-helios-und-diakonie\/","title":{"rendered":"Pflege-Austausch zwischen Helios und Diakonie"},"content":{"rendered":"<div id=\"attachment_35106\" class=\"wp-caption alignnone\" style=\"max-width: 1034px;\"><img loading=\"lazy\" decoding=\"async\" class=\"size-large wp-image-35106\" src=\"\/wp-content\/uploads\/2021\/04\/Helios-BZ-Diakonie-2-2-1024x701.jpg\" alt=\"\" width=\"1024\" height=\"701\" \/><span class=\"wp-caption-text\">(V.l.) Goran Vogt (Leiter des Helios Bildungszentrums Wuppertal), Simone Hyun (Pflegedirektorin des Helios Universit\u00e4tsklinikums Wuppertal), Stefan Leopold (Leitung der Diakonie Akademie), Lutz Hellbusch (Leiter der Pflegeschule) und Jutta Middeldorf (stellv. Schulleitung und Kursleitung des betreffenden Kurses) &#8211; \u00a9 Helios Universit\u00e4tsklinikum<\/span><\/div>\n<p>So geh\u00f6ren zur neuen generalistischen Ausbildung zum \u201ePflegefachmann\u201c und zur \u201ePflegefachfrau\u201c auch neue praktische Einsatzorte wie die Einrichtungen der station\u00e4ren Langzeitpflege, also Alten- und Pflegeheime.<\/p>\n<p>Da es am Helios Universit\u00e4tsklinikum Wuppertal strukturell keine Alten- oder Langzeitpflege gibt, in den Heimen der Diakonischen Altenhilfe Wuppertal gGmbH dagegen nicht die sogenannte Akutpflege, lernen die Auszubildenden jetzt den jeweils anderen Bereich in einem Praxis-Austausch mit der Diakonie Akademie Wuppertal kennen.<\/p>\n<p>Vor ihren praktischen Eins\u00e4tzen zu Beginn des zweiten Ausbildungsjahres wurden sie mit eigens daf\u00fcr entwickelten Themen in die Herausforderungen des jeweils neuen Arbeitsumfeldes eingef\u00fchrt.<\/p>\n<p>Lutz Hellbusch, Leiter der Pflegeschule am Helios Bildungszentrum erl\u00e4utert das Konzept: \u201eUm unsere Auszubildenden bestm\u00f6glich vorbereitet in die f\u00fcr sie neuen praktischen Bereiche zu entsenden, nutzten wir unsere guten Kooperationsbeziehungen mit der Diakonie Akademie. Zusammen organisieren wir einen Unterrichtstransfer f\u00fcr 14 Tage, in denen unsere Auszubildenden vom Kollegium der Diakonie Akademie und im Tausch die Auszubildenden der Diakonie Akademie von unserem Kollegium in die Besonderheiten des jeweils anderen Einsatzbereiches eingef\u00fchrt wurden. Vor dem Hintergrund der momentanen Corona-Situation fand dieser Austausch komplett online statt.\u201c<\/p>\n<p>Allen Beteiligten gefiel dieser Transfer sehr gut, der Austausch wurden als gewinnbringend und erkenntnisreich empfunden. \u201eWir freuen uns, jetzt die Auszubildenden der Diakonie Akademie bei uns im Helios Universit\u00e4tsklinikum Wuppertal gut vorbereitet begr\u00fc\u00dfen zu d\u00fcrfen\u201c, freut sich Goran Vogt, Leiter des Helios Bildungszentrums. \u201eSie werden fast ein halbes Jahr ihren praktischen Einsatz hier absolvieren.\u201c<\/p>\n<p>Stefan Leopold, Leiter der Diakonie Akademie Wuppertal, erg\u00e4nzt: \u201eIm Gegenzug werden die Auszubildenden von Helios ebenso lange in den Einrichtungen der Diakonischen Altenhilfe Wuppertal gGmbH sowie weiteren Einrichtungen des Ausbildungsverbundes die f\u00fcr die Langzeitpflege besonderen Spezifika erlernen.\u201c<\/p>\n<p>Simone Hyun, Pflegedirektorin des Helios Universit\u00e4tsklinikums Wuppertal ist \u00fcberzeugt von der neuen Kooperation, die jetzt online begonnen hat: \u201eSie ist der Startschuss f\u00fcr eine langfristige Zusammenarbeit. Damit d\u00fcrfen sich die Pflege-Azubis auf eine wirklich rundum gelungene Ausbildung freuen, mit der sie allerbeste Chancen am Arbeitsmarkt haben werden.\u201c<\/p>\n<p>&nbsp;<\/p>\n<p>&nbsp;<\/p>\n<p>&nbsp;<\/p>\n<p>&nbsp;<\/p>\n","protected":false},"excerpt":{"rendered":"<p>Lehrkr\u00e4fte und Auszubildende des Helios Bildungszentrum Wuppertal und der Diakonie Akademie Wuppertal tauschen ihr Wissen online aus, bevor es f\u00fcr die Azubis erstmalig zum jeweils anderen Tr\u00e4ger in die Praxis geht. Die neue konzipierte, sogenannte generalistische Ausbildung in der Pflege will alle Auszubildenden auf die pflegerische Arbeit mit Menschen aller Altersgruppen vorbereiten, vom S\u00e4ugling bis zu Senioren.<\/p>\n","protected":false},"author":7,"featured_media":0,"comment_status":"open","ping_status":"closed","sticky":false,"template":"","format":"standard","meta":{"footnotes":""},"categories":[24],"tags":[],"class_list":["post-35102","post","type-post","status-publish","format-standard","hentry","category-wuppertal"],"publishpress_future_action":{"enabled":false,"date":"2026-05-09 08:00:45","action":"change-status","newStatus":"draft","terms":[],"taxonomy":"category","extraData":[]},"publishpress_future_workflow_manual_trigger":{"enabledWorkflows":[]},"_links":{"self":[{"href":"https:\/\/www.die-stadtzeitung.de\/index.php\/wp-json\/wp\/v2\/posts\/35102","targetHints":{"allow":["GET"]}}],"collection":[{"href":"https:\/\/www.die-stadtzeitung.de\/index.php\/wp-json\/wp\/v2\/posts"}],"about":[{"href":"https:\/\/www.die-stadtzeitung.de\/index.php\/wp-json\/wp\/v2\/types\/post"}],"author":[{"embeddable":true,"href":"https:\/\/www.die-stadtzeitung.de\/index.php\/wp-json\/wp\/v2\/users\/7"}],"replies":[{"embeddable":true,"href":"https:\/\/www.die-stadtzeitung.de\/index.php\/wp-json\/wp\/v2\/comments?post=35102"}],"version-history":[{"count":3,"href":"https:\/\/www.die-stadtzeitung.de\/index.php\/wp-json\/wp\/v2\/posts\/35102\/revisions"}],"predecessor-version":[{"id":35107,"href":"https:\/\/www.die-stadtzeitung.de\/index.php\/wp-json\/wp\/v2\/posts\/35102\/revisions\/35107"}],"wp:attachment":[{"href":"https:\/\/www.die-stadtzeitung.de\/index.php\/wp-json\/wp\/v2\/media?parent=35102"}],"wp:term":[{"taxonomy":"category","embeddable":true,"href":"https:\/\/www.die-stadtzeitung.de\/index.php\/wp-json\/wp\/v2\/categories?post=35102"},{"taxonomy":"post_tag","embeddable":true,"href":"https:\/\/www.die-stadtzeitung.de\/index.php\/wp-json\/wp\/v2\/tags?post=35102"}],"curies":[{"name":"wp","href":"https:\/\/api.w.org\/{rel}","templated":true}]}}