{"id":35043,"date":"2021-04-18T10:36:49","date_gmt":"2021-04-18T08:36:49","guid":{"rendered":"https:\/\/www.die-stadtzeitung.de\/?p=35043"},"modified":"2021-04-18T10:36:49","modified_gmt":"2021-04-18T08:36:49","slug":"typisch-wuppertal-preise-ueber-preise","status":"publish","type":"post","link":"https:\/\/www.die-stadtzeitung.de\/index.php\/2021\/04\/18\/typisch-wuppertal-preise-ueber-preise\/","title":{"rendered":"Typisch WUPPERTAL:  Preise \u00fcber Preise\u2026"},"content":{"rendered":"<div id=\"attachment_35045\" class=\"wp-caption alignnone\" style=\"max-width: 1034px;\"><img loading=\"lazy\" decoding=\"async\" class=\"size-large wp-image-35045\" src=\"\/wp-content\/uploads\/2021\/04\/21-04-17-Start-Wuppertaler-Foto-Preis-2021-1024x576.jpeg\" alt=\"\" width=\"1024\" height=\"576\" \/><span class=\"wp-caption-text\">Start Wuppertaler Foto-Preis 2021 \u00a9 Vok Dams iNotes<\/span><\/div>\n<p>&#8222;Neben dem Wuppertaler Wirtschaftspreis 2021, der neben dem \u201eUnternehmen des Jahres\u201c und dem \u201eJungunternehmen des Jahres\u201c auch den \u201eStadtmarketing-Preis\u201c beinhaltet, melden die Initiatoren des Wuppertaler Fotopreises 2021 den Start ihres Wettbewerbes unter dem Motto \u201eTYPISCH WUPPERTAL\u201c.<\/p>\n<p>Ich freue mich auf spannende Jury-Sitzungen!<\/p>\n<p>Ohne Corona &#8211; das waren noch Zeiten:<\/p>\n<p>Der Wuppertaler Fotopreis 2019 mit der Jury und der eindrucksvollen Ausstellung\u00a0im Hauptbahnhof WUPPERTAL.<\/p>\n<p><a href=\"\/wp-content\/uploads\/2021\/04\/21-04-15-Startveranstaltung-Wuppertaler-Wirtschaftspreis-2020-21.docx\">21-04-15 Startveranstaltung Wuppertaler Wirtschaftspreis 2020-21<\/a><\/p>\n<p><img loading=\"lazy\" decoding=\"async\" class=\"alignnone size-large wp-image-35047\" src=\"\/wp-content\/uploads\/2021\/04\/IMG_7115-1024x768.jpeg\" alt=\"\" width=\"1024\" height=\"768\" \/><\/p>\n<p><strong>Vok Dams.<\/strong><\/p>\n<p>Siehe Bericht in unserem NotizBlog:<\/p>\n<p><a href=\"http:\/\/vokdamsatelierhaus.de\/wow-wuppertalder-wuppertaler-fotopreis-2019\/\">http:\/\/vokdamsatelierhaus.de\/wow-wuppertalder-wuppertaler-fotopreis-2019\/<\/a><\/p>\n<p>&nbsp;<\/p>\n<p><strong>\u00dcber den Wuppertaler Foto-Preis<\/strong><\/p>\n<p>Der Wuppertaler Fotopreis wurde 2015 von der Volksbank im Bergischen Land, der Druckerei Schmidt, Ley + Wiegandt und der Wuppertaler Rundschau ins Leben gerufen.<\/p>\n<p>Teilnahmeschluss f\u00fcr den Wuppertaler Foto-Preis 2021 ist der 15. August. Die Gewinner werden bis zum 17. September 2021 benachrichtigt, die Abschlussveranstaltung mit Preis\u00fcbergabe findet &#8211; wenn es Corona zul\u00e4sst &#8211; am 28. September 2021 statt.<\/p>\n<p>Die eingereichten Fotos werden von einer kompetent besetzten Jury bewertet. Beim letzten Mal wurden 440 Fotos eingereicht. Auch in diesem werden die 12 besten Fotos in einem Fotopreis-Wandkalender und als Postkarten-Set ver\u00f6ffentlicht.<span class=\"Apple-converted-space\">\u00a0<\/span><\/p>\n<p>Die Fotografinnen und Fotografen der drei Sieger-Fotos erhalten<span class=\"Apple-converted-space\">\u00a0<\/span><\/p>\n<p>Gutscheine im Wert von 1.500 \u20ac, 1.000 \u20ac und 500 \u20ac f\u00fcr einen Einkauf bei Foto+Video Rutten.<span class=\"Apple-converted-space\">\u00a0<\/span><\/p>\n<p>Das Fachgesch\u00e4ft ist ebenso Fotopreis-Partner wie Radio Wuppertal und die Agentur \u201ePixelProduction\u201c.<\/p>\n<p><a href=\"http:\/\/www.wuppertaler-fotopreis.de\">http:\/\/www.wuppertaler-fotopreis.de<\/a><\/p>\n<p>&nbsp;<\/p>\n","protected":false},"excerpt":{"rendered":"<p>Vok Dams, Marketing-Experte, Wuppertal Botschafter und Galerist, ist ein Mann der klaren Worte! Der \u00fcberzeugte Wuppertaler h\u00e4lt u.a. in seiner Kolumne &#8222;Denkanst\u00f6\u00dfe aus dem ATELIERHAUS&#8220; mit seiner Meinung nicht hinter dem Berg &#8211; wenn es um das Image seiner Heimatstadt geht. Er \u00fcbt konstruktiv Kritik, wenn er es f\u00fcr n\u00f6tig h\u00e4lt, unterst\u00fctzt aber auch engagiert Aktionen, die die Au\u00dfendarstellung Wuppertals st\u00e4rken&#8230;<\/p>\n","protected":false},"author":7,"featured_media":0,"comment_status":"open","ping_status":"closed","sticky":false,"template":"","format":"standard","meta":{"footnotes":""},"categories":[29],"tags":[],"class_list":["post-35043","post","type-post","status-publish","format-standard","hentry","category-kultur"],"publishpress_future_action":{"enabled":false,"date":"2026-05-05 12:15:39","action":"change-status","newStatus":"draft","terms":[],"taxonomy":"category","extraData":[]},"publishpress_future_workflow_manual_trigger":{"enabledWorkflows":[]},"_links":{"self":[{"href":"https:\/\/www.die-stadtzeitung.de\/index.php\/wp-json\/wp\/v2\/posts\/35043","targetHints":{"allow":["GET"]}}],"collection":[{"href":"https:\/\/www.die-stadtzeitung.de\/index.php\/wp-json\/wp\/v2\/posts"}],"about":[{"href":"https:\/\/www.die-stadtzeitung.de\/index.php\/wp-json\/wp\/v2\/types\/post"}],"author":[{"embeddable":true,"href":"https:\/\/www.die-stadtzeitung.de\/index.php\/wp-json\/wp\/v2\/users\/7"}],"replies":[{"embeddable":true,"href":"https:\/\/www.die-stadtzeitung.de\/index.php\/wp-json\/wp\/v2\/comments?post=35043"}],"version-history":[{"count":3,"href":"https:\/\/www.die-stadtzeitung.de\/index.php\/wp-json\/wp\/v2\/posts\/35043\/revisions"}],"predecessor-version":[{"id":35049,"href":"https:\/\/www.die-stadtzeitung.de\/index.php\/wp-json\/wp\/v2\/posts\/35043\/revisions\/35049"}],"wp:attachment":[{"href":"https:\/\/www.die-stadtzeitung.de\/index.php\/wp-json\/wp\/v2\/media?parent=35043"}],"wp:term":[{"taxonomy":"category","embeddable":true,"href":"https:\/\/www.die-stadtzeitung.de\/index.php\/wp-json\/wp\/v2\/categories?post=35043"},{"taxonomy":"post_tag","embeddable":true,"href":"https:\/\/www.die-stadtzeitung.de\/index.php\/wp-json\/wp\/v2\/tags?post=35043"}],"curies":[{"name":"wp","href":"https:\/\/api.w.org\/{rel}","templated":true}]}}