{"id":34985,"date":"2021-04-14T18:43:41","date_gmt":"2021-04-14T16:43:41","guid":{"rendered":"https:\/\/www.die-stadtzeitung.de\/?p=34985"},"modified":"2021-04-18T10:37:46","modified_gmt":"2021-04-18T08:37:46","slug":"wirtschaftspreis-soll-wuppertal-strahlen-lassen","status":"publish","type":"post","link":"https:\/\/www.die-stadtzeitung.de\/index.php\/2021\/04\/14\/wirtschaftspreis-soll-wuppertal-strahlen-lassen\/","title":{"rendered":"Wirtschaftspreis soll Wuppertal strahlen lassen"},"content":{"rendered":"<div id=\"attachment_34990\" class=\"wp-caption alignnone\" style=\"max-width: 1034px;\"><img loading=\"lazy\" decoding=\"async\" class=\"size-large wp-image-34990\" src=\"\/wp-content\/uploads\/2021\/04\/IMG_1317-2-1024x747.jpeg\" alt=\"\" width=\"1024\" height=\"747\" \/><span class=\"wp-caption-text\">Die digitale Auftaktveranstaltung zum Wuppertaler Wirtschaftspreis 2021 &#8211; \u00a9 Vok Dams iNotes<\/span><\/div>\n<p>&#8222;Wenn auch die Emotionen bei der digitalen Auftaktveranstaltung<span class=\"Apple-converted-space\">\u00a0<\/span>zum Wuppertaler Wirtschaftspreis 2021 etwas zu kurz kamen, das Engagement der Veranstalter kann sich sehen lassen.<\/p>\n<p>Oberb\u00fcrgermeister Uwe Schneidewind als Schirmherr und Martin Bang, Gesch\u00e4ftsf\u00fchrer der Wuppertal Marketing GmbH zeigten sich dann auch wild entschlossen, Corona hin oder her,<span class=\"Apple-converted-space\">\u00a0<\/span>die Veranstaltung dieses Jahr im Oktober wieder durchzuf\u00fchren.<\/p>\n<p>Sei dieses Instrument doch die st\u00e4rkste M\u00f6glichkeit, um WUPPERTAL strahlen zu lassen,<span class=\"Apple-converted-space\">\u00a0<\/span>wie es Uwe Schneidewind, als erster Botschafter der Stadt, versprochen hatte.<\/p>\n<p>\u201eWUPPERTAL besser verstehen, andere begeistern, neue Investoren gewinnen\u201c sei das Ziel,\u00a0und nicht zuletzt, die Nachhaltigkeit \u2013 also die Welt besser zu machen.<\/p>\n<p>Da kommen Erinnerungen auf.<\/p>\n<p>Und Martin Bang bittet die \u00d6ffentlichkeit um Vorschl\u00e4ge, welche Unternehmen mit besonderen Ideen und au\u00dfergew\u00f6hnlichen Erfolgen eingeladen werden sollten.<\/p>\n<p>Auch in der \u201eStadt der Weltmarktf\u00fchrer\u201c seien nicht die Weltmarktf\u00fchrer der Ma\u00dfstab, sondern innovative Ideen und unternehmerischer Weitblick von jungen Start-Ups ebenso, wie von bodenst\u00e4ndigen bergischen Unternehmen.<\/p>\n<p>Mit diesen und anderen Fragen besch\u00e4ftigen wir uns auch in unserem ATELIERHAUS.<\/p>\n<p>Wenn es Sie interessiert, klicken Sie hier:<\/p>\n<p><a href=\"http:\/\/vokdamsatelierhaus.de\/wp-content\/uploads\/2013\/07\/21-04-14-Denkfabrik-ATELIERHAUS-Handout1.pdf?fbclid=IwAR3w0SxYSSzuZ8dLSZ3nBfPVB5okyKDQvZ_J4wU2bG-p00bA_uJeQVVpKP8\">http:\/\/vokdamsatelierhaus.de\/&#8230;\/21-04-14-Denkfabrik&#8230;<\/a><\/p>\n<p><strong>Vok Dams.<\/strong><\/p>\n<p>&nbsp;<\/p>\n<div id=\"attachment_34992\" class=\"wp-caption alignnone\" style=\"max-width: 1034px;\"><img loading=\"lazy\" decoding=\"async\" class=\"size-large wp-image-34992\" src=\"\/wp-content\/uploads\/2021\/04\/WWP-2021-Auftakt-Studio2.doc-2-1024x608.jpg\" alt=\"\" width=\"1024\" height=\"608\" \/><span class=\"wp-caption-text\">OB Prof. Dr. Uwe Schneidewind (vorne links) und Martin Bang, Gesch\u00e4ftsf\u00fchrer Wuppertal Marketing GmbH, bei der digitalen Auftaktveranstaltung f\u00fcr den Wuppertaler Wirtschaftspreis 2021 &#8211; \u00a9 Wuppertal Marketing<\/span><\/div>\n<p>&nbsp;<\/p>\n<p>\u00dcbrigens: Bis zum 15. Juni 2021 k\u00f6nnen Bewerbungen f\u00fcr den Wuppertaler Wirtschaftspreis eingereicht oder Vorschl\u00e4ge f\u00fcr geeignete Kandidaten gemacht werden .<\/p>\n<p>&nbsp;<\/p>\n<p>&nbsp;<\/p>\n","protected":false},"excerpt":{"rendered":"<p>Vok Dams, Marketing-Experte, Wuppertal Botschafter und Galerist, ist ein Mann der klaren Worte! Der \u00fcberzeugte Wuppertaler h\u00e4lt u.a. in seinem NOTIZ.BLOG und seiner Kolumne &#8222;Denkanst\u00f6\u00dfe aus dem ATELIERHAUS&#8220; mit seiner Meinung nicht hinter dem Berg &#8211; ob es nun um das Versagen der Bundesregierung in der Corona-Krise geht oder wie jetzt um den Wuppertaler Wirtschaftspreis 2021.<\/p>\n","protected":false},"author":7,"featured_media":0,"comment_status":"open","ping_status":"closed","sticky":false,"template":"","format":"standard","meta":{"footnotes":""},"categories":[22],"tags":[],"class_list":["post-34985","post","type-post","status-publish","format-standard","hentry","category-wirtschaft"],"publishpress_future_action":{"enabled":false,"date":"2026-05-07 12:13:07","action":"change-status","newStatus":"draft","terms":[],"taxonomy":"category","extraData":[]},"publishpress_future_workflow_manual_trigger":{"enabledWorkflows":[]},"_links":{"self":[{"href":"https:\/\/www.die-stadtzeitung.de\/index.php\/wp-json\/wp\/v2\/posts\/34985","targetHints":{"allow":["GET"]}}],"collection":[{"href":"https:\/\/www.die-stadtzeitung.de\/index.php\/wp-json\/wp\/v2\/posts"}],"about":[{"href":"https:\/\/www.die-stadtzeitung.de\/index.php\/wp-json\/wp\/v2\/types\/post"}],"author":[{"embeddable":true,"href":"https:\/\/www.die-stadtzeitung.de\/index.php\/wp-json\/wp\/v2\/users\/7"}],"replies":[{"embeddable":true,"href":"https:\/\/www.die-stadtzeitung.de\/index.php\/wp-json\/wp\/v2\/comments?post=34985"}],"version-history":[{"count":6,"href":"https:\/\/www.die-stadtzeitung.de\/index.php\/wp-json\/wp\/v2\/posts\/34985\/revisions"}],"predecessor-version":[{"id":34993,"href":"https:\/\/www.die-stadtzeitung.de\/index.php\/wp-json\/wp\/v2\/posts\/34985\/revisions\/34993"}],"wp:attachment":[{"href":"https:\/\/www.die-stadtzeitung.de\/index.php\/wp-json\/wp\/v2\/media?parent=34985"}],"wp:term":[{"taxonomy":"category","embeddable":true,"href":"https:\/\/www.die-stadtzeitung.de\/index.php\/wp-json\/wp\/v2\/categories?post=34985"},{"taxonomy":"post_tag","embeddable":true,"href":"https:\/\/www.die-stadtzeitung.de\/index.php\/wp-json\/wp\/v2\/tags?post=34985"}],"curies":[{"name":"wp","href":"https:\/\/api.w.org\/{rel}","templated":true}]}}