{"id":34898,"date":"2021-04-15T13:08:14","date_gmt":"2021-04-15T11:08:14","guid":{"rendered":"https:\/\/www.die-stadtzeitung.de\/?p=34898"},"modified":"2021-04-15T13:08:14","modified_gmt":"2021-04-15T11:08:14","slug":"uni-uebergreifende-ringvorlesung-zu-irischer-gegenwartsliteratur","status":"publish","type":"post","link":"https:\/\/www.die-stadtzeitung.de\/index.php\/2021\/04\/15\/uni-uebergreifende-ringvorlesung-zu-irischer-gegenwartsliteratur\/","title":{"rendered":"Uni-\u00fcbergreifende Ringvorlesung zu irischer Gegenwartsliteratur"},"content":{"rendered":"<div class=\"header\">\n<div id=\"attachment_34900\" class=\"wp-caption alignnone\" style=\"max-width: 782px;\"><img loading=\"lazy\" decoding=\"async\" class=\"size-full wp-image-34900\" src=\"\/wp-content\/uploads\/2021\/04\/Karte-Fertig.jpeg\" alt=\"\" width=\"772\" height=\"558\" \/><span class=\"wp-caption-text\">Die Karte mit den teilnehmenden Universit\u00e4ten &#8211; \u00a9 Bergische Universit\u00e4t<\/span><\/div>\n<\/div>\n<div class=\"teaser-text\">\n<p class=\"bodytext\">Dr. Katharina Rennhak kooperiert dabei mit der European Federation of Associations and Centres of Irish Studies und dem Zentrum f\u00fcr Erz\u00e4hlforschung an der Bergischen Universit\u00e4t. Im Sommersemester findet dazu eine universit\u00e4ts\u00fcbergreifende Ringvorlesung statt.<\/p>\n<p class=\"bodytext\">Im ersten Vortrag am kommenden Donnerstag (22.04.) um 14 Uhr spricht Prof. Dr. Ralf Haekel (Universit\u00e4t Leipzig) \u00fcber den Roman \u201eDie See\u201c von John Banville. Anmeldung zur Veranstaltung via Zoom unter <a href=\"mailto:rennhak@uni-wuppertal.de\">rennhak@uni-wuppertal.de<\/a>.<\/p>\n<\/div>\n<div id=\"c28383\" class=\"csc-default\">\n<div class=\"csc-textpic csc-textpic-intext-right csc-textpic-equalheight\">\n<div class=\"csc-textpic-text\">\n<p class=\"bodytext\">\u201e\u201aDie See\u2018 ist John Banvilles bekanntester und erfolgreichster Roman. Wie viele Werke von Banville dreht sich auch \u201aDie See\u2018 um die Themen Verlust und Identit\u00e4t. \u201aThe Sea\u2018, der Roman, der 2005 mit dem Booker Prize ausgezeichnet wurde, ist ein Buch \u00fcber die Erinnerung, das Leben und den Tod oder, genauer gesagt, \u00fcber das Sterben. Er geh\u00f6rt zu den gro\u00dfen irischen Romanen des 21. Jahrhunderts, weil er die Tradition der irischen Erz\u00e4hlkunst reflektiert und gleichzeitig die M\u00f6glichkeit des Erz\u00e4hlens im Angesicht des Todes hinterfragt\u201c, hei\u00dft es in der Veranstaltungsank\u00fcndigung von Prof. Haekel.<\/p>\n<p class=\"bodytext\">Die \u201eGerman Irish Studies Itinerary: Great Irish Novels of the Twenty-First Century\u201c verbindet \u2013 dank eines innovativen Ringvorlesungsformats \u2013 elf deutsche Universit\u00e4ten in dem Bestreben, einer interessierten \u00d6ffentlichkeit 15 irische Gegenwartsromane zug\u00e4nglich zu machen.<\/p>\n<p class=\"bodytext\">\u201eDie Analysen und Interpretationen irischer Romane des 21. Jahrhunderts zeigen auf, an welche reichen irischen und europ\u00e4ischen Erz\u00e4hltraditionen die Gegenwartsautor*innen anschlie\u00dfen, und verorten die Texte in ihren aktuellen, sozialhistorischen und kulturpolitischen Kontexten, die mit den Stichworten \u201aFinanzkrise\u2018, \u201aMigration\u2018, \u201aBrexit\u2018 und \u201aCovid-19\u2018 hier nur grob umrissen sind\u201c, so Prof. Rennhak.<\/p>\n<p class=\"bodytext\">Das Projekt wird finanziell vom Department of Foreign Affairs der irischen Regierung und der irischen Botschaft in Berlin unterst\u00fctzt (Emigrant Support Programme, ESP).<\/p>\n<p class=\"bodytext\">Weitere Informationen und das gesamte Vortragsprogramm finden sich unter <a class=\"external-link-new-window\" href=\"http:\/\/www.germanirishstudiesitinerary.uni-wuppertal.de\/\" target=\"_blank\" rel=\"noopener\">www.germanirishstudiesitinerary.uni-wuppertal.de<\/a>.<\/p>\n<p class=\"bodytext\">\n<\/div>\n<\/div>\n<\/div>\n","protected":false},"excerpt":{"rendered":"<p>International hoch gelobte und h\u00e4ufig preisgekr\u00f6nte irische Gegenwartsromane zug\u00e4nglich machen und den Irish Studies in Deutschland wieder ein gr\u00f6\u00dferes Gewicht verleihen \u2013 das ist das Ziel des neuen Projekts \u201eThe German Irish Studies Itinerary: Great Irish Novels of the Twenty-First Century\u201c. Koordiniert wird das Vorhaben von Dr. Katharina Rennhak, Professorin f\u00fcr Anglistik\/Literaturwissenschaften an der Bergischen Universit\u00e4t Wuppertal.<\/p>\n","protected":false},"author":7,"featured_media":0,"comment_status":"open","ping_status":"closed","sticky":false,"template":"","format":"standard","meta":{"footnotes":""},"categories":[27],"tags":[],"class_list":["post-34898","post","type-post","status-publish","format-standard","hentry","category-wissen"],"publishpress_future_action":{"enabled":false,"date":"2026-05-09 12:05:06","action":"change-status","newStatus":"draft","terms":[],"taxonomy":"category","extraData":[]},"publishpress_future_workflow_manual_trigger":{"enabledWorkflows":[]},"_links":{"self":[{"href":"https:\/\/www.die-stadtzeitung.de\/index.php\/wp-json\/wp\/v2\/posts\/34898","targetHints":{"allow":["GET"]}}],"collection":[{"href":"https:\/\/www.die-stadtzeitung.de\/index.php\/wp-json\/wp\/v2\/posts"}],"about":[{"href":"https:\/\/www.die-stadtzeitung.de\/index.php\/wp-json\/wp\/v2\/types\/post"}],"author":[{"embeddable":true,"href":"https:\/\/www.die-stadtzeitung.de\/index.php\/wp-json\/wp\/v2\/users\/7"}],"replies":[{"embeddable":true,"href":"https:\/\/www.die-stadtzeitung.de\/index.php\/wp-json\/wp\/v2\/comments?post=34898"}],"version-history":[{"count":2,"href":"https:\/\/www.die-stadtzeitung.de\/index.php\/wp-json\/wp\/v2\/posts\/34898\/revisions"}],"predecessor-version":[{"id":34901,"href":"https:\/\/www.die-stadtzeitung.de\/index.php\/wp-json\/wp\/v2\/posts\/34898\/revisions\/34901"}],"wp:attachment":[{"href":"https:\/\/www.die-stadtzeitung.de\/index.php\/wp-json\/wp\/v2\/media?parent=34898"}],"wp:term":[{"taxonomy":"category","embeddable":true,"href":"https:\/\/www.die-stadtzeitung.de\/index.php\/wp-json\/wp\/v2\/categories?post=34898"},{"taxonomy":"post_tag","embeddable":true,"href":"https:\/\/www.die-stadtzeitung.de\/index.php\/wp-json\/wp\/v2\/tags?post=34898"}],"curies":[{"name":"wp","href":"https:\/\/api.w.org\/{rel}","templated":true}]}}