{"id":34878,"date":"2021-04-15T08:41:01","date_gmt":"2021-04-15T06:41:01","guid":{"rendered":"https:\/\/www.die-stadtzeitung.de\/?p=34878"},"modified":"2021-04-15T08:41:01","modified_gmt":"2021-04-15T06:41:01","slug":"wsv-kassiert-heimniederlage-gegen-moenchengladbach","status":"publish","type":"post","link":"https:\/\/www.die-stadtzeitung.de\/index.php\/2021\/04\/15\/wsv-kassiert-heimniederlage-gegen-moenchengladbach\/","title":{"rendered":"WSV kassiert Heimniederlage gegen M\u00f6nchengladbach"},"content":{"rendered":"<div id=\"attachment_34882\" class=\"wp-caption alignnone\" style=\"max-width: 1034px;\"><img loading=\"lazy\" decoding=\"async\" class=\"size-large wp-image-34882\" src=\"\/wp-content\/uploads\/2021\/04\/classen-2020-Apr-14-0165-1024x683.jpg\" alt=\"\" width=\"1024\" height=\"683\" \/><span class=\"wp-caption-text\">Packende Szene im M\u00f6nchengladbacher Strafraum &#8211; \u00a9 Jochen Classen<\/span><\/div>\n<p>Die zweite Mannschaft der Bundesliga-Legende war von Beginn an die bessere Elf und erarbeitete sich auch mehrere Torchancen. Der WSV kam erst in der 34. Minute zu seiner ersten Gelegenheit. Lars Bender verfehlte aber mit seinem Volleyschu\u00df das M\u00f6nchengladbacher Tor.<\/p>\n<p>Nach der Pause das gleiche Bild: Der WSV war bem\u00fcht, aber es fehlte die n\u00f6tige<span class=\"Apple-converted-space\">\u00a0 <\/span>Durchschlagskraft. Heraus kamen allenfalls Halbchancen. Gladbach war da schon gef\u00e4hrlicher: Nach einer Ecke in der 54. Minute mussten die Wuppertaler zweimal auf der Linie kl\u00e4ren, bevor Justin Steink\u00f6tter den Ball aus drei Metern \u00fcbers Tor<span class=\"Apple-converted-space\">\u00a0 <\/span>k\u00f6pfte &#8211; eigentlich das sichere 0:1.<span class=\"Apple-converted-space\">\u00a0<\/span><\/p>\n<p>Alle hatten sich schon auf ein 0:0 eingestellt, das schlug die Mannschaft von Trainer Heiko Vogel doch noch zu. Nach einer gelungenen Kombination erzielte der eingewechselte Famana Quizera in der 88. Minute den goldenen Treffer zu einem knappen, aber unterm Strich verdienten Ausw\u00e4rtssieg.<\/p>\n<p>Und so geht&#8217;s weiter: Am Samstag (17.04.) hat der WSV erneut ein Heimspiel: Um 15:30 Uhr m\u00fcssen die Sch\u00fctzlinge von Bj\u00f6rn Mehnert im Stadion am Zoo gegen die U21 des 1. FC K\u00f6ln antreten.<span class=\"Apple-converted-space\">\u00a0<\/span><\/p>\n<p><b>Wuppertaler SV &#8211; Borussia M\u00f6nchengladbach U23 0:1 (0:0)<\/b><\/p>\n<p><b>Aufstellung des Wuppertaler SV:<\/b><\/p>\n<p>31 Sebastian Patzler \u2013 28 Lars Bender (85. 19 Furkan Tasdemir), 27 Kevin Pytlik (89. 14 Mateo Aramburu), 21 Noah Salau, 3 Moritz R\u00f6mling (90.+1 53 Burak Gencal) \u2013 10 Kevin Rodrigues Pires, 6 Joey Paul M\u00fcller \u2013 9 Beyhan Ametov (77. 24 Isaak Akritidis), 7 Semir Saric, 30 Kevin Hagemann \u2013 48 Marco K\u00f6nigs<\/p>\n<p>Trainer: Bj\u00f6rn Mehnert<\/p>\n<p><b>Stadion<\/b>: Stadion am Zoo<\/p>\n<p><b>Zuschauer<\/b>: 0<\/p>\n<p><b>Tore<\/b>: 0:1 Quizera (88.)<\/p>\n","protected":false},"excerpt":{"rendered":"<p>Erfolgsserie gerissen! Der Wuppertaler SV hat das Nachholspiel gegen die U23 von Borussia M\u00f6nchengladbach mit 0:1 (0:0) verloren. Pech f\u00fcr die Gastgeber, dass den Gladbachern in der 88. Minute doch noch der Siegtreffer gelang. Trotzdem kein unverdienter Erfolg f\u00fcr MG.<\/p>\n","protected":false},"author":7,"featured_media":0,"comment_status":"open","ping_status":"closed","sticky":false,"template":"","format":"standard","meta":{"footnotes":""},"categories":[20],"tags":[],"class_list":["post-34878","post","type-post","status-publish","format-standard","hentry","category-sport"],"publishpress_future_action":{"enabled":false,"date":"2026-05-08 21:06:49","action":"change-status","newStatus":"draft","terms":[],"taxonomy":"category","extraData":[]},"publishpress_future_workflow_manual_trigger":{"enabledWorkflows":[]},"_links":{"self":[{"href":"https:\/\/www.die-stadtzeitung.de\/index.php\/wp-json\/wp\/v2\/posts\/34878","targetHints":{"allow":["GET"]}}],"collection":[{"href":"https:\/\/www.die-stadtzeitung.de\/index.php\/wp-json\/wp\/v2\/posts"}],"about":[{"href":"https:\/\/www.die-stadtzeitung.de\/index.php\/wp-json\/wp\/v2\/types\/post"}],"author":[{"embeddable":true,"href":"https:\/\/www.die-stadtzeitung.de\/index.php\/wp-json\/wp\/v2\/users\/7"}],"replies":[{"embeddable":true,"href":"https:\/\/www.die-stadtzeitung.de\/index.php\/wp-json\/wp\/v2\/comments?post=34878"}],"version-history":[{"count":4,"href":"https:\/\/www.die-stadtzeitung.de\/index.php\/wp-json\/wp\/v2\/posts\/34878\/revisions"}],"predecessor-version":[{"id":34883,"href":"https:\/\/www.die-stadtzeitung.de\/index.php\/wp-json\/wp\/v2\/posts\/34878\/revisions\/34883"}],"wp:attachment":[{"href":"https:\/\/www.die-stadtzeitung.de\/index.php\/wp-json\/wp\/v2\/media?parent=34878"}],"wp:term":[{"taxonomy":"category","embeddable":true,"href":"https:\/\/www.die-stadtzeitung.de\/index.php\/wp-json\/wp\/v2\/categories?post=34878"},{"taxonomy":"post_tag","embeddable":true,"href":"https:\/\/www.die-stadtzeitung.de\/index.php\/wp-json\/wp\/v2\/tags?post=34878"}],"curies":[{"name":"wp","href":"https:\/\/api.w.org\/{rel}","templated":true}]}}