{"id":34850,"date":"2021-04-14T17:17:13","date_gmt":"2021-04-14T15:17:13","guid":{"rendered":"https:\/\/www.die-stadtzeitung.de\/?p=34850"},"modified":"2021-04-14T17:17:13","modified_gmt":"2021-04-14T15:17:13","slug":"leif-skogloef-malt-jetzt-farbige-hoffnungsschimmer","status":"publish","type":"post","link":"https:\/\/www.die-stadtzeitung.de\/index.php\/2021\/04\/14\/leif-skogloef-malt-jetzt-farbige-hoffnungsschimmer\/","title":{"rendered":"Leif Skogl\u00f6f malt jetzt farbige Hoffnungsschimmer"},"content":{"rendered":"<div id=\"attachment_34852\" class=\"wp-caption alignnone\" style=\"max-width: 1034px;\"><img loading=\"lazy\" decoding=\"async\" class=\"size-large wp-image-34852\" src=\"\/wp-content\/uploads\/2021\/04\/ccbb02be1d3607f85e850500e0702edc-scaled-2-1024x708.jpg\" alt=\"\" width=\"1024\" height=\"708\" \/><span class=\"wp-caption-text\">Leif Skogl\u00f6f in seinem Atelier &#8211; \u00a9 Paul Coon<\/span><\/div>\n<p>Corona ist noch lange nicht vorbei, die Galerien bleiben vorerst weiter geschlossen und auch in seiner Malschule, in normalen Zeiten eine wichtige Einnahmequelle f\u00fcr den K\u00fcnstler, liegen die Pinsel still.<\/p>\n<p>Finanziell eine schwierige Zeit f\u00fcr Leif Skogl\u00f6f und viele seiner Kolleginnen und Kollegen. Keine Einahmen aus Bilderverkauf und Malschule, aber die Kosten laufen weiter.<\/p>\n<p>Und trotzdem gelingt es dem geb\u00fcrtigen Schweden, der seit fast 40 Jahren in Wuppertal zuhause ist, k\u00fcnstlerisch einen hoffnungsvollen Blick nach vorne zu werfen.<\/p>\n<p>Das Ergebnis ist u.a. das Bild &#8222;Die Wandlung und das neue Zeitalter&#8220;<span class=\"Apple-converted-space\">\u00a0<\/span>&#8211;<span class=\"Apple-converted-space\">\u00a0<\/span>Acrylfarbe auf Leinwand &#8211; Gr\u00f6\u00dfe 40 x 40 cm. Wer will, kann es k\u00e4uflich erwerben.<\/p>\n<p>Leif Skogl\u00f6f: &#8222;Es ist nicht leicht, sich in diesen Zeiten ein frohes Gem\u00fct zu bewahren.\u00a0Aber ich bin gl\u00fccklich dar\u00fcber, das ich wieder in der Lage bin, sch\u00f6ne, reine Farben in meiner Malerei zu verwenden. Das spiegelt meine Hoffnung wider, dass alles wieder gut wird. Ich versuche eine Gef\u00fchlsebene in mir zu malen, die auch m\u00f6glicherweise auch sp\u00e4ter an diese schwierige Zeit erinnert.&#8220;<\/p>\n<p>Der beliebte K\u00fcnstler wei\u00df auch schon, wie er den ersten Abend nach dem endg\u00fcltigen Ende des Lockdowns verbringen will:. Leif Skogl\u00f6f: &#8222;Wenn alles vorbei ist, trinke ich zuhause mit meiner Frau Katja bei Kerzenlicht ein Glas Wein, aus Freude dar\u00fcber, dass es uns gut geht.&#8220; Ein sch\u00f6ner Plan&#8230;<span class=\"Apple-converted-space\">\u00a0<strong>(pp)<\/strong><\/span><\/p>\n<div id=\"attachment_34853\" class=\"wp-caption alignnone\" style=\"max-width: 799px;\"><img loading=\"lazy\" decoding=\"async\" class=\"size-full wp-image-34853\" src=\"\/wp-content\/uploads\/2021\/04\/Ohne-Titel-9.png\" alt=\"\" width=\"789\" height=\"771\" \/><span class=\"wp-caption-text\">Das Gem\u00e4lde &#8222;Die Wandlung und das neue Zeitalter&#8220; &#8211; \u00a9 Leif Skogl\u00f6f<\/span><\/div>\n<p>Wer Interesse an Leif Skogl\u00f6fs Bild<span class=\"Apple-converted-space\">\u00a0 <\/span><strong>&#8222;Die Wandlung und das neue Zeitalter&#8220;<\/strong> hat, kann sich per E-mail leifskogloef@t-online.de <span class=\"Apple-converted-space\">\u00a0<\/span>oder per Telefon 0202-63480 bei ihm melden. Der Preis: 425 \u20ac<\/p>\n<p><a href=\"http:\/\/www.skogloef.de\">http:\/\/www.skogloef.de<\/a><\/p>\n","protected":false},"excerpt":{"rendered":"<p>Der bekannte Wuppertaler Maler Leif Skogl\u00f6f hat die dunkle Phase hinter sich gelassen. Eine zeitlang strahlten seine d\u00fcsteren Bilder, die er w\u00e4hrend der Pandemie schuf, einen Hauch von Schwermut und Resignation aus. Doch jetzt greift Leif wieder ganz bewusst zu den helleren Farben. So entstehen farbige Hoffnungsschimmer.<\/p>\n","protected":false},"author":7,"featured_media":0,"comment_status":"open","ping_status":"closed","sticky":false,"template":"","format":"standard","meta":{"footnotes":""},"categories":[29],"tags":[],"class_list":["post-34850","post","type-post","status-publish","format-standard","hentry","category-kultur"],"publishpress_future_action":{"enabled":false,"date":"2026-05-09 08:01:12","action":"change-status","newStatus":"draft","terms":[],"taxonomy":"category","extraData":[]},"publishpress_future_workflow_manual_trigger":{"enabledWorkflows":[]},"_links":{"self":[{"href":"https:\/\/www.die-stadtzeitung.de\/index.php\/wp-json\/wp\/v2\/posts\/34850","targetHints":{"allow":["GET"]}}],"collection":[{"href":"https:\/\/www.die-stadtzeitung.de\/index.php\/wp-json\/wp\/v2\/posts"}],"about":[{"href":"https:\/\/www.die-stadtzeitung.de\/index.php\/wp-json\/wp\/v2\/types\/post"}],"author":[{"embeddable":true,"href":"https:\/\/www.die-stadtzeitung.de\/index.php\/wp-json\/wp\/v2\/users\/7"}],"replies":[{"embeddable":true,"href":"https:\/\/www.die-stadtzeitung.de\/index.php\/wp-json\/wp\/v2\/comments?post=34850"}],"version-history":[{"count":3,"href":"https:\/\/www.die-stadtzeitung.de\/index.php\/wp-json\/wp\/v2\/posts\/34850\/revisions"}],"predecessor-version":[{"id":34855,"href":"https:\/\/www.die-stadtzeitung.de\/index.php\/wp-json\/wp\/v2\/posts\/34850\/revisions\/34855"}],"wp:attachment":[{"href":"https:\/\/www.die-stadtzeitung.de\/index.php\/wp-json\/wp\/v2\/media?parent=34850"}],"wp:term":[{"taxonomy":"category","embeddable":true,"href":"https:\/\/www.die-stadtzeitung.de\/index.php\/wp-json\/wp\/v2\/categories?post=34850"},{"taxonomy":"post_tag","embeddable":true,"href":"https:\/\/www.die-stadtzeitung.de\/index.php\/wp-json\/wp\/v2\/tags?post=34850"}],"curies":[{"name":"wp","href":"https:\/\/api.w.org\/{rel}","templated":true}]}}