{"id":34834,"date":"2021-04-13T14:43:13","date_gmt":"2021-04-13T12:43:13","guid":{"rendered":"https:\/\/www.die-stadtzeitung.de\/?p=34834"},"modified":"2021-04-13T14:43:13","modified_gmt":"2021-04-13T12:43:13","slug":"grafikerin-entwickelte-inklusives-klima-heft-fuer-kinder","status":"publish","type":"post","link":"https:\/\/www.die-stadtzeitung.de\/index.php\/2021\/04\/13\/grafikerin-entwickelte-inklusives-klima-heft-fuer-kinder\/","title":{"rendered":"Grafikerin entwickelte inklusives Klima-Heft f\u00fcr Kinder"},"content":{"rendered":"<div id=\"attachment_34836\" class=\"wp-caption alignnone\" style=\"max-width: 766px;\"><img loading=\"lazy\" decoding=\"async\" class=\"size-full wp-image-34836\" src=\"\/wp-content\/uploads\/2021\/04\/Titelbild_gross.jpeg\" alt=\"\" width=\"756\" height=\"500\" \/><span class=\"wp-caption-text\">Das Cover des Klima-Heftes &#8211; \u00a9 Yvonne Grabowski \/ LVR<\/span><\/div>\n<p>Das Heft liegt k\u00fcnftig in allen LVR-F\u00f6rderschulen und bei Veranstaltungen des LVR zur Mitnahme bereit. Zudem ist es als barrierefreies PDF zum kostenlosen Download verf\u00fcgbar. Eine Version des Klima-Hefts in Braille-Schrift (Blindenschrift) ist in K\u00fcrze erh\u00e4ltlich.<span class=\"Apple-converted-space\">\u00a0<\/span><\/p>\n<p>Die Wuppertaler Grafikerin Yvonne Grabowski kreierte f\u00fcr dieses Klima-Heft anschauliche Illustrationen. Die farbigen Zeichnungen begleiten die jungen Leserinnen und Leser \u00a0durch die Themen Klimaschutz, Energie, Mobilit\u00e4t, Ern\u00e4hrung, Konsum und M\u00fcll. Dabei stellen die farbigen Illustrationen auch die diverse, inklusive Gesellschaft dar.<\/p>\n<p>Das Klima-Heft ist in einfacher Sprache geschrieben. Sie entspricht weitestgehend den Anforderungen der leichten Sprache, die sich an Menschen mit Lernbehinderungen richtet.<\/p>\n<p>Das Klima-Heft ist im Rahmen der LVR-Klimaschutzarbeit entstanden. Die Informationen sind nun f\u00fcr Projektwochen im Rahmen des Unterrichts oder generell als Bildungsmaterial kostenlos verf\u00fcgbar.<\/p>\n<p>Mit einem beigef\u00fcgten Bastelbogen k\u00f6nnen die Kinder ihr eigenes Steuerrad erstellen, das sie durch das Heft leitet \u2013 und so spielerisch ihren Kurs auf Klimaschutz setzen.<\/p>\n<p>Viele Kinder interessieren sich inzwischen f\u00fcr den Klimawandel und engagieren sich f\u00fcr st\u00e4rkeren Klimaschutz und Klimagerechtigkeit weltweit. Doch Schulmaterialien und Projektangebote zum Thema gab es bisher ausschlie\u00dflich f\u00fcr Regelschulen.<span class=\"Apple-converted-space\">\u00a0<\/span><\/p>\n<p>Sch\u00fclerinnen und Sch\u00fcler mit Behinderung, aber auch Millionen von Menschen in Deutschland, die Lese- und Lernschwierigkeiten haben, ben\u00f6tigen jedoch Texte, die entsprechend aufbereitet sind und Fachwissen in einfachen, leicht nachvollziehbaren S\u00e4tzen vermitteln.<span class=\"Apple-converted-space\">\u00a0<\/span><\/p>\n<p>Die Grafikwerkstatt Wuppertal wurde 2016 als Grafikwerkstatt K\u00f6ln gegr\u00fcndet. 2018 ist die Diplom-Biologin und Mediengestalterin Yvonne Grabowski (42) mit Ihrem Unternehmen in ihre Heimat Wuppertal zur\u00fcckgekehrt.<span class=\"Apple-converted-space\">\u00a0<\/span><\/p>\n<p>Hier zeichnete sie bereits f\u00fcr den pro Mirke e.V., f\u00fcr ein geplantes Familienzentrum in Wuppertal und f\u00fcr <a href=\"http:\/\/www.herausforderung.eu\/\">&#8222;Herausforderung &#8211; einfach machen!&#8220;<\/a>.<span class=\"Apple-converted-space\">\u00a0<\/span><\/p>\n<div id=\"attachment_34837\" class=\"wp-caption alignnone\" style=\"max-width: 1034px;\"><img loading=\"lazy\" decoding=\"async\" class=\"size-large wp-image-34837\" src=\"\/wp-content\/uploads\/2021\/04\/Klima-Heft_aufgeschlagen-mit-Stapel-1024x768.jpg\" alt=\"\" width=\"1024\" height=\"768\" \/><span class=\"wp-caption-text\">Das Klima-Heft mit dem Bastel-Steuerrad &#8211; \u00a9 Yvonne Grabowski \/ LVR<\/span><\/div>\n<p>Yvonne Grabowskis Schwerpunkt liegt im naturwissenschaftlichen und medizinischen Bereich: Sie illustriert haupts\u00e4chlich f\u00fcr den Westermann Verlag sowie f\u00fcr <a href=\"http:\/\/www.medicalgraphics.de\/\">medical graphics<\/a> (K\u00f6ln).<span class=\"Apple-converted-space\">\u00a0<\/span><\/p>\n<p>Jedoch unterst\u00fctzt sie gerne nachhaltige Projekte und setzt sich mit<a href=\"https:\/\/extinctionrebellion.de\/\"> Extinction Rebellion<\/a> f\u00fcr den Klimaschutz ein. Im August 2019 hat sie erfolgreich die Wuppertaler Ortsgruppe gegr\u00fcndet und ist nach wie vor hier eine treibende Kraft.<\/p>\n<p>Hier der Link zum kostenlosen Download: <a href=\"https:\/\/www.lvr.de\/media\/pressemodul\/fb03_bilder_und_dateien_1\/fb03bilderdateien2021\/21_0500-Schuelerheft_Klimaschutz-barrierefrei-6.pdf\">Dein Klima-Heft (kostenloser download) (PDF, 1,29 MB)<\/a><\/p>\n","protected":false},"excerpt":{"rendered":"<p>Die Wuppertaler Grafikerin Yvonne Grabowski (42) hat mit dem Landschaftsverband Rheinland (LVR) ein inklusives Klima-Heft entwickelt. In einfacher Sprache erkl\u00e4rt es jungen Menschen mit Lese- und Lernbeeintr\u00e4chtigungen alles Wissenswertes rund um den Klimaschutz.\u00a0<\/p>\n","protected":false},"author":7,"featured_media":0,"comment_status":"open","ping_status":"closed","sticky":false,"template":"","format":"standard","meta":{"footnotes":""},"categories":[24],"tags":[],"class_list":["post-34834","post","type-post","status-publish","format-standard","hentry","category-wuppertal"],"publishpress_future_action":{"enabled":false,"date":"2026-05-06 18:03:58","action":"change-status","newStatus":"draft","terms":[],"taxonomy":"category","extraData":[]},"publishpress_future_workflow_manual_trigger":{"enabledWorkflows":[]},"_links":{"self":[{"href":"https:\/\/www.die-stadtzeitung.de\/index.php\/wp-json\/wp\/v2\/posts\/34834","targetHints":{"allow":["GET"]}}],"collection":[{"href":"https:\/\/www.die-stadtzeitung.de\/index.php\/wp-json\/wp\/v2\/posts"}],"about":[{"href":"https:\/\/www.die-stadtzeitung.de\/index.php\/wp-json\/wp\/v2\/types\/post"}],"author":[{"embeddable":true,"href":"https:\/\/www.die-stadtzeitung.de\/index.php\/wp-json\/wp\/v2\/users\/7"}],"replies":[{"embeddable":true,"href":"https:\/\/www.die-stadtzeitung.de\/index.php\/wp-json\/wp\/v2\/comments?post=34834"}],"version-history":[{"count":5,"href":"https:\/\/www.die-stadtzeitung.de\/index.php\/wp-json\/wp\/v2\/posts\/34834\/revisions"}],"predecessor-version":[{"id":34841,"href":"https:\/\/www.die-stadtzeitung.de\/index.php\/wp-json\/wp\/v2\/posts\/34834\/revisions\/34841"}],"wp:attachment":[{"href":"https:\/\/www.die-stadtzeitung.de\/index.php\/wp-json\/wp\/v2\/media?parent=34834"}],"wp:term":[{"taxonomy":"category","embeddable":true,"href":"https:\/\/www.die-stadtzeitung.de\/index.php\/wp-json\/wp\/v2\/categories?post=34834"},{"taxonomy":"post_tag","embeddable":true,"href":"https:\/\/www.die-stadtzeitung.de\/index.php\/wp-json\/wp\/v2\/tags?post=34834"}],"curies":[{"name":"wp","href":"https:\/\/api.w.org\/{rel}","templated":true}]}}