{"id":34729,"date":"2021-04-08T13:33:23","date_gmt":"2021-04-08T11:33:23","guid":{"rendered":"https:\/\/www.die-stadtzeitung.de\/?p=34729"},"modified":"2021-05-27T08:14:22","modified_gmt":"2021-05-27T06:14:22","slug":"kabarettist-juergen-becker-ueber-das-leben-in-der-stadt","status":"publish","type":"post","link":"https:\/\/www.die-stadtzeitung.de\/index.php\/2021\/04\/08\/kabarettist-juergen-becker-ueber-das-leben-in-der-stadt\/","title":{"rendered":"Kabarettist J\u00fcrgen Becker \u00fcber das Leben in der Stadt"},"content":{"rendered":"<div class=\"ce\">\n<div class=\"grid\">\n<div class=\"grid-col-lg-offset-2 grid-col-lg-8 grid-col-sm-12\">\n<div class=\"ce__p font--p2 rt\">\n<div id=\"attachment_34731\" class=\"wp-caption alignnone\" style=\"max-width: 1010px;\"><img loading=\"lazy\" decoding=\"async\" class=\"size-full wp-image-34731\" src=\"\/wp-content\/uploads\/2021\/04\/210318_Podcast_Becker_Bierwirth.jpg\" alt=\"\" width=\"1000\" height=\"666\" \/><span class=\"wp-caption-text\">Der K\u00f6lner Kabarettist J\u00fcrgen Becker mit Anja Bierwirth, Leiterin des Forschungsbereichs Stadtwandel am Wuppertal Institut &#8211; \u00a0\u00a9 Quelle: Wuppertal Institut\/M. Meyer<\/span><\/div>\n<p>Was macht das Leben in der Stadt lebenswert?\u00a0Welche \u00c4nderungen etablieren sich langfristig? Wie kann bezahlbarer Wohnraum geschaffen werden? Welche M\u00f6glichkeiten ergeben sich durch die Digitalisierung in den St\u00e4dten? Und wie sieht nachhaltiges Leben in der Stadt der Zukunft aus?<\/p>\n<p>\u00dcber diese und weitere spannende Fragen diskutieren Anja Bierwirth, Leiterin des Forschungsbereichs Stadtwandel am Wuppertal Institut, und J\u00fcrgen Becker in der aktuellen f\u00fcnften Episode &#8222;Die Zukunft der St\u00e4dte&#8220;\u00a0des Podcasts &#8222;Zukunftswissen.fm&#8220;. Am Beispiel der Stadt K\u00f6ln werfen beide einen Blick auf nachhaltige Innovationen anderer St\u00e4dte und L\u00e4nder.<\/p>\n<p>Die Fridays-for-Future-Bewegung habe den Ausschlag f\u00fcr sein neues Programm &#8222;Die Ursache liegt in der Zukunft&#8220;\u00a0gegeben. Denn &#8222;Von der Erhitzung der Atmosph\u00e4re bis zur Abfischung der Meere: Wir sind die Generation, die nicht kapiert hat, dass es einen Widerspruch gibt zwischen Thunberg und Thunfisch&#8220;, sagt J\u00fcrgen Becker.<\/p>\n<p>Die zweite Staffel &#8222;Die Transformationsarenen des Klimaschutzes&#8220;\u00a0des Podcasts Zukunftswissen.fm widmet sich dem Klimaschutz als zentralem Thema der heutigen Zeit und beleuchtet, warum er so wichtig und notwendig ist und wie die Zukunft aussehen muss, damit das Leben auf der Erde auch f\u00fcr zuk\u00fcnftige Generationen lebenswert ist.<br \/>\nZukunftswissen.fm, der Podcast des Wuppertal Instituts, ging Anfang April 2020 mit der ersten Folge an den Start. Inzwischen ist die f\u00fcnfte Episode der zweiten Staffel online! Die neue Episode &#8222;Die Zukunft der St\u00e4dte&#8220;\u00a0ist ab sofort kostenfrei auf Apple und Google Podcasts, Spotify, Podcast.de sowie \u00fcber die Website des Wuppertal Instituts zu h\u00f6ren.<\/p>\n<p>Es wird spannend! Reinh\u00f6ren und informiert bleiben: <strong>#ZukunftswissenFM<\/strong><\/p>\n<\/div>\n<\/div>\n<\/div>\n<\/div>\n<div class=\"ce\">\n<div class=\"grid\"><\/div>\n<\/div>\n","protected":false},"excerpt":{"rendered":"<p>Was macht das Leben in der Stadt lebenswert? Der K\u00f6lner Kabarettist J\u00fcrgen Becker verbindet damit vor allem &#8222;dass man Menschen trifft, mit denen man sich nicht verabredet hat.&#8220; Doch wie hat sich das Leben in der Stadt durch die Corona-Pandemie ver\u00e4ndert? J\u00fcrgen Becker ist Protagonist vom &#8222;Zukunftswissen.fm&#8220;, dem neuenPodcast des Wuppertal Instituts.<\/p>\n","protected":false},"author":7,"featured_media":0,"comment_status":"open","ping_status":"closed","sticky":false,"template":"","format":"standard","meta":{"footnotes":""},"categories":[29],"tags":[],"class_list":["post-34729","post","type-post","status-publish","format-standard","hentry","category-kultur"],"publishpress_future_action":{"enabled":false,"date":"2026-05-05 02:29:50","action":"change-status","newStatus":"draft","terms":[],"taxonomy":"category","extraData":[]},"publishpress_future_workflow_manual_trigger":{"enabledWorkflows":[]},"_links":{"self":[{"href":"https:\/\/www.die-stadtzeitung.de\/index.php\/wp-json\/wp\/v2\/posts\/34729","targetHints":{"allow":["GET"]}}],"collection":[{"href":"https:\/\/www.die-stadtzeitung.de\/index.php\/wp-json\/wp\/v2\/posts"}],"about":[{"href":"https:\/\/www.die-stadtzeitung.de\/index.php\/wp-json\/wp\/v2\/types\/post"}],"author":[{"embeddable":true,"href":"https:\/\/www.die-stadtzeitung.de\/index.php\/wp-json\/wp\/v2\/users\/7"}],"replies":[{"embeddable":true,"href":"https:\/\/www.die-stadtzeitung.de\/index.php\/wp-json\/wp\/v2\/comments?post=34729"}],"version-history":[{"count":2,"href":"https:\/\/www.die-stadtzeitung.de\/index.php\/wp-json\/wp\/v2\/posts\/34729\/revisions"}],"predecessor-version":[{"id":34732,"href":"https:\/\/www.die-stadtzeitung.de\/index.php\/wp-json\/wp\/v2\/posts\/34729\/revisions\/34732"}],"wp:attachment":[{"href":"https:\/\/www.die-stadtzeitung.de\/index.php\/wp-json\/wp\/v2\/media?parent=34729"}],"wp:term":[{"taxonomy":"category","embeddable":true,"href":"https:\/\/www.die-stadtzeitung.de\/index.php\/wp-json\/wp\/v2\/categories?post=34729"},{"taxonomy":"post_tag","embeddable":true,"href":"https:\/\/www.die-stadtzeitung.de\/index.php\/wp-json\/wp\/v2\/tags?post=34729"}],"curies":[{"name":"wp","href":"https:\/\/api.w.org\/{rel}","templated":true}]}}