{"id":34586,"date":"2021-03-30T14:09:58","date_gmt":"2021-03-30T12:09:58","guid":{"rendered":"https:\/\/www.die-stadtzeitung.de\/?p=34586"},"modified":"2021-04-01T12:11:39","modified_gmt":"2021-04-01T10:11:39","slug":"neue-leiterin-der-landesfinanzschule-vorgestellt","status":"publish","type":"post","link":"https:\/\/www.die-stadtzeitung.de\/index.php\/2021\/03\/30\/neue-leiterin-der-landesfinanzschule-vorgestellt\/","title":{"rendered":"Neue Leiterin der Landesfinanzschule vorgestellt"},"content":{"rendered":"<div class=\"page\" title=\"Page 1\">\n<div class=\"layoutArea\">\n<div class=\"column\">\n<div id=\"attachment_34588\" class=\"wp-caption alignnone\" style=\"max-width: 1034px;\"><img loading=\"lazy\" decoding=\"async\" class=\"size-large wp-image-34588\" src=\"\/wp-content\/uploads\/2021\/03\/Sabine-Loock-1024x683.jpg\" alt=\"\" width=\"1024\" height=\"683\" \/><span class=\"wp-caption-text\">Sabine Loock, neue Leiterin der Landesfinanzschule &#8211; \u00a9 Finanzministerium NRW<\/span><\/div>\n<p>Staatssekret\u00e4r Dr. Patrick Opdenh\u00f6vel begr\u00fc\u00dfte die gelernte Juristin im Ministerium der Finanzen in D\u00fcsseldorf und ernannte sie offiziell zur neuen Schulleiterin. \u201eSabine Loock bringt fachlich alle F\u00e4higkeiten mit.\u201c, betont Staatssekret\u00e4r Dr. Opdenh\u00f6vel. \u201eSie tritt in die Fu\u00dfstapfen unseres gesch\u00e4tzten ehemaligen Kollegen Arno Bendels und wird sein innovatives, bundesweit f\u00fchrendes Erfolgskonzept der digitalen Lehre weiter vorantreiben. Bei ihr wissen wir unseren Nachwuchs f\u00fcr unsere Finanz\u00e4mter in guten H\u00e4nden.\u201c<\/p>\n<p>Auf die gelernte Juristin wartet die Aufgabe, junge Menschen auf eine T\u00e4tigkeit in einer modernen Finanzverwaltung vorzubereiten. Dieser Herausforderung will sich Sabine Loock mit h\u00f6chstem Engagement und Leidenschaft stellen. \u201eUnsere jungen zuk\u00fcnftigen Kolleginnen und Kollegen kommen hier zum ersten Mal in Kontakt mit unserer Verwaltung und dem Steuerrecht, hier erhalten sie eine hochwertige steuerrechtliche Ausbildung\u201c, sagt sie. \u201eAuf diesem Weg m\u00f6chte ich sie unterst\u00fctzen und begleiten.\u201c<\/p>\n<p>Die 60-J\u00e4hrige blickt trotz der Herausforderung des Fernlernens aufgrund der aktuellen Corona-Pandemie optimistisch nach vorne: \u201eUnsere Verwaltung nutzt schon seit Jahren digitale Lernmethoden, wie z.B. Lernvideos und interaktive iBooks. Diesem Erfolgsmodell hat sich mein Vorg\u00e4nger mit Engagement gewidmet und wir werden es weiter f\u00f6rdern. So sind wir auf die aktuelle Situation bestens vorbereitet.\u201c<\/p>\n<p>Sabine Loock arbeitet seit 1992 in der Finanzverwaltung. Sie begann als Sachgebietsleiterin im Finanzamt und war anschlie\u00dfend fast 10 Jahre Dozentin an der Hochschule f\u00fcr Finanzen des Landes Nordrhein- Westfalen. Danach war sie in der Oberfinanzdirektion als Referentin im Aus- und Fortbildungsreferat t\u00e4tig, bevor sie schlie\u00dflich als Dienststellenleiterin mehrerer Finanz\u00e4mter eingesetzt war.<\/p>\n<\/div>\n<\/div>\n<\/div>\n<div class=\"page\" title=\"Page 2\">\n<div class=\"layoutArea\">\n<div class=\"column\">\n<p>Die Landesfinanzschule ist seit dem Jahr 2015 am Standort in Wuppertal-Ronsdorf beheimatet. Dort teilt sie sich den modernen Campus mit der Justizvollzugsschule. Im Jahr 2018 kam die Au\u00dfenstelle in Bad Godesberg dazu.<\/p>\n<p>Aktuell befinden sich 447 Anw\u00e4rterinnen und Anw\u00e4rter in der zweij\u00e4hrigen Ausbildung zum Finanzwirt\/-in. F\u00fcr das kommende Jahr sind insgesamt 485 Ausbildungspl\u00e4tze zu vergeben. Informationen rund um die Ausbildung und das Berufsbild finden Interessierte auf der Karriereseite der Finanzverwaltung unter www.die-zukunft-steuern.nrw.<\/p>\n<\/div>\n<div class=\"column\">\n<p>&nbsp;<\/p>\n<\/div>\n<\/div>\n<\/div>\n","protected":false},"excerpt":{"rendered":"<p>Die Landesfinanzschule Nordrhein-Westfalen hat ab dem 1. April eine neue Leiterin: Sabine Loock, seit fast drei Jahrzehnten in der Finanzverwaltung t\u00e4tig, f\u00fchrt jetzt die Ausbildungsst\u00e4tten in Wuppertal und Bad Godesberg. Sie folgt auf den pensionierten Arno Bendels, der die Schule fast 20 Jahre lang geleitet hatte.<\/p>\n","protected":false},"author":7,"featured_media":0,"comment_status":"open","ping_status":"closed","sticky":false,"template":"","format":"standard","meta":{"footnotes":""},"categories":[26],"tags":[],"class_list":["post-34586","post","type-post","status-publish","format-standard","hentry","category-politik"],"publishpress_future_action":{"enabled":false,"date":"2026-05-05 02:30:45","action":"change-status","newStatus":"draft","terms":[],"taxonomy":"category","extraData":[]},"publishpress_future_workflow_manual_trigger":{"enabledWorkflows":[]},"_links":{"self":[{"href":"https:\/\/www.die-stadtzeitung.de\/index.php\/wp-json\/wp\/v2\/posts\/34586","targetHints":{"allow":["GET"]}}],"collection":[{"href":"https:\/\/www.die-stadtzeitung.de\/index.php\/wp-json\/wp\/v2\/posts"}],"about":[{"href":"https:\/\/www.die-stadtzeitung.de\/index.php\/wp-json\/wp\/v2\/types\/post"}],"author":[{"embeddable":true,"href":"https:\/\/www.die-stadtzeitung.de\/index.php\/wp-json\/wp\/v2\/users\/7"}],"replies":[{"embeddable":true,"href":"https:\/\/www.die-stadtzeitung.de\/index.php\/wp-json\/wp\/v2\/comments?post=34586"}],"version-history":[{"count":2,"href":"https:\/\/www.die-stadtzeitung.de\/index.php\/wp-json\/wp\/v2\/posts\/34586\/revisions"}],"predecessor-version":[{"id":34589,"href":"https:\/\/www.die-stadtzeitung.de\/index.php\/wp-json\/wp\/v2\/posts\/34586\/revisions\/34589"}],"wp:attachment":[{"href":"https:\/\/www.die-stadtzeitung.de\/index.php\/wp-json\/wp\/v2\/media?parent=34586"}],"wp:term":[{"taxonomy":"category","embeddable":true,"href":"https:\/\/www.die-stadtzeitung.de\/index.php\/wp-json\/wp\/v2\/categories?post=34586"},{"taxonomy":"post_tag","embeddable":true,"href":"https:\/\/www.die-stadtzeitung.de\/index.php\/wp-json\/wp\/v2\/tags?post=34586"}],"curies":[{"name":"wp","href":"https:\/\/api.w.org\/{rel}","templated":true}]}}