{"id":34366,"date":"2021-03-22T09:52:35","date_gmt":"2021-03-22T08:52:35","guid":{"rendered":"https:\/\/www.die-stadtzeitung.de\/?p=34366"},"modified":"2021-03-22T09:52:35","modified_gmt":"2021-03-22T08:52:35","slug":"junior-uni-digital-neue-videos-zum-thema-corona-testung","status":"publish","type":"post","link":"https:\/\/www.die-stadtzeitung.de\/index.php\/2021\/03\/22\/junior-uni-digital-neue-videos-zum-thema-corona-testung\/","title":{"rendered":"Junior Uni DigiTal: Neue Videos zum Thema Corona-Testung"},"content":{"rendered":"<div id=\"attachment_34369\" class=\"wp-caption alignnone\" style=\"max-width: 1034px;\"><img loading=\"lazy\" decoding=\"async\" class=\"size-large wp-image-34369\" src=\"\/wp-content\/uploads\/2021\/03\/Abstrich-Corona-Test-2-1024x787.jpg\" alt=\"\" width=\"1024\" height=\"787\" \/><span class=\"wp-caption-text\">Den Weg vom Corona-Test bis zum Ergebnis im Labor zeigt die neue Videoreihe der Junior Uni anschaulich f\u00fcr Kinder, Jugendliche und junge Erwachsene &#8211; \u00a9 Foto: Junior Uni<\/span><\/div>\n<p>In einer neuen Videoreihe der Wuppertaler Junior Uni f\u00fcr das Bergische Land \u2013 bestehend aus drei Kurzvideos &#8211; erhalten Kinder, Jugendliche und junge Erwachsene alle wichtigen Informationen \u00fcber die korrekte Durchf\u00fchrung eines Corona-Tests, die Unterschiede der verschiedenen Testverfahren und die Abl\u00e4ufe im Labor.<\/p>\n<p>Die Begriffe Antigen-, Antik\u00f6rper- und PCR-Test hat mittlerweile sicherlich jeder geh\u00f6rt. Aber was steckt dahinter? Gemeinsam mit Junior Uni-Dozent Dr. Michael B\u00f6ttger von der Bayer AG und dem Labor MVZ SYNLAB Leverkusen GmbH geht die Junior Uni spannenden Fragen im Hinblick auf die Corona-Testung nach: Angefangen bei dem Abstrich des Nasen- und Rachenraums beim Arzt, \u00fcber den Aufbau eines Corona-Virus und die Methoden zur Erkennung einer m\u00f6glichen Infektion mit Hilfe der Polymerase-Kettenreaktion (PCR). Was passiert eigentlich im Labor bis zum Vorliegen eines positiven oder negativen Ergebnisses?<\/p>\n<p>In diesen Videos wirft die Junior Uni gemeinsam mit Experten einen Blick hinter die Kulissen. \u201eUns ist es wichtig, diesen vielschichtigen und komplexen Prozess so transparent und erkl\u00e4rend wie m\u00f6glich zu veranschaulichen, damit junge Menschen verstehen, wie mit einem PCR-Test oder mit Hilfe eines Schnelltests eine Infektion mit dem Coronavirus nachgewiesen werden kann\u201c, blickt Dr. Ariane Staab, Gesch\u00e4ftsf\u00fchrerin der Junior Uni, auf den Videodreh zur\u00fcck.<\/p>\n<p>Die Videos sind ab sofort auf der Homepage und dem YouTube-Kanal der Junior Uni zu sehen: <a href=\"https:\/\/youtube.com\/playlist?list=PLNkVToLUfmrCdDcP0utDpJOsK8WBC9php\">https:\/\/youtube.com\/playlist?list=PLNkVToLUfmrCdDcP0utDpJOsK8WBC9php<\/a><\/p>\n<p>Alle Informationen gibt es auch unter <a href=\"http:\/\/www.junioruni-wuppertal.de\/\">www.junioruni-wuppertal.de<\/a>.<\/p>\n<p><strong>\u00a0<\/strong><\/p>\n<p>&nbsp;<\/p>\n<p>&nbsp;<\/p>\n","protected":false},"excerpt":{"rendered":"<p>Der Weg vom Abstrich zum Ergebnis.\u00a0Was ist ein Corona Schnelltest, was ein PCR-Test? Wie wird ein Corona-Test richtig durchgef\u00fchrt? Und was genau passiert eigentlich hinter den Kulissen in einem Test-Labor?<\/p>\n","protected":false},"author":7,"featured_media":0,"comment_status":"open","ping_status":"closed","sticky":false,"template":"","format":"standard","meta":{"footnotes":""},"categories":[27],"tags":[],"class_list":["post-34366","post","type-post","status-publish","format-standard","hentry","category-wissen"],"publishpress_future_action":{"enabled":false,"date":"2026-05-04 16:04:04","action":"change-status","newStatus":"draft","terms":[],"taxonomy":"category","extraData":[]},"publishpress_future_workflow_manual_trigger":{"enabledWorkflows":[]},"_links":{"self":[{"href":"https:\/\/www.die-stadtzeitung.de\/index.php\/wp-json\/wp\/v2\/posts\/34366","targetHints":{"allow":["GET"]}}],"collection":[{"href":"https:\/\/www.die-stadtzeitung.de\/index.php\/wp-json\/wp\/v2\/posts"}],"about":[{"href":"https:\/\/www.die-stadtzeitung.de\/index.php\/wp-json\/wp\/v2\/types\/post"}],"author":[{"embeddable":true,"href":"https:\/\/www.die-stadtzeitung.de\/index.php\/wp-json\/wp\/v2\/users\/7"}],"replies":[{"embeddable":true,"href":"https:\/\/www.die-stadtzeitung.de\/index.php\/wp-json\/wp\/v2\/comments?post=34366"}],"version-history":[{"count":2,"href":"https:\/\/www.die-stadtzeitung.de\/index.php\/wp-json\/wp\/v2\/posts\/34366\/revisions"}],"predecessor-version":[{"id":34370,"href":"https:\/\/www.die-stadtzeitung.de\/index.php\/wp-json\/wp\/v2\/posts\/34366\/revisions\/34370"}],"wp:attachment":[{"href":"https:\/\/www.die-stadtzeitung.de\/index.php\/wp-json\/wp\/v2\/media?parent=34366"}],"wp:term":[{"taxonomy":"category","embeddable":true,"href":"https:\/\/www.die-stadtzeitung.de\/index.php\/wp-json\/wp\/v2\/categories?post=34366"},{"taxonomy":"post_tag","embeddable":true,"href":"https:\/\/www.die-stadtzeitung.de\/index.php\/wp-json\/wp\/v2\/tags?post=34366"}],"curies":[{"name":"wp","href":"https:\/\/api.w.org\/{rel}","templated":true}]}}